{"id":44916,"date":"2025-05-29T07:42:23","date_gmt":"2025-05-29T05:42:23","guid":{"rendered":"https:\/\/blogs.diariosur.es\/tormentas-y-rayos\/?p=44916"},"modified":"2025-10-05T17:58:51","modified_gmt":"2025-10-05T15:58:51","slug":"llegara-el-terral-a-malaga-se-activan-avisos-amarillos-y-naranjas-por-altas-temperaturas-en-andalucia","status":"publish","type":"post","link":"https:\/\/blogs.diariosur.es\/tormentas-y-rayos\/2025\/05\/29\/llegara-el-terral-a-malaga-se-activan-avisos-amarillos-y-naranjas-por-altas-temperaturas-en-andalucia\/","title":{"rendered":"\u00bfLlegar\u00e1 el terral a M\u00e1laga? Se activan avisos amarillos y naranjas por altas temperaturas en Andaluc\u00eda."},"content":{"rendered":"<p><a href=\"https:\/\/static-blogs.diariosur.es\/wp-content\/uploads\/sites\/12\/2025\/05\/474591997_10231480374091459_5977821584942016476_n.jpg\"><img loading=\"lazy\" class=\"aligncenter size-thumbnail wp-image-44655\" src=\"https:\/\/static-blogs.diariosur.es\/wp-content\/uploads\/sites\/12\/2025\/05\/474591997_10231480374091459_5977821584942016476_n-150x150.jpg\" alt=\"\" width=\"150\" height=\"150\" srcset=\"https:\/\/static-blogs.diariosur.es\/wp-content\/uploads\/sites\/12\/2025\/05\/474591997_10231480374091459_5977821584942016476_n-150x150.jpg 150w, https:\/\/static-blogs.diariosur.es\/wp-content\/uploads\/sites\/12\/2025\/05\/474591997_10231480374091459_5977821584942016476_n-400x400.jpg 400w, https:\/\/static-blogs.diariosur.es\/wp-content\/uploads\/sites\/12\/2025\/05\/474591997_10231480374091459_5977821584942016476_n-408x408.jpg 408w, https:\/\/static-blogs.diariosur.es\/wp-content\/uploads\/sites\/12\/2025\/05\/474591997_10231480374091459_5977821584942016476_n-768x768.jpg 768w, https:\/\/static-blogs.diariosur.es\/wp-content\/uploads\/sites\/12\/2025\/05\/474591997_10231480374091459_5977821584942016476_n.jpg 1000w\" sizes=\"(max-width: 150px) 100vw, 150px\" \/><\/a><\/p>\n<p data-pm-slice=\"1 1 []\">Buenos d\u00edas, amigos de la meteo. Con los modelos actualizados, ser\u00e1 el viernes y s\u00e1bado cuando se alcancen las temperaturas m\u00e1ximas y m\u00ednimas m\u00e1s elevadas en Andaluc\u00eda.<\/p>\n<p>Para que no os pong\u00e1is nerviosos, no espero terral en las zonas habituales de la provincia de M\u00e1laga, pero har\u00e1 calor, sobre todo el s\u00e1bado.<\/p>\n<h3><strong>Predicci\u00f3n viernes 30 de mayo<\/strong><\/h3>\n<p>Ma\u00f1ana\u00a0viernes se ha activado el aviso naranja en la campi\u00f1a sevillana por temperaturas de 40 \u00baC, en la campi\u00f1a cordobesa el amarillo por 39\u00b0C, pero pueden llegar en algunos a los 40.<\/p>\n<p>En el litoral de Huelva se activa el amarillo por 36 \u00baC; en la zona de And\u00e9valo y Condado, por 39 \u00baC; en El Granado pueden llegar a los 40.<\/p>\n<p>En la provincia de Ja\u00e9n, Valle del Guadalquivir, Morena y Condado, Cazorla y Segura, el aviso amarillo por 38 \u00baC.<\/p>\n<p>Las dem\u00e1s provincias no entran en aviso.<\/p>\n<p>&nbsp;<\/p>\n<p><a href=\"https:\/\/static-blogs.diariosur.es\/wp-content\/uploads\/sites\/12\/2025\/05\/aviso-viernes.jpg\"><img loading=\"lazy\" class=\"aligncenter size-full wp-image-44925\" src=\"https:\/\/static-blogs.diariosur.es\/wp-content\/uploads\/sites\/12\/2025\/05\/aviso-viernes.jpg\" alt=\"\" width=\"1045\" height=\"811\" srcset=\"https:\/\/static-blogs.diariosur.es\/wp-content\/uploads\/sites\/12\/2025\/05\/aviso-viernes.jpg 1045w, https:\/\/static-blogs.diariosur.es\/wp-content\/uploads\/sites\/12\/2025\/05\/aviso-viernes-515x400.jpg 515w, https:\/\/static-blogs.diariosur.es\/wp-content\/uploads\/sites\/12\/2025\/05\/aviso-viernes-526x408.jpg 526w, https:\/\/static-blogs.diariosur.es\/wp-content\/uploads\/sites\/12\/2025\/05\/aviso-viernes-768x596.jpg 768w\" sizes=\"(max-width: 1045px) 100vw, 1045px\" \/><\/a><\/p>\n<p>&nbsp;<\/p>\n<p>Os paogo las m\u00e1ximas y m\u00ednimas que prev\u00e9 la Aemet para el viernes en la provincia de M\u00e1laga y Andaluc\u00eda<\/p>\n<p>&nbsp;<\/p>\n<p><a href=\"https:\/\/static-blogs.diariosur.es\/wp-content\/uploads\/sites\/12\/2025\/05\/viernes-andalucia.jpg\"><img loading=\"lazy\" class=\"aligncenter size-full wp-image-44920\" src=\"https:\/\/static-blogs.diariosur.es\/wp-content\/uploads\/sites\/12\/2025\/05\/viernes-andalucia.jpg\" alt=\"\" width=\"1033\" height=\"817\" srcset=\"https:\/\/static-blogs.diariosur.es\/wp-content\/uploads\/sites\/12\/2025\/05\/viernes-andalucia.jpg 1033w, https:\/\/static-blogs.diariosur.es\/wp-content\/uploads\/sites\/12\/2025\/05\/viernes-andalucia-506x400.jpg 506w, https:\/\/static-blogs.diariosur.es\/wp-content\/uploads\/sites\/12\/2025\/05\/viernes-andalucia-516x408.jpg 516w, https:\/\/static-blogs.diariosur.es\/wp-content\/uploads\/sites\/12\/2025\/05\/viernes-andalucia-768x607.jpg 768w\" sizes=\"(max-width: 1033px) 100vw, 1033px\" \/><\/a><\/p>\n<p><a href=\"https:\/\/static-blogs.diariosur.es\/wp-content\/uploads\/sites\/12\/2025\/05\/viernes-malaga.jpg\"><img loading=\"lazy\" class=\"aligncenter size-full wp-image-44921\" src=\"https:\/\/static-blogs.diariosur.es\/wp-content\/uploads\/sites\/12\/2025\/05\/viernes-malaga.jpg\" alt=\"\" width=\"1045\" height=\"813\" srcset=\"https:\/\/static-blogs.diariosur.es\/wp-content\/uploads\/sites\/12\/2025\/05\/viernes-malaga.jpg 1045w, https:\/\/static-blogs.diariosur.es\/wp-content\/uploads\/sites\/12\/2025\/05\/viernes-malaga-514x400.jpg 514w, https:\/\/static-blogs.diariosur.es\/wp-content\/uploads\/sites\/12\/2025\/05\/viernes-malaga-524x408.jpg 524w, https:\/\/static-blogs.diariosur.es\/wp-content\/uploads\/sites\/12\/2025\/05\/viernes-malaga-768x597.jpg 768w\" sizes=\"(max-width: 1045px) 100vw, 1045px\" \/><\/a><\/p>\n<p>&nbsp;<\/p>\n<p data-pm-slice=\"1 1 []\">Reedito: Se activa el aviso amarillo por altas temperaturas de 38 \u00b0C en la campi\u00f1a de la provincia de C\u00e1diz.<\/p>\n<p>El s\u00e1bado, de momento, se han activado casi los mismos avisos que el viernes. Luego m\u00e1s tarde veremos si actualizan los avisos y entran otras provincias.<\/p>\n<p>Aviso naranja en la campi\u00f1a sevillana por temperaturas de 40 \u00baC; en la campi\u00f1a cordobesa, el amarillo por 39\u00b0C, pero pueden llegar en algunos puntos a los 40.<\/p>\n<p>En el litoral de Huelva se activa el amarillo por 36 \u00baC; en la zona de And\u00e9valo y Condado, por 39 \u00baC; en El Granado pueden llegar a los 40.<\/p>\n<p>En la provincia de Ja\u00e9n, Valle del Guadalquivir, Morena y Condado, el aviso amarillo por 39 \u00baC. Las dem\u00e1s provincias no entran en aviso.<\/p>\n<p>&nbsp;<\/p>\n<p><a href=\"https:\/\/static-blogs.diariosur.es\/wp-content\/uploads\/sites\/12\/2025\/05\/z-4.jpg\"><img loading=\"lazy\" class=\"aligncenter size-full wp-image-44931\" src=\"https:\/\/static-blogs.diariosur.es\/wp-content\/uploads\/sites\/12\/2025\/05\/z-4.jpg\" alt=\"\" width=\"1032\" height=\"817\" srcset=\"https:\/\/static-blogs.diariosur.es\/wp-content\/uploads\/sites\/12\/2025\/05\/z-4.jpg 1032w, https:\/\/static-blogs.diariosur.es\/wp-content\/uploads\/sites\/12\/2025\/05\/z-4-505x400.jpg 505w, https:\/\/static-blogs.diariosur.es\/wp-content\/uploads\/sites\/12\/2025\/05\/z-4-515x408.jpg 515w, https:\/\/static-blogs.diariosur.es\/wp-content\/uploads\/sites\/12\/2025\/05\/z-4-768x608.jpg 768w\" sizes=\"(max-width: 1032px) 100vw, 1032px\" \/><\/a><\/p>\n<p>&nbsp;<\/p>\n<p>&nbsp;<\/p>\n<p>&nbsp;<\/p>\n<p>&nbsp;<\/p>\n<p><a href=\"https:\/\/static-blogs.diariosur.es\/wp-content\/uploads\/sites\/12\/2025\/05\/sabado-andalucia.jpg\"><img loading=\"lazy\" class=\"aligncenter size-full wp-image-44926\" src=\"https:\/\/static-blogs.diariosur.es\/wp-content\/uploads\/sites\/12\/2025\/05\/sabado-andalucia.jpg\" alt=\"\" width=\"1042\" height=\"822\" srcset=\"https:\/\/static-blogs.diariosur.es\/wp-content\/uploads\/sites\/12\/2025\/05\/sabado-andalucia.jpg 1042w, https:\/\/static-blogs.diariosur.es\/wp-content\/uploads\/sites\/12\/2025\/05\/sabado-andalucia-507x400.jpg 507w, https:\/\/static-blogs.diariosur.es\/wp-content\/uploads\/sites\/12\/2025\/05\/sabado-andalucia-517x408.jpg 517w, https:\/\/static-blogs.diariosur.es\/wp-content\/uploads\/sites\/12\/2025\/05\/sabado-andalucia-768x606.jpg 768w\" sizes=\"(max-width: 1042px) 100vw, 1042px\" \/><\/a><\/p>\n<p><a href=\"https:\/\/static-blogs.diariosur.es\/wp-content\/uploads\/sites\/12\/2025\/05\/zzzzz.jpg\"><img loading=\"lazy\" class=\"aligncenter size-full wp-image-44928\" src=\"https:\/\/static-blogs.diariosur.es\/wp-content\/uploads\/sites\/12\/2025\/05\/zzzzz.jpg\" alt=\"\" width=\"1039\" height=\"808\" srcset=\"https:\/\/static-blogs.diariosur.es\/wp-content\/uploads\/sites\/12\/2025\/05\/zzzzz.jpg 1039w, https:\/\/static-blogs.diariosur.es\/wp-content\/uploads\/sites\/12\/2025\/05\/zzzzz-514x400.jpg 514w, https:\/\/static-blogs.diariosur.es\/wp-content\/uploads\/sites\/12\/2025\/05\/zzzzz-525x408.jpg 525w, https:\/\/static-blogs.diariosur.es\/wp-content\/uploads\/sites\/12\/2025\/05\/zzzzz-768x597.jpg 768w\" sizes=\"(max-width: 1039px) 100vw, 1039px\" \/><\/a><\/p>\n<p>&nbsp;<\/p>\n<p>&nbsp;<\/p>\n<p>Ma\u00f1ana os dar\u00e9 la predicci\u00f3n del domingo.<\/p>\n","protected":false},"excerpt":{"rendered":"<p>Buenos d\u00edas, amigos de la meteo. Con los modelos actualizados, ser\u00e1 el viernes y s\u00e1bado cuando se alcancen las temperaturas m\u00e1ximas y m\u00ednimas m\u00e1s elevadas en Andaluc\u00eda. Para que no os pong\u00e1is nerviosos, no espero terral en las zonas habituales de la provincia de M\u00e1laga, pero har\u00e1 calor, sobre todo el s\u00e1bado. Predicci\u00f3n viernes 30 [&hellip;]<\/p>\n","protected":false},"author":16,"featured_media":44929,"comment_status":"open","ping_status":"open","sticky":false,"template":"","format":"standard","meta":[],"categories":[2],"tags":[81,94,100,151,212,358,587,962,975],"_links":{"self":[{"href":"https:\/\/blogs.diariosur.es\/tormentas-y-rayos\/wp-json\/wp\/v2\/posts\/44916"}],"collection":[{"href":"https:\/\/blogs.diariosur.es\/tormentas-y-rayos\/wp-json\/wp\/v2\/posts"}],"about":[{"href":"https:\/\/blogs.diariosur.es\/tormentas-y-rayos\/wp-json\/wp\/v2\/types\/post"}],"author":[{"embeddable":true,"href":"https:\/\/blogs.diariosur.es\/tormentas-y-rayos\/wp-json\/wp\/v2\/users\/16"}],"replies":[{"embeddable":true,"href":"https:\/\/blogs.diariosur.es\/tormentas-y-rayos\/wp-json\/wp\/v2\/comments?post=44916"}],"version-history":[{"count":10,"href":"https:\/\/blogs.diariosur.es\/tormentas-y-rayos\/wp-json\/wp\/v2\/posts\/44916\/revisions"}],"predecessor-version":[{"id":46623,"href":"https:\/\/blogs.diariosur.es\/tormentas-y-rayos\/wp-json\/wp\/v2\/posts\/44916\/revisions\/46623"}],"wp:featuredmedia":[{"embeddable":true,"href":"https:\/\/blogs.diariosur.es\/tormentas-y-rayos\/wp-json\/wp\/v2\/media\/44929"}],"wp:attachment":[{"href":"https:\/\/blogs.diariosur.es\/tormentas-y-rayos\/wp-json\/wp\/v2\/media?parent=44916"}],"wp:term":[{"taxonomy":"category","embeddable":true,"href":"https:\/\/blogs.diariosur.es\/tormentas-y-rayos\/wp-json\/wp\/v2\/categories?post=44916"},{"taxonomy":"post_tag","embeddable":true,"href":"https:\/\/blogs.diariosur.es\/tormentas-y-rayos\/wp-json\/wp\/v2\/tags?post=44916"}],"curies":[{"name":"wp","href":"https:\/\/api.w.org\/{rel}","templated":true}]}}