{"id":44934,"date":"2025-05-29T09:33:14","date_gmt":"2025-05-29T07:33:14","guid":{"rendered":"https:\/\/blogs.diariosur.es\/tormentas-y-rayos\/?p=44934"},"modified":"2025-10-05T11:37:51","modified_gmt":"2025-10-05T09:37:51","slug":"zonas-de-la-provincia-de-malaga-registran-la-primera-noche-tropical-del-ano","status":"publish","type":"post","link":"https:\/\/blogs.diariosur.es\/tormentas-y-rayos\/2025\/05\/29\/zonas-de-la-provincia-de-malaga-registran-la-primera-noche-tropical-del-ano\/","title":{"rendered":"Zonas de la provincia de M\u00e1laga registran la primera noche tropical del a\u00f1o"},"content":{"rendered":"<p><a href=\"https:\/\/static-blogs.diariosur.es\/wp-content\/uploads\/sites\/12\/2025\/05\/474591997_10231480374091459_5977821584942016476_n.jpg\"><img loading=\"lazy\" class=\"aligncenter size-thumbnail wp-image-44655\" src=\"https:\/\/static-blogs.diariosur.es\/wp-content\/uploads\/sites\/12\/2025\/05\/474591997_10231480374091459_5977821584942016476_n-150x150.jpg\" alt=\"\" width=\"150\" height=\"150\" srcset=\"https:\/\/static-blogs.diariosur.es\/wp-content\/uploads\/sites\/12\/2025\/05\/474591997_10231480374091459_5977821584942016476_n-150x150.jpg 150w, https:\/\/static-blogs.diariosur.es\/wp-content\/uploads\/sites\/12\/2025\/05\/474591997_10231480374091459_5977821584942016476_n-400x400.jpg 400w, https:\/\/static-blogs.diariosur.es\/wp-content\/uploads\/sites\/12\/2025\/05\/474591997_10231480374091459_5977821584942016476_n-408x408.jpg 408w, https:\/\/static-blogs.diariosur.es\/wp-content\/uploads\/sites\/12\/2025\/05\/474591997_10231480374091459_5977821584942016476_n-768x768.jpg 768w, https:\/\/static-blogs.diariosur.es\/wp-content\/uploads\/sites\/12\/2025\/05\/474591997_10231480374091459_5977821584942016476_n.jpg 1000w\" sizes=\"(max-width: 150px) 100vw, 150px\" \/><\/a><\/p>\n<p>Hola de nuevo, amigos de la meteo. Antes de poneros los gr\u00e1ficos de temperatura, os pongo el enlace al post que actualice esta ma\u00f1ana temprano<\/p>\n<p><a href=\"https:\/\/blogs.diariosur.es\/tormentas-y-rayos\/2025\/05\/29\/llegara-el-terral-a-malaga-se-activan-avisos-amarillos-y-naranjas-por-altas-temperaturas-en-andalucia\/\"><strong>\u00bfTENDREMOS TERRAL?<\/strong><\/a><\/p>\n<p data-pm-slice=\"1 1 []\">El t\u00e9rmino\u00a0<strong>&#8216;noche tropical&#8217;<\/strong> se utiliza para describir todas aquellas noches donde se registran temperaturas por encima de los 20 \u00baC.<\/p>\n<p>Luego est\u00e1n las noches t\u00f3rridas o ecuatoriales que por la noche sobrepasan los 25 \u00baC.<\/p>\n<p>Os pongo a continuaci\u00f3n gr\u00e1ficas de temperatura que se ha dado esta pasada madrugada en algunos puntos de la provincia malague\u00f1a. En otras zonas no se ha dado noche tropical.<\/p>\n<p>Curioso que la estaci\u00f3n de la Aemet del Puerto no ha bajado de 20 \u00baC; en cambio, la del Aeropuerto y Centro Meteorol\u00f3gico s\u00ed. Hemos tenido zonas dentro de la capital donde ha hecho m\u00e1s calor y otras menos. Es la primera vez en el a\u00f1o que he sudado.<\/p>\n<p>&nbsp;<\/p>\n<p>&nbsp;<\/p>\n<p><a href=\"https:\/\/static-blogs.diariosur.es\/wp-content\/uploads\/sites\/12\/2025\/05\/antequera-e1748502771838.jpg\"><img loading=\"lazy\" class=\"aligncenter size-full wp-image-44935\" src=\"https:\/\/static-blogs.diariosur.es\/wp-content\/uploads\/sites\/12\/2025\/05\/antequera-e1748502771838.jpg\" alt=\"\" width=\"1200\" height=\"538\" \/><\/a><\/p>\n<p>&nbsp;<\/p>\n<p><a href=\"https:\/\/static-blogs.diariosur.es\/wp-content\/uploads\/sites\/12\/2025\/05\/aslpandeire-e1748502782916.jpg\"><img loading=\"lazy\" class=\"aligncenter size-full wp-image-44936\" src=\"https:\/\/static-blogs.diariosur.es\/wp-content\/uploads\/sites\/12\/2025\/05\/aslpandeire-e1748502782916.jpg\" alt=\"\" width=\"1200\" height=\"526\" \/><\/a><\/p>\n<p>&nbsp;<\/p>\n<p><a href=\"https:\/\/static-blogs.diariosur.es\/wp-content\/uploads\/sites\/12\/2025\/05\/fuente-de-piedra-e1748502795928.jpg\"><img loading=\"lazy\" class=\"aligncenter size-full wp-image-44937\" src=\"https:\/\/static-blogs.diariosur.es\/wp-content\/uploads\/sites\/12\/2025\/05\/fuente-de-piedra-e1748502795928.jpg\" alt=\"\" width=\"1200\" height=\"523\" \/><\/a><\/p>\n<p>&nbsp;<\/p>\n<p><a href=\"https:\/\/static-blogs.diariosur.es\/wp-content\/uploads\/sites\/12\/2025\/05\/gaucin-e1748502811857.jpg\"><img loading=\"lazy\" class=\"aligncenter size-full wp-image-44938\" src=\"https:\/\/static-blogs.diariosur.es\/wp-content\/uploads\/sites\/12\/2025\/05\/gaucin-e1748502811857.jpg\" alt=\"\" width=\"1200\" height=\"544\" \/><\/a><\/p>\n<p>&nbsp;<\/p>\n<p><a href=\"https:\/\/static-blogs.diariosur.es\/wp-content\/uploads\/sites\/12\/2025\/05\/ronda-1-e1748502824142.jpg\"><img loading=\"lazy\" class=\"aligncenter size-full wp-image-44939\" src=\"https:\/\/static-blogs.diariosur.es\/wp-content\/uploads\/sites\/12\/2025\/05\/ronda-1-e1748502826472.jpg\" alt=\"\" width=\"1200\" height=\"543\" \/><\/a><\/p>\n","protected":false},"excerpt":{"rendered":"<p>Hola de nuevo, amigos de la meteo. Antes de poneros los gr\u00e1ficos de temperatura, os pongo el enlace al post que actualice esta ma\u00f1ana temprano \u00bfTENDREMOS TERRAL? El t\u00e9rmino\u00a0&#8216;noche tropical&#8217; se utiliza para describir todas aquellas noches donde se registran temperaturas por encima de los 20 \u00baC. Luego est\u00e1n las noches t\u00f3rridas o ecuatoriales que [&hellip;]<\/p>\n","protected":false},"author":16,"featured_media":44941,"comment_status":"open","ping_status":"open","sticky":false,"template":"","format":"standard","meta":[],"categories":[2],"tags":[358,587,704,1026],"_links":{"self":[{"href":"https:\/\/blogs.diariosur.es\/tormentas-y-rayos\/wp-json\/wp\/v2\/posts\/44934"}],"collection":[{"href":"https:\/\/blogs.diariosur.es\/tormentas-y-rayos\/wp-json\/wp\/v2\/posts"}],"about":[{"href":"https:\/\/blogs.diariosur.es\/tormentas-y-rayos\/wp-json\/wp\/v2\/types\/post"}],"author":[{"embeddable":true,"href":"https:\/\/blogs.diariosur.es\/tormentas-y-rayos\/wp-json\/wp\/v2\/users\/16"}],"replies":[{"embeddable":true,"href":"https:\/\/blogs.diariosur.es\/tormentas-y-rayos\/wp-json\/wp\/v2\/comments?post=44934"}],"version-history":[{"count":4,"href":"https:\/\/blogs.diariosur.es\/tormentas-y-rayos\/wp-json\/wp\/v2\/posts\/44934\/revisions"}],"predecessor-version":[{"id":46606,"href":"https:\/\/blogs.diariosur.es\/tormentas-y-rayos\/wp-json\/wp\/v2\/posts\/44934\/revisions\/46606"}],"wp:featuredmedia":[{"embeddable":true,"href":"https:\/\/blogs.diariosur.es\/tormentas-y-rayos\/wp-json\/wp\/v2\/media\/44941"}],"wp:attachment":[{"href":"https:\/\/blogs.diariosur.es\/tormentas-y-rayos\/wp-json\/wp\/v2\/media?parent=44934"}],"wp:term":[{"taxonomy":"category","embeddable":true,"href":"https:\/\/blogs.diariosur.es\/tormentas-y-rayos\/wp-json\/wp\/v2\/categories?post=44934"},{"taxonomy":"post_tag","embeddable":true,"href":"https:\/\/blogs.diariosur.es\/tormentas-y-rayos\/wp-json\/wp\/v2\/tags?post=44934"}],"curies":[{"name":"wp","href":"https:\/\/api.w.org\/{rel}","templated":true}]}}