{"id":44945,"date":"2025-05-30T09:45:59","date_gmt":"2025-05-30T07:45:59","guid":{"rendered":"https:\/\/blogs.diariosur.es\/tormentas-y-rayos\/?p=44945"},"modified":"2025-10-05T11:35:48","modified_gmt":"2025-10-05T09:35:48","slug":"el-primer-terral-del-verano-meteorologico-llegara-a-la-provincia-de-malaga-el-martes-que-temperatura-del-agua-del-mar-tenemos","status":"publish","type":"post","link":"https:\/\/blogs.diariosur.es\/tormentas-y-rayos\/2025\/05\/30\/el-primer-terral-del-verano-meteorologico-llegara-a-la-provincia-de-malaga-el-martes-que-temperatura-del-agua-del-mar-tenemos\/","title":{"rendered":"El primer terral del verano meteorol\u00f3gico llegar\u00e1 a la provincia de M\u00e1laga el martes. \u00bfQu\u00e9 temperatura del agua del mar tenemos?"},"content":{"rendered":"<p><a href=\"https:\/\/static-blogs.diariosur.es\/wp-content\/uploads\/sites\/12\/2025\/05\/474591997_10231480374091459_5977821584942016476_n.jpg\"><img loading=\"lazy\" class=\"aligncenter size-thumbnail wp-image-44655\" src=\"https:\/\/static-blogs.diariosur.es\/wp-content\/uploads\/sites\/12\/2025\/05\/474591997_10231480374091459_5977821584942016476_n-150x150.jpg\" alt=\"\" width=\"150\" height=\"150\" srcset=\"https:\/\/static-blogs.diariosur.es\/wp-content\/uploads\/sites\/12\/2025\/05\/474591997_10231480374091459_5977821584942016476_n-150x150.jpg 150w, https:\/\/static-blogs.diariosur.es\/wp-content\/uploads\/sites\/12\/2025\/05\/474591997_10231480374091459_5977821584942016476_n-400x400.jpg 400w, https:\/\/static-blogs.diariosur.es\/wp-content\/uploads\/sites\/12\/2025\/05\/474591997_10231480374091459_5977821584942016476_n-408x408.jpg 408w, https:\/\/static-blogs.diariosur.es\/wp-content\/uploads\/sites\/12\/2025\/05\/474591997_10231480374091459_5977821584942016476_n-768x768.jpg 768w, https:\/\/static-blogs.diariosur.es\/wp-content\/uploads\/sites\/12\/2025\/05\/474591997_10231480374091459_5977821584942016476_n.jpg 1000w\" sizes=\"(max-width: 150px) 100vw, 150px\" \/><\/a><\/p>\n<p data-pm-slice=\"1 1 []\">Buenos d\u00edas, amigos de la meteo. Con los modelos actualizados, hay una probabilidad alta de que el martes d\u00eda 3 tengamos el primer terral del verano meteorol\u00f3gico. Este d\u00eda tendremos una masa de aire fresquita a 850 hPa (1500 m) en la pen\u00ednsula; esto traer\u00e1 consigo que las temperaturas m\u00e1ximas en las zonas habituales donde sople terral rondar\u00e1n entre los 29 y 33 \u00baC.<\/p>\n<p>A\u00fan no est\u00e1 claro si tambi\u00e9n seguir\u00eda el mi\u00e9rcoles el terral; de ser as\u00ed, ya estar\u00edamos bajo la influencia de una masa de aire un poco m\u00e1s c\u00e1lida. Las temperaturas m\u00e1ximas el mi\u00e9rcoles rondar\u00edan en las zonas habituales entre los 31 y 35 \u00b0C.<\/p>\n<p>El domingo sabremos con m\u00e1s seguridad qu\u00e9 dar\u00e1 de s\u00ed el primer terral del verano meteorol\u00f3gico.<\/p>\n<p>La temperatura del agua del mar ma\u00f1ana s\u00e1bado y el domingo rondar\u00e1 los <strong>23 \u00baC;<\/strong> aprovechar antes de que se ponga m\u00e1s fr\u00eda. No se esperan rachas fuertes de viento este fin de semana.<\/p>\n<p>Impresionante la temperatura m\u00ednima de Antequera esta pasada madrugada. En algunos momentos, noche ecuatorial.<\/p>\n<p>&nbsp;<\/p>\n<p><a href=\"https:\/\/static-blogs.diariosur.es\/wp-content\/uploads\/sites\/12\/2025\/05\/ZZZZZ-2-e1748591033383.jpg\"><img loading=\"lazy\" class=\"aligncenter size-full wp-image-44949\" src=\"https:\/\/static-blogs.diariosur.es\/wp-content\/uploads\/sites\/12\/2025\/05\/ZZZZZ-2-e1748591033383.jpg\" alt=\"\" width=\"1200\" height=\"538\" \/><\/a><\/p>\n<p>&nbsp;<\/p>\n<p>&nbsp;<\/p>\n<p>&nbsp;<\/p>\n","protected":false},"excerpt":{"rendered":"<p>Buenos d\u00edas, amigos de la meteo. Con los modelos actualizados, hay una probabilidad alta de que el martes d\u00eda 3 tengamos el primer terral del verano meteorol\u00f3gico. Este d\u00eda tendremos una masa de aire fresquita a 850 hPa (1500 m) en la pen\u00ednsula; esto traer\u00e1 consigo que las temperaturas m\u00e1ximas en las zonas habituales donde [&hellip;]<\/p>\n","protected":false},"author":16,"featured_media":44947,"comment_status":"open","ping_status":"open","sticky":false,"template":"","format":"standard","meta":[],"categories":[2],"tags":[358,587,800,975,1052],"_links":{"self":[{"href":"https:\/\/blogs.diariosur.es\/tormentas-y-rayos\/wp-json\/wp\/v2\/posts\/44945"}],"collection":[{"href":"https:\/\/blogs.diariosur.es\/tormentas-y-rayos\/wp-json\/wp\/v2\/posts"}],"about":[{"href":"https:\/\/blogs.diariosur.es\/tormentas-y-rayos\/wp-json\/wp\/v2\/types\/post"}],"author":[{"embeddable":true,"href":"https:\/\/blogs.diariosur.es\/tormentas-y-rayos\/wp-json\/wp\/v2\/users\/16"}],"replies":[{"embeddable":true,"href":"https:\/\/blogs.diariosur.es\/tormentas-y-rayos\/wp-json\/wp\/v2\/comments?post=44945"}],"version-history":[{"count":5,"href":"https:\/\/blogs.diariosur.es\/tormentas-y-rayos\/wp-json\/wp\/v2\/posts\/44945\/revisions"}],"predecessor-version":[{"id":46604,"href":"https:\/\/blogs.diariosur.es\/tormentas-y-rayos\/wp-json\/wp\/v2\/posts\/44945\/revisions\/46604"}],"wp:featuredmedia":[{"embeddable":true,"href":"https:\/\/blogs.diariosur.es\/tormentas-y-rayos\/wp-json\/wp\/v2\/media\/44947"}],"wp:attachment":[{"href":"https:\/\/blogs.diariosur.es\/tormentas-y-rayos\/wp-json\/wp\/v2\/media?parent=44945"}],"wp:term":[{"taxonomy":"category","embeddable":true,"href":"https:\/\/blogs.diariosur.es\/tormentas-y-rayos\/wp-json\/wp\/v2\/categories?post=44945"},{"taxonomy":"post_tag","embeddable":true,"href":"https:\/\/blogs.diariosur.es\/tormentas-y-rayos\/wp-json\/wp\/v2\/tags?post=44945"}],"curies":[{"name":"wp","href":"https:\/\/api.w.org\/{rel}","templated":true}]}}