{"id":44952,"date":"2025-05-30T12:04:03","date_gmt":"2025-05-30T10:04:03","guid":{"rendered":"https:\/\/blogs.diariosur.es\/tormentas-y-rayos\/?p=44952"},"modified":"2025-10-05T11:33:44","modified_gmt":"2025-10-05T09:33:44","slug":"sorpreson-en-malaga-capital-entre-las-1100-y-las-1145-de-la-manana","status":"publish","type":"post","link":"https:\/\/blogs.diariosur.es\/tormentas-y-rayos\/2025\/05\/30\/sorpreson-en-malaga-capital-entre-las-1100-y-las-1145-de-la-manana\/","title":{"rendered":"Sorpres\u00f3n en M\u00e1laga capital entre las 11:00 y las 11:45 de la ma\u00f1ana"},"content":{"rendered":"<p><a href=\"https:\/\/static-blogs.diariosur.es\/wp-content\/uploads\/sites\/12\/2025\/05\/474591997_10231480374091459_5977821584942016476_n.jpg\"><img loading=\"lazy\" class=\"aligncenter size-thumbnail wp-image-44655\" src=\"https:\/\/static-blogs.diariosur.es\/wp-content\/uploads\/sites\/12\/2025\/05\/474591997_10231480374091459_5977821584942016476_n-150x150.jpg\" alt=\"\" width=\"150\" height=\"150\" srcset=\"https:\/\/static-blogs.diariosur.es\/wp-content\/uploads\/sites\/12\/2025\/05\/474591997_10231480374091459_5977821584942016476_n-150x150.jpg 150w, https:\/\/static-blogs.diariosur.es\/wp-content\/uploads\/sites\/12\/2025\/05\/474591997_10231480374091459_5977821584942016476_n-400x400.jpg 400w, https:\/\/static-blogs.diariosur.es\/wp-content\/uploads\/sites\/12\/2025\/05\/474591997_10231480374091459_5977821584942016476_n-408x408.jpg 408w, https:\/\/static-blogs.diariosur.es\/wp-content\/uploads\/sites\/12\/2025\/05\/474591997_10231480374091459_5977821584942016476_n-768x768.jpg 768w, https:\/\/static-blogs.diariosur.es\/wp-content\/uploads\/sites\/12\/2025\/05\/474591997_10231480374091459_5977821584942016476_n.jpg 1000w\" sizes=\"(max-width: 150px) 100vw, 150px\" \/><\/a><\/p>\n<p data-pm-slice=\"1 1 []\">Hola de nuevo, amigos de la meteo. No esperaba este terral que se ha dado entre las 11:00 y 11:45 de la ma\u00f1ana. La estaci\u00f3n del Centro Meteorol\u00f3gico ha registrado 32,1 \u00b0C, el Aeropuerto 31,9 \u00b0C y el Puerto tambi\u00e9n 31,9 \u00b0C.<\/p>\n<p>Sorpresas que da la meteo. En ese periodo de tiempo est\u00e1bamos dando la segunda m\u00e1xima m\u00e1s alta de Espa\u00f1a a esa hora. Ya parece que el viento ha cambiado a sur-sureste flojo y est\u00e1 bajando la temperatura.<\/p>\n","protected":false},"excerpt":{"rendered":"<p>Hola de nuevo, amigos de la meteo. No esperaba este terral que se ha dado entre las 11:00 y 11:45 de la ma\u00f1ana. La estaci\u00f3n del Centro Meteorol\u00f3gico ha registrado 32,1 \u00b0C, el Aeropuerto 31,9 \u00b0C y el Puerto tambi\u00e9n 31,9 \u00b0C. Sorpresas que da la meteo. En ese periodo de tiempo est\u00e1bamos dando la [&hellip;]<\/p>\n","protected":false},"author":16,"featured_media":44847,"comment_status":"open","ping_status":"open","sticky":false,"template":"","format":"standard","meta":[],"categories":[2],"tags":[587,2042,975],"_links":{"self":[{"href":"https:\/\/blogs.diariosur.es\/tormentas-y-rayos\/wp-json\/wp\/v2\/posts\/44952"}],"collection":[{"href":"https:\/\/blogs.diariosur.es\/tormentas-y-rayos\/wp-json\/wp\/v2\/posts"}],"about":[{"href":"https:\/\/blogs.diariosur.es\/tormentas-y-rayos\/wp-json\/wp\/v2\/types\/post"}],"author":[{"embeddable":true,"href":"https:\/\/blogs.diariosur.es\/tormentas-y-rayos\/wp-json\/wp\/v2\/users\/16"}],"replies":[{"embeddable":true,"href":"https:\/\/blogs.diariosur.es\/tormentas-y-rayos\/wp-json\/wp\/v2\/comments?post=44952"}],"version-history":[{"count":3,"href":"https:\/\/blogs.diariosur.es\/tormentas-y-rayos\/wp-json\/wp\/v2\/posts\/44952\/revisions"}],"predecessor-version":[{"id":46602,"href":"https:\/\/blogs.diariosur.es\/tormentas-y-rayos\/wp-json\/wp\/v2\/posts\/44952\/revisions\/46602"}],"wp:featuredmedia":[{"embeddable":true,"href":"https:\/\/blogs.diariosur.es\/tormentas-y-rayos\/wp-json\/wp\/v2\/media\/44847"}],"wp:attachment":[{"href":"https:\/\/blogs.diariosur.es\/tormentas-y-rayos\/wp-json\/wp\/v2\/media?parent=44952"}],"wp:term":[{"taxonomy":"category","embeddable":true,"href":"https:\/\/blogs.diariosur.es\/tormentas-y-rayos\/wp-json\/wp\/v2\/categories?post=44952"},{"taxonomy":"post_tag","embeddable":true,"href":"https:\/\/blogs.diariosur.es\/tormentas-y-rayos\/wp-json\/wp\/v2\/tags?post=44952"}],"curies":[{"name":"wp","href":"https:\/\/api.w.org\/{rel}","templated":true}]}}