{"id":44956,"date":"2025-05-31T09:58:11","date_gmt":"2025-05-31T07:58:11","guid":{"rendered":"https:\/\/blogs.diariosur.es\/tormentas-y-rayos\/?p=44956"},"modified":"2025-10-05T11:32:05","modified_gmt":"2025-10-05T09:32:05","slug":"efemerides-mes-de-junio-en-espana-y-valores-extremos-en-malaga-capital-2","status":"publish","type":"post","link":"https:\/\/blogs.diariosur.es\/tormentas-y-rayos\/2025\/05\/31\/efemerides-mes-de-junio-en-espana-y-valores-extremos-en-malaga-capital-2\/","title":{"rendered":"Efem\u00e9rides mes de junio en Espa\u00f1a y valores extremos en M\u00e1laga capital."},"content":{"rendered":"<p><a href=\"https:\/\/static-blogs.diariosur.es\/wp-content\/uploads\/sites\/12\/2025\/05\/474591997_10231480374091459_5977821584942016476_n.jpg\"><img loading=\"lazy\" class=\"aligncenter size-thumbnail wp-image-44655\" src=\"https:\/\/static-blogs.diariosur.es\/wp-content\/uploads\/sites\/12\/2025\/05\/474591997_10231480374091459_5977821584942016476_n-150x150.jpg\" alt=\"\" width=\"150\" height=\"150\" srcset=\"https:\/\/static-blogs.diariosur.es\/wp-content\/uploads\/sites\/12\/2025\/05\/474591997_10231480374091459_5977821584942016476_n-150x150.jpg 150w, https:\/\/static-blogs.diariosur.es\/wp-content\/uploads\/sites\/12\/2025\/05\/474591997_10231480374091459_5977821584942016476_n-400x400.jpg 400w, https:\/\/static-blogs.diariosur.es\/wp-content\/uploads\/sites\/12\/2025\/05\/474591997_10231480374091459_5977821584942016476_n-408x408.jpg 408w, https:\/\/static-blogs.diariosur.es\/wp-content\/uploads\/sites\/12\/2025\/05\/474591997_10231480374091459_5977821584942016476_n-768x768.jpg 768w, https:\/\/static-blogs.diariosur.es\/wp-content\/uploads\/sites\/12\/2025\/05\/474591997_10231480374091459_5977821584942016476_n.jpg 1000w\" sizes=\"(max-width: 150px) 100vw, 150px\" \/><\/a><\/p>\n<p data-pm-slice=\"1 1 []\">Buenos d\u00edas, amigos de la meteo. Ma\u00f1ana comienza el verano meteorol\u00f3gico; como todos los a\u00f1os, os pongo las efem\u00e9rides y valores extremos.<\/p>\n<p>De estos valores extremos que os pongo a continuaci\u00f3n, solo quiero que se superen o igualen el de d\u00edas m\u00e1ximos de lluvias del mes. Tormentas. Precipitaci\u00f3n m\u00e1xima y mensual. Temperatura media m\u00e1s baja y m\u00ednima absoluta. Los dem\u00e1s, que le den, perd\u00f3n.<\/p>\n<h3>Valores extremos en junio en M\u00e1laga Aeropuerto<\/h3>\n<p>Fuente: AEMET<\/p>\n<table class=\"tabla_datos_sinpadd tabla_scroll_responsive\" summary=\"Efem\u00e9rides de Valores Extremos, M\u00e1laga Aeropuerto\" cellspacing=\"0\">\n<tbody>\n<tr>\n<td class=\"headcol_responsive extremo\" title=\"M\u00e1x. n\u00fam. de d\u00edas de lluvia en el mes\"><strong>\u00a0 <span style=\"color: #0000ff;\">M\u00e1x. n\u00fam. de d\u00edas de lluvia en el mes<\/span><\/strong><\/td>\n<td class=\"extremos_datos\"><span style=\"color: #0000ff;\"><strong>\u00a0 8 (jun. 2023)<\/strong><\/span><\/td>\n<\/tr>\n<tr>\n<td class=\"headcol_responsive extremo\" title=\"M\u00e1x. n\u00fam. de d\u00edas de tormenta en el mes\"><span style=\"color: #0000ff;\"><strong>\u00a0 M\u00e1x. n\u00fam. de d\u00edas de tormenta en el mes<\/strong><\/span><\/td>\n<td class=\"extremos_datos\"><span style=\"color: #0000ff;\"><strong>\u00a0 5 (jun. 2023)<\/strong><\/span><\/td>\n<\/tr>\n<tr>\n<td class=\"headcol_responsive extremo\" title=\"Prec. m\u00e1x. en un d\u00eda (l\/m2)\"><span style=\"color: #0000ff;\"><strong>\u00a0 Preci. m\u00e1xima. en un d\u00eda (l\/m2)<\/strong><\/span><\/td>\n<td class=\"extremos_datos\"><span style=\"color: #0000ff;\"><strong>\u00a0 72.5 (14 jun. 1974)<\/strong><\/span><\/td>\n<\/tr>\n<tr>\n<td class=\"headcol_responsive extremo\" title=\"Prec. mensual m\u00e1s alta (l\/m2)\"><span style=\"color: #0000ff;\"><strong>\u00a0 Preci. mensual m\u00e1s alta (l\/m2)<\/strong><\/span><\/td>\n<td class=\"extremos_datos\"><span style=\"color: #0000ff;\"><strong>\u00a0 82.8 (jun. 1974)<\/strong><\/span><\/td>\n<\/tr>\n<tr>\n<td class=\"headcol_responsive extremo\" title=\"Prec. mensual m\u00e1s baja (l\/m2)\"><strong>\u00a0 Preci. mensual m\u00e1s baja (l\/m2)<\/strong><\/td>\n<td class=\"extremos_datos\"><strong>\u00a0 0.0 (jun. 2022)<\/strong><\/td>\n<\/tr>\n<tr>\n<td class=\"headcol_responsive extremo\" title=\"Racha m\u00e1x. viento: velocidad y direcci\u00f3n (km\/h)\"><strong>\u00a0 Racha m\u00e1xima. viento: velocidad y direcci\u00f3n (km\/h)\u00a0\u00a0<\/strong><\/td>\n<td class=\"extremos_datos\"><strong>\u00a0 Vel 79, Dir 340 (06 jun. 1984 14:08)<\/strong><\/td>\n<\/tr>\n<tr>\n<td class=\"headcol_responsive extremo\" title=\"Tem. m\u00e1x. absoluta (\u00b0C)\"><strong>\u00a0 Temp. m\u00e1xima. absoluta (\u00b0C)<\/strong><\/td>\n<td class=\"extremos_datos\"><strong>\u00a0 41.0 (12 jun. 1983)<\/strong><\/td>\n<\/tr>\n<tr>\n<td class=\"headcol_responsive extremo\" title=\"Tem. media de las m\u00e1x. m\u00e1s alta (\u00b0C)\"><strong>\u00a0 Temp. media de las m\u00e1x. m\u00e1s alta (\u00b0C)<\/strong><\/td>\n<td class=\"extremos_datos\"><strong>\u00a0 31.7 (jun. 2022)<\/strong><\/td>\n<\/tr>\n<tr>\n<td class=\"headcol_responsive extremo\" title=\"Tem. media de las m\u00edn. m\u00e1s baja (\u00b0C)\"><strong>\u00a0 Temp. media de las m\u00edn. m\u00e1s baja (\u00b0C)<\/strong><\/td>\n<td class=\"extremos_datos\"><strong>\u00a0 14.9 (jun. 1984)<\/strong><\/td>\n<\/tr>\n<tr>\n<td class=\"headcol_responsive extremo\" title=\"Tem. media m\u00e1s alta (\u00b0C)\"><strong>\u00a0 Temp. media m\u00e1s alta (\u00b0C)<\/strong><\/td>\n<td class=\"extremos_datos\"><strong>\u00a0 26.1 (jun. 2022)<\/strong><\/td>\n<\/tr>\n<tr>\n<td class=\"headcol_responsive extremo\" title=\"Tem. media m\u00e1s baja (\u00b0C)\"><strong>\u00a0 <span style=\"color: #0000ff;\">Temp. media m\u00e1s baja (\u00b0C)<\/span><\/strong><\/td>\n<td class=\"extremos_datos\"><span style=\"color: #0000ff;\"><strong>\u00a0 20.5 (jun. 1984)<\/strong><\/span><\/td>\n<\/tr>\n<tr>\n<td class=\"headcol_responsive extremo\" title=\"Tem. m\u00edn. absoluta (\u00b0C)\"><span style=\"color: #0000ff;\"><strong>\u00a0 Temp. m\u00edn. absoluta (\u00b0C)<\/strong><\/span><\/td>\n<td class=\"extremos_datos\"><span style=\"color: #0000ff;\"><strong>\u00a0 9.8 (06 jun. 1953)<\/strong><\/span><\/td>\n<\/tr>\n<\/tbody>\n<\/table>\n<p>&nbsp;<\/p>\n<h3><span style=\"color: #ff0000;\"><strong>Efem\u00e9rides mes de junio en Espa\u00f1a<\/strong><\/span><\/h3>\n<ul>\n<li>1 junio 1634\u00a0 Avenida del Cidacos en Calahorra (La Rioja) que provoca inundaciones y grandes deterioros en el ojo del puente romano.<\/li>\n<li>1 junio 1997\u00a0 Intensidad m\u00e1xima de precipitaci\u00f3n en 10 minutos en el observatorio de Igueldo-San Sebasti\u00e1n que registra 168 l\/m2 en una hora y 251 l\/m2 en el d\u00eda civil. Es el dato m\u00e1s alto de intensidad de lluvia que se ha registrado en el Pa\u00eds Vasco.<\/li>\n<li>1 junio 1999\u00a0 Tornado entre San Leonardo de Yag\u00fce y Navaleno (Soria) que troncha pinos de m\u00e1s de 15 m de altura. Racha m\u00e1xima de 130 km\/h en Autilla del Pino (Palencia).<\/li>\n<li>1 junio 2006\u00a0 M\u00ednima de 1,8 \u00b0C en Teruel.<\/li>\n<li>1 junio 2008\u00a0 Inundaciones en Getxo (Bizkaia), con 118 l\/m2 y desbordamiento del r\u00edo Gobelas.<\/li>\n<li>1 junio 2016\u00a0 Se registra una temperatura m\u00ednima de 1,5\u00b0C en Calamocha (Teruel).<\/li>\n<li>2 junio 1734\u00a0 En Zaragoza, un rayo cae sobre el chapitel de la iglesia de Santa Mar\u00eda Magdalena y se desliza hasta el coro sin da\u00f1ar a ninguno de cuantos estaban en dentro.<\/li>\n<li>2 junio 1781\u00a0 A la 1 de la tarde comienza una fuerte tormenta en Almagro (Ciudad Real) que inunda las calles y casas y arruina el alfol\u00ed o almac\u00e9n de sal por mojar el agua y el barro m\u00e1s de mil fanegas de sal.<\/li>\n<li>2 junio 1913\u00a0 Inundaciones en Vizcaya.<\/li>\n<li>3 junio 1690\u00a0 Desbordamiento del Segura.<\/li>\n<li>3 junio 1910\u00a0 Riadas e inundaciones del Ebro.<\/li>\n<li>3 junio 1984\u00a0 Nevadas en Soria, Le\u00f3n y Zamora.<\/li>\n<li>4 junio 1450\u00a0 Riada del Segre en Lleida.<\/li>\n<li>4 junio 1558\u00a0 Gran crecida del Duero, datada en Tudela de Duero (Valladolid).<\/li>\n<li>4 junio 2023\u00a0 AEMET nombra a la borrasca \u00d3scar, decimoquinta de gran impacto de la temporada, e inusual por la fecha en que se form\u00f3, en junio. Dej\u00f3 precipitaciones abundantes en Canarias, donde destacan los 73 l\/m\u00b2 en el Roque de los Muchachos (La Palma) el d\u00eda 6. Tambi\u00e9n fueron significativas las lluvias en el oeste peninsular, con 59 l\/m\u00b2 en Hoyos (C\u00e1ceres) el d\u00eda 8.<\/li>\n<li>5 junio 1523\u00a0 Plaga de langosta en los campos de Calahorra (La Rioja).<\/li>\n<li>5 junio 1972\u00a0 Las granizadas en distintas provincias mediterr\u00e1neas ocasionan p\u00e9rdidas por 750 millones de pesetas.<\/li>\n<li>5 junio 1981\u00a0 Del 5 al 22, fuerte calor en la Pen\u00ednsula.<\/li>\n<li>5 junio 2011\u00a0 Intensidad m\u00e1xima de 101,4 l\/m2\/h en Carballi\u00f1o (Ourense).<\/li>\n<li>5 junio 2021\u00a0 El paso de una dana produjo tormentas intensas en zonas del sur peninsular. Durante la ma\u00f1ana se form\u00f3 un sistema convectivo de mesoescala cerca de Alhucemas que pas\u00f3 al oeste de Melilla y sigui\u00f3 por el mar hasta deshacerse 10 horas despu\u00e9s al sur de Baleares. Por la tarde hubo tormentas organizadas a lo largo de una l\u00ednea que se extend\u00eda m\u00e1s de 200 km entre Los Pedroches y Grazalema, pasando por C\u00f3rdoba y \u00c9cija. Se registraron granizadas de tama\u00f1o grande en localidades como en \u00c9cija y Pozoblanco.<\/li>\n<li>5 junio 2023\u00a0 Se registran 105.4 l\/m\u00b2 en Sencelles (Mallorca), r\u00e9cord absoluto en la estaci\u00f3n, con datos desde 1964.<\/li>\n<li>6 junio 1904\u00a0 Fuerte granizada en Madrid que anega calles, da\u00f1a edificios y causa v\u00edctimas.<\/li>\n<li>6 junio 2011\u00a0 Una tormenta deja 73,3 l\/m2 en 24h en Pamplona-Noa\u00edn.<\/li>\n<li>7 junio 1906\u00a0 Fuerte tormenta en Sanl\u00facar de Barrameda (C\u00e1diz) que produce varias v\u00edctimas.<\/li>\n<li>7 junio 1739\u00a0 Crecida del Segura en Murcia que arrastra el puente provisional de madera, pereciendo cinco personas.<\/li>\n<li>7 junio 1987\u00a0 Fuerte galerna en la cornisa cant\u00e1brica, desde Galicia hasta las costas francesas. Se registran 140 km\/h en Gij\u00f3n, 100 km\/h en el aeropuerto de Asturias, 119 km\/h en Oviedo y 90 km\/h en Santander.<\/li>\n<li>7 junio 2015\u00a0 M\u00e1ximas de 38,1 \u00b0C en el aeropuerto de C\u00f3rdoba, 37 \u00b0C en el aeropuerto de Sevilla, 36,5 en Ourense, 35,7 en Badajoz-Talavera la Real y 34,1 en Madrid-Barajas.<\/li>\n<li>8 junio 1794\u00a0 Inundaciones en el delta del Llobregat.<\/li>\n<li>8 junio 1959\u00a0 Fuertes precipitaciones en Mallorca: 228 l\/m2 en Escorca Mortitx, 210,5 l\/m2 en Balitx d&#8217;Amunt, 196,5 l\/m2 en Escorca Can Pau y 189,7 l\/m2 en Escorca Cosconar.<\/li>\n<li>8 junio 2013\u00a0 La acumulaci\u00f3n de precipitaciones y la saturaci\u00f3n de los suelos, provocan el desbordamiento del Arga que, con el Ulzama, alcanza un caudal de 620 m3\/s, y causa inundaciones en Pamplona que afectan a 3.500 viviendas. M\u00ednima de 1,1 \u00b0C en Salamanca.<\/li>\n<li>9 junio 1899\u00a0 Horrible granizada en Madrid con 50 cm de espesor, granizos de 200 gr, rotura general de cristales, tejas y desperfectos en el arbolado.<\/li>\n<li>9 junio 1995\u00a0 Lluvias torrenciales en Andaluc\u00eda que causan tres muertos en Granada y uno en Pe\u00f1arroya.<\/li>\n<li>9 junio 2000\u00a0 Lluvias torrenciales y vientos fuertes en el tercio oriental de la Pen\u00ednsula. En Catalu\u00f1a causa 5 muertos. Se recogen 220 l\/m2 en El Bruc y 208 l\/m2 en Call\u00fas (Barcelona).<\/li>\n<li>9 junio 2010\u00a0 Intensas lluvias destruyen un puente y causan inundaciones en A Mari\u00f1a de Lugo. Se recogen 157 l\/m2 en Burela y 158 l\/m2 en Viveiro.<\/li>\n<li>9 junio 2013\u00a0 Inundaciones en Pamplona por el desbordamiento del r\u00edo Arga, cuyo caudal alcanza los 620 m3\/s y afecta a m\u00e1s de 3.500 viviendas.<\/li>\n<li>10 junio 1578\u00a0 Grand\u00edsimas lluvias en Barcelona. Las calles parecen r\u00edos y las inundaciones causan da\u00f1os.<\/li>\n<li>10 junio 1929\u00a0 Desbordamiento del Segura en Murcia y de las ramblas de la Vega Media.<\/li>\n<li>10 junio 1975\u00a0 Precipitaciones con tormenta en Mallorca. Caen 170 l\/m2 en Banyalbufar, 160 l\/m2 en Puigpunyent La Campaneta, 135,8 l\/m2 en Estellecns Arrabal y 124 l\/m2 en Esporles.<\/li>\n<li>10 junio 1998\u00a0 Ola de calor en Valencia, con 38 \u00b0C en la capital y 40 \u00b0C en otras el interior de la provincia.<\/li>\n<li>10 junio 2008\u00a0 Inundaci\u00f3n en Vitoria al desbordarse el r\u00edo Santo Tom\u00e1s.<\/li>\n<li>10 junio 2010\u00a0 Fuertes lluvias en el occidente de Asturias. Fallecen dos personas y se registran numerosos desprendimientos de tierra y barro.<\/li>\n<li>11 junio 1605\u00a0 Gran lluvia en Cuenca con tempestad el\u00e9ctrica.<\/li>\n<li>11 junio 1800\u00a0 Extra\u00f1a tempestad en Quintana del Pino (Burgos). Apareci\u00f3 una nube de color azul claro, en forma de culebra fort\u00edsima o tromba que tocaba el suelo del que saltaron numerosos chispazos de fuego que tostaron el terreno en una franja de 70 pasos de anchura, arrancando huertos, vides y una encina del grueso de dos cuerpos humanos hasta sus m\u00e1s penetrantes ra\u00edces.<\/li>\n<li>11 junio 1830\u00a0 Riada que inunda el campo de Cartagena, anega el Almarjal y desborda la rambla de Benipila, haciendo saltar sus aguas por encima del puente de La Concepci\u00f3n.<\/li>\n<li>11 junio 2015\u00a0 Intensidad m\u00e1xima de precipitaci\u00f3n de 93 l\/m\u00b2\/h en el observatorio de Barajas.<\/li>\n<li>12 junio 1977\u00a0 Precipitaciones intensas en el Pa\u00eds Vasco y alto Ebro.<\/li>\n<li>12 junio 2022\u00a0 Comienza la primera ola de calor del verano de 2022 en la Pen\u00ednsula, que se trat\u00f3 de la segunda m\u00e1s temprana desde que hay registros, tras la que comenz\u00f3 el 11 de junio de 1981. Tuvo una duraci\u00f3n de siete d\u00edas y una anomal\u00eda de 3,2 \u00b0C. En su transcurso se batieron numerosos r\u00e9cords de temperatura m\u00e1xima y m\u00ednima m\u00e1s alta para el mes de junio.<\/li>\n<li>13 junio 1759\u00a0 Inundaci\u00f3n en Valdepe\u00f1as.<\/li>\n<li>13 junio 1989\u00a0 En Autilla del Pino (Palencia) se registran 62,7 l\/m2 con una intensidad de 148,2 l\/m2\/h.<\/li>\n<li>14 junio 1981\u00a0 En varios puntos de Extremadura se alcanzan los 44 \u00b0C.<\/li>\n<li>15 junio 2003\u00a0 M\u00e1ximas de 39,6 \u00b0C en Tortosa y 37,4 \u00b0C en Castell\u00f3n-Almanzora.<\/li>\n<li>16 junio 1656\u00a0 Se suspende por la lluvia la procesi\u00f3n del Corpus Christi en Toledo.<\/li>\n<li>16 junio 1710\u00a0 En Gran\u00e1tula (Ciudad Real), ante la &#8220;terrible tempestad&#8221; de aquella tarde, hacen conjuros a la tormenta con la custodia bajo palio desde la puerta de occidente, pero cae un rayo en la torre que arranca el chapitel y cae sobre la custodia, dejando 16 personas &#8220;como muertas&#8221; y fallecen dos chicos de 8 y 14 a\u00f1os que estaban junto al preste.<\/li>\n<li>16 junio 2010\u00a0 M\u00e1xima diaria de 108,1 l\/m2 en el Aeropuerto de Bilbao-Loiu. Desbordamiento de los r\u00edos Sella y Nal\u00f3n (Asturias) a causa de las lluvias ca\u00eddas en d\u00edas anteriores<\/li>\n<li>16 junio 2015\u00a0 Intensidad m\u00e1xima de precipitaci\u00f3n de 168 l\/m2\/h en Lluc (Baleares). Una tormenta, en algunos puntos acompa\u00f1ada de granizo en el norte de Mallorca, deja 80 l\/m2 en la Col\u00f2nia Sant Pere, 77 l\/m2 en Art\u00e0 (Mol\u00ed d&#8217;en Leu), 76,4 l\/m2 en Art\u00e0 y 63 l\/m2 en Cala Ratjada.<\/li>\n<li>17 junio 1580\u00a0 En Olot (Girona), gran tempestad con fort\u00edsimo pedrisco, como nueces y hasta naranjas, que ocasiona la rotura de muchas tejas.<\/li>\n<li>17 junio 2021\u00a0 Una dana se sit\u00faa frente al Algarve portugu\u00e9s, favoreciendo la formaci\u00f3n de tormentas en el interior de la provincia de Huelva. Algunas fueron muy est\u00e1ticas y dieron lugar a precipitaciones muy intensas, como los 110 l\/m\u00b2 registrados en Aroche (de ellos, 58,4 l\/m\u00b2 en una hora).<\/li>\n<li>18 junio 1775\u00a0 Riada del Ebro de notoria importancia en Tudela.<\/li>\n<li>18 junio 1978\u00a0 Intensidad m\u00e1xima de 163.2 l\/m2\/h en el Aeropuerto de Asturias.<\/li>\n<li>18 junio 2004\u00a0 Caen 7.228 rayos en la provincia de Burgos.<\/li>\n<li>18 junio 2013\u00a0 Benasque y Castej\u00f3n de Sos (Huesca) quedan aisladas por la suma de precipitaciones y deshielo que arruinan las v\u00edas de comunicaci\u00f3n.<\/li>\n<li>18 junio 2022\u00a0 \u00daltimo d\u00eda de la primera ola de calor del verano de 2022. Se registraron temperaturas muy altas en el Cant\u00e1brico oriental: San Sebasti\u00e1n\/Igueldo, observatorio centenario, bati\u00f3 su r\u00e9cord de temperatura m\u00e1xima absoluta, con 39,7 \u00b0C<\/li>\n<li>19 junio 1500\u00a0 Diluvio en Barcelona con tormenta que dura seis horas, produciendo gran inundaci\u00f3n que alcanza seis palmos en el portal de San Severo.<\/li>\n<li>19 junio 1686\u00a0 Tempestad en Salamanca.<\/li>\n<li>19 junio 2003\u00a0 M\u00e1xima de 38 \u00b0C en Pontevedra-Mourente.<\/li>\n<li>20 junio 1604\u00a0 Grand\u00edsima tempestad el\u00e9ctrica en Barcelona, con truenos nunca o\u00eddos y rayos que causan da\u00f1os en Santa Mar\u00eda del Mar, donde se quema la veleta de los vientos.<\/li>\n<li>20 junio 1626\u00a0 Plaga de langosta en Salamanca.<\/li>\n<li>20 junio 1775\u00a0 Gran avenida del barranco Chiva en Valencia, con grandes da\u00f1os y v\u00edctimas. Desbordamiento del Arlanz\u00f3n en Burgos.<\/li>\n<li>21 junio 1843\u00a0 Fuerte tormenta en Cartagena. Una tromba cruza la ciudad, provocando da\u00f1os en barcos y casas. Arranca 18 \u00e1rboles de la calle Real y vuelan ocho mil quinientas tejas del presidio. Todo esto en pocos segundos.<\/li>\n<li>21 junio 1992\u00a0 Inundaciones en la provincia de Ja\u00e9n, que ocasionan la muerte de una anciana y el descarrilamiento de un tren.<\/li>\n<li>21 junio 2003\u00a0 M\u00e1ximas de 38 \u00b0C en San Sebasti\u00e1n-Igueldo y 36,1 \u00b0C en Lugo-aer\u00f3dromo<\/li>\n<li>21 junio 2011\u00a0 Ola de calor en Canarias, con m\u00e1ximas de 41,2 \u00b0C en San Bartolom\u00e9 de Tirajana (Gran Canaria), 41,9 \u00b0C en T\u00edas (Lanzarote) y otros observatorios que llegan a los 40 \u00b0C.<\/li>\n<li>21 junio 2013\u00a0 Fuerte granizada en Calamocha (Teruel), con 51 l\/m2 en una hora y granizos de tama\u00f1o de una nuez. Y tambi\u00e9n severa granizada en las comarcas castellonenses del Alto Palancia y Plana Baixa, con espesores de granizo de hasta 10 cm y tama\u00f1o de pelotas de ping-pong.<\/li>\n<li>22 junio 2003\u00a0 M\u00e1xima de 36,9 \u00b0C en Burgos-Villafr\u00eda.<\/li>\n<li>23 junio 2001\u00a0 M\u00e1xima de 40 \u00b0C en la Base A\u00e9rea de Armilla (Granada).<\/li>\n<li>23 junio 2006\u00a0 M\u00e1xima de 37,8 \u00b0C en Ciudad Universitaria (Madrid).<\/li>\n<li>24 junio 1661\u00a0 Tormenta el\u00e9ctrica en Salamanca. Cae un rayo en el convento de las M\u00ednimas.<\/li>\n<li>24 junio 1682\u00a0 Riada del Llobregat en El Prat, que se lleva la barca de pasaje.<\/li>\n<li>24 junio 2001\u00a0 Almer\u00eda, con 40,6 \u00b0C, registra su m\u00e1xima absoluta.<\/li>\n<li>24 junio 2006\u00a0 Precipitaci\u00f3n de 68,8 l\/m2 en Daroca (Zaragoza).<\/li>\n<li>24 junio 2014\u00a0 M\u00e1xima de 105,5 l\/m2 con una intensidad de 118,8 l\/m2\/h en Montserrat (Barcelona).<\/li>\n<li>25 junio 1995\u00a0 Tromba de agua sobre Madrid que descarga 55 l\/m2 en 15 minutos. Una mujer que duerme bajo un puente en Aravaca muere arrastrada por las aguas.<\/li>\n<li>25 junio 1996\u00a0 En Morro Jable (Fuerteventura) se registra una racha de 114 km\/h.<\/li>\n<li>25 junio 2001\u00a0 M\u00e1ximas hist\u00f3ricas en Illes Balears: 41,4 \u00b0C en el aeropuerto de Palma, 40 \u00b0C en Orient Son Vidal, 39,6 \u00b0C en Santa Maria Son Borre\u00f3, 39,5 \u00b0C en Marratx\u00ed Sa Cabaneta, 39,2 \u00b0C en Campanet Son Estrany y 39 \u00b0C en S&#8217;Arrac\u00f3.<\/li>\n<li>25 junio 2007\u00a0 M\u00e1xima de 38,1 \u00b0C en Manises (Valencia).<\/li>\n<li>25 junio 2010\u00a0 Una fort\u00edsima tormenta sobre Lugo provoca inundaciones y deja sin luz a gran parte de la ciudad durante dos horas. Se recogen 63 l\/m2 en una hora, de los cuales 35 l caen en 10 minutos. Racha de 105 km\/h en Jaraicejo (C\u00e1ceres).<\/li>\n<li>25 junio 2011\u00a0 M\u00e1xima de 37,5 \u00b0C en el Observatorio Astron\u00f3mico de Santiago.<\/li>\n<li>25 junio 2023\u00a0 Comienza un episodio de altas temperaturas que afect\u00f3 fundamentalmente a la mitad sur de la Pen\u00ednsula, con m\u00e1ximas que superaron los 43 \u00b0C en los valles del Guadalquivir y Guadiana y m\u00ednimas por encima de los 23 o 24 \u00b0C en la costa mediterr\u00e1nea e interior de Andaluc\u00eda. Como dato singular, las temperaturas m\u00e1ximas al final del per\u00edodo (en torno a los d\u00edas 27 y 28) fueron sensiblemente m\u00e1s bajas que lo inicialmente previsto, coincidiendo con la presencia de humo sobre la Pen\u00ednsula Ib\u00e9rica, procedente de los masivos incendios registrados en Canad\u00e1 desde varias semanas atr\u00e1s.<\/li>\n<li>26 junio 1958\u00a0 Galerna en el golfo de Vizcaya.<\/li>\n<li>26 junio 1964\u00a0 Desbordamiento de la rambla de La Santa que inunda Totana (Murcia).<\/li>\n<li>26 junio 1965\u00a0 Se alcanzan los 45 \u00b0C en C\u00f3rdoba.<\/li>\n<li>26 junio 2011\u00a0 Ola de calor en Castilla y Le\u00f3n, especialmente intensa en el oeste, con m\u00e1ximas de 38,9 \u00b0C en Salamanca y de 38,8 \u00b0C en Zamora. Tambi\u00e9n en Ourense que alcanza los 40,4 \u00b0C.<\/li>\n<li>27 junio 1900\u00a0 Desbordamiento del Guadalent\u00edn. Inundaciones en Murcia, Almer\u00eda y Granada.<\/li>\n<li>27 junio 1965\u00a0 Sevilla registra 45,2 \u00b0C. Racha de 115 km\/h en Salamanca-Matac\u00e1n.<\/li>\n<li>27 junio 2012\u00a0 M\u00ednimas de 20,9 \u00b0C en Palencia y de 20,4 en Le\u00f3n.<\/li>\n<li>28 junio 1625\u00a0 Un gran torbellino de aire en Soria da\u00f1a el reloj puesto encima de la Puerta del Postigo y causa m\u00faltiples estragos.<\/li>\n<li>28 junio 1877\u00a0 El desbordamiento del Guadalent\u00edn provoca grandes inundaciones en Murcia y en la vega baja del Segura.<\/li>\n<li>28 junio 1915\u00a0 Un tornado en Castellvell (Girona), pr\u00f3ximo a Reus, arranca de cuajo \u00e1rboles en una extensi\u00f3n aproximadamente de un kil\u00f3metro cuadrado.<\/li>\n<li>28 junio 1965\u00a0 M\u00e1ximas de 38,8 \u00b0C en Son Bonet, 38 \u00b0C en Bunyola Subestaci\u00f3 y Llucmajor (Mallorca).<\/li>\n<li>28 junio 2004\u00a0 M\u00e1xima absoluta de 40,4 \u00b0C en Madrid-Torrej\u00f3n.<\/li>\n<li>28 junio 2012\u00a0 Una oleada de viento de poniente hace subir la temperatura por encima de los 40 \u00b0C en observatorios de Alicante, Valencia y sur de Castell\u00f3n, y favorece la propagaci\u00f3n de grandes incendios que arrasan los montes de la comunidad.<\/li>\n<li>29 junio 1622\u00a0 Riada del Turia en Valencia.<\/li>\n<li>29 junio 1965\u00a0 M\u00e1xima de 39,8 \u00b0C en Inca (Mallorca).<\/li>\n<li>29 junio 1968\u00a0 M\u00ednimas de 24 \u00b0C en Segovia y 21,8 \u00b0C en \u00c1vila.<\/li>\n<li>29 junio 2010\u00a0 Una tormenta deja 80,2 l\/m2 en Coscurita (Soria).<\/li>\n<li>29 junio 2012\u00a0 M\u00e1ximos hist\u00f3ricos de temperatura en Baleares, con 41.1 \u00b0C en Muro y 40 \u00b0C en Sa Pobla sa Canova.<\/li>\n<li>29 junio 2015\u00a0 Episodio de fuerte calor en Andaluc\u00eda que registra 44 \u00b0C en Linares (Ja\u00e9n) y 43,6 \u00b0C en And\u00fajar (Ja\u00e9n). Tambi\u00e9n m\u00e1ximas la zona centro, con 40 \u00b0C en Barajas, 36 \u00b0C en Colmenar Viejo, 39,3 \u00b0C en Madrid-Retiro, 41,4 \u00b0C en Almagro (Ciudad Real) y 40,8 \u00b0C en Ciudad Real.<\/li>\n<li>29 junio 2018\u00a0 Inundaciones en Molina de Arag\u00f3n. La precipitaci\u00f3n acumulada fue de 14.8 l\/m2. La intensidad fue de 56.4l\/m2 por hora. Se dijo que el r\u00edo Gallo llevaba &#8220;cola-cao&#8221;<\/li>\n<li>30 junio 1965\u00a0 Racha de 122 km\/h en Zaragoza. M\u00e1ximas de 38 \u00b0C en Ciutadella (Menorca) y Sa Pobla (Mallorca)<\/li>\n<li>30 junio 2016\u00a0 Tormenta de granizo en Vilafranca (Castell\u00f3n), que en algunas zonas lleg\u00f3 a tener un espesor de hasta dos palmos.<\/li>\n<li>30 junio 2017\u00a0 Fuerte granizada y precipitaciones muy intensas en la ciudad de Girona. En la estaci\u00f3n de Girona- Parc Migdia se registraron 99,6 l\/m2 de los que 38,2 l\/m2 cayeron en 10 minutos.<\/li>\n<\/ul>\n","protected":false},"excerpt":{"rendered":"<p>Buenos d\u00edas, amigos de la meteo. Ma\u00f1ana comienza el verano meteorol\u00f3gico; como todos los a\u00f1os, os pongo las efem\u00e9rides y valores extremos. De estos valores extremos que os pongo a continuaci\u00f3n, solo quiero que se superen o igualen el de d\u00edas m\u00e1ximos de lluvias del mes. Tormentas. Precipitaci\u00f3n m\u00e1xima y mensual. Temperatura media m\u00e1s baja [&hellip;]<\/p>\n","protected":false},"author":16,"featured_media":44963,"comment_status":"open","ping_status":"open","sticky":false,"template":"","format":"standard","meta":[],"categories":[2],"tags":[1340,1324,539,587,1323],"_links":{"self":[{"href":"https:\/\/blogs.diariosur.es\/tormentas-y-rayos\/wp-json\/wp\/v2\/posts\/44956"}],"collection":[{"href":"https:\/\/blogs.diariosur.es\/tormentas-y-rayos\/wp-json\/wp\/v2\/posts"}],"about":[{"href":"https:\/\/blogs.diariosur.es\/tormentas-y-rayos\/wp-json\/wp\/v2\/types\/post"}],"author":[{"embeddable":true,"href":"https:\/\/blogs.diariosur.es\/tormentas-y-rayos\/wp-json\/wp\/v2\/users\/16"}],"replies":[{"embeddable":true,"href":"https:\/\/blogs.diariosur.es\/tormentas-y-rayos\/wp-json\/wp\/v2\/comments?post=44956"}],"version-history":[{"count":8,"href":"https:\/\/blogs.diariosur.es\/tormentas-y-rayos\/wp-json\/wp\/v2\/posts\/44956\/revisions"}],"predecessor-version":[{"id":46601,"href":"https:\/\/blogs.diariosur.es\/tormentas-y-rayos\/wp-json\/wp\/v2\/posts\/44956\/revisions\/46601"}],"wp:featuredmedia":[{"embeddable":true,"href":"https:\/\/blogs.diariosur.es\/tormentas-y-rayos\/wp-json\/wp\/v2\/media\/44963"}],"wp:attachment":[{"href":"https:\/\/blogs.diariosur.es\/tormentas-y-rayos\/wp-json\/wp\/v2\/media?parent=44956"}],"wp:term":[{"taxonomy":"category","embeddable":true,"href":"https:\/\/blogs.diariosur.es\/tormentas-y-rayos\/wp-json\/wp\/v2\/categories?post=44956"},{"taxonomy":"post_tag","embeddable":true,"href":"https:\/\/blogs.diariosur.es\/tormentas-y-rayos\/wp-json\/wp\/v2\/tags?post=44956"}],"curies":[{"name":"wp","href":"https:\/\/api.w.org\/{rel}","templated":true}]}}