{"id":44966,"date":"2025-06-01T08:13:53","date_gmt":"2025-06-01T06:13:53","guid":{"rendered":"https:\/\/blogs.diariosur.es\/tormentas-y-rayos\/?p=44966"},"modified":"2025-10-05T10:24:42","modified_gmt":"2025-10-05T08:24:42","slug":"nos-quedan-91-dias-y-91-noches","status":"publish","type":"post","link":"https:\/\/blogs.diariosur.es\/tormentas-y-rayos\/2025\/06\/01\/nos-quedan-91-dias-y-91-noches\/","title":{"rendered":"Nos quedan 91 d\u00edas y 91 noches."},"content":{"rendered":"<p><a href=\"https:\/\/static-blogs.diariosur.es\/wp-content\/uploads\/sites\/12\/2025\/05\/474591997_10231480374091459_5977821584942016476_n.jpg\"><img loading=\"lazy\" class=\"aligncenter size-thumbnail wp-image-44655\" src=\"https:\/\/static-blogs.diariosur.es\/wp-content\/uploads\/sites\/12\/2025\/05\/474591997_10231480374091459_5977821584942016476_n-150x150.jpg\" alt=\"\" width=\"150\" height=\"150\" srcset=\"https:\/\/static-blogs.diariosur.es\/wp-content\/uploads\/sites\/12\/2025\/05\/474591997_10231480374091459_5977821584942016476_n-150x150.jpg 150w, https:\/\/static-blogs.diariosur.es\/wp-content\/uploads\/sites\/12\/2025\/05\/474591997_10231480374091459_5977821584942016476_n-400x400.jpg 400w, https:\/\/static-blogs.diariosur.es\/wp-content\/uploads\/sites\/12\/2025\/05\/474591997_10231480374091459_5977821584942016476_n-408x408.jpg 408w, https:\/\/static-blogs.diariosur.es\/wp-content\/uploads\/sites\/12\/2025\/05\/474591997_10231480374091459_5977821584942016476_n-768x768.jpg 768w, https:\/\/static-blogs.diariosur.es\/wp-content\/uploads\/sites\/12\/2025\/05\/474591997_10231480374091459_5977821584942016476_n.jpg 1000w\" sizes=\"(max-width: 150px) 100vw, 150px\" \/><\/a><\/p>\n<p data-pm-slice=\"1 1 []\">Buenos d\u00edas, amigos de la meteo. Hoy ha comenzado el verano meteorol\u00f3gico, la estaci\u00f3n del a\u00f1o que menos me gusta; si viviera en el norte, me gustar\u00eda un poco m\u00e1s. Sin contar hoy, nos quedan 91 d\u00edas y 91 noches.<\/p>\n<p>Luego, por la tarde o ma\u00f1ana lunes a primera hora, os doy la predicci\u00f3n de los primeros d\u00edas de la semana; es muy probable que las temperaturas m\u00e1ximas est\u00e9n por encima de la media. El martes espero poniente aterralado; pueden darse rachas fuertes de viento. De cumplirse esto, comento, el terral ir\u00e1 por barrios, pero gracias a una masa de aire fresca, las m\u00e1ximas no ser\u00e1n muy altas.<\/p>\n<p>&nbsp;<\/p>\n<p>Os dejo con el primer amanecer del verano meteorol\u00f3gico.<\/p>\n<p>&nbsp;<\/p>\n<p><iframe loading=\"lazy\" title=\"Primer amanecer del verano meteorol\u00f3gico en M\u00e1laga capital\" width=\"500\" height=\"281\" src=\"https:\/\/www.youtube.com\/embed\/lVwzyg5Wi0w?feature=oembed\" frameborder=\"0\" allow=\"accelerometer; autoplay; clipboard-write; encrypted-media; gyroscope; picture-in-picture; web-share\" referrerpolicy=\"strict-origin-when-cross-origin\" allowfullscreen><\/iframe><\/p>\n<p>&nbsp;<\/p>\n","protected":false},"excerpt":{"rendered":"<p>Buenos d\u00edas, amigos de la meteo. Hoy ha comenzado el verano meteorol\u00f3gico, la estaci\u00f3n del a\u00f1o que menos me gusta; si viviera en el norte, me gustar\u00eda un poco m\u00e1s. Sin contar hoy, nos quedan 91 d\u00edas y 91 noches. Luego, por la tarde o ma\u00f1ana lunes a primera hora, os doy la predicci\u00f3n de [&hellip;]<\/p>\n","protected":false},"author":16,"featured_media":44962,"comment_status":"open","ping_status":"open","sticky":false,"template":"","format":"standard","meta":[],"categories":[2],"tags":[100,212,358,587,645,800,975,1052],"_links":{"self":[{"href":"https:\/\/blogs.diariosur.es\/tormentas-y-rayos\/wp-json\/wp\/v2\/posts\/44966"}],"collection":[{"href":"https:\/\/blogs.diariosur.es\/tormentas-y-rayos\/wp-json\/wp\/v2\/posts"}],"about":[{"href":"https:\/\/blogs.diariosur.es\/tormentas-y-rayos\/wp-json\/wp\/v2\/types\/post"}],"author":[{"embeddable":true,"href":"https:\/\/blogs.diariosur.es\/tormentas-y-rayos\/wp-json\/wp\/v2\/users\/16"}],"replies":[{"embeddable":true,"href":"https:\/\/blogs.diariosur.es\/tormentas-y-rayos\/wp-json\/wp\/v2\/comments?post=44966"}],"version-history":[{"count":2,"href":"https:\/\/blogs.diariosur.es\/tormentas-y-rayos\/wp-json\/wp\/v2\/posts\/44966\/revisions"}],"predecessor-version":[{"id":46599,"href":"https:\/\/blogs.diariosur.es\/tormentas-y-rayos\/wp-json\/wp\/v2\/posts\/44966\/revisions\/46599"}],"wp:featuredmedia":[{"embeddable":true,"href":"https:\/\/blogs.diariosur.es\/tormentas-y-rayos\/wp-json\/wp\/v2\/media\/44962"}],"wp:attachment":[{"href":"https:\/\/blogs.diariosur.es\/tormentas-y-rayos\/wp-json\/wp\/v2\/media?parent=44966"}],"wp:term":[{"taxonomy":"category","embeddable":true,"href":"https:\/\/blogs.diariosur.es\/tormentas-y-rayos\/wp-json\/wp\/v2\/categories?post=44966"},{"taxonomy":"post_tag","embeddable":true,"href":"https:\/\/blogs.diariosur.es\/tormentas-y-rayos\/wp-json\/wp\/v2\/tags?post=44966"}],"curies":[{"name":"wp","href":"https:\/\/api.w.org\/{rel}","templated":true}]}}