{"id":44970,"date":"2025-06-01T21:10:37","date_gmt":"2025-06-01T19:10:37","guid":{"rendered":"https:\/\/blogs.diariosur.es\/tormentas-y-rayos\/?p=44970"},"modified":"2025-10-05T10:26:06","modified_gmt":"2025-10-05T08:26:06","slug":"ayer-31-de-mayo-sigue-el-deshielo-en-los-lavaderos-de-la-reina-en-sierra-nevada-fotos-y-videos-de-antonio-jesus-jimenez","status":"publish","type":"post","link":"https:\/\/blogs.diariosur.es\/tormentas-y-rayos\/2025\/06\/01\/ayer-31-de-mayo-sigue-el-deshielo-en-los-lavaderos-de-la-reina-en-sierra-nevada-fotos-y-videos-de-antonio-jesus-jimenez\/","title":{"rendered":"Ayer 31 de mayo, sigue el deshielo en los Lavaderos de la Reina en Sierra Nevada. Fotos y videos de Antonio Jes\u00fas Jim\u00e9nez"},"content":{"rendered":"<p><a href=\"https:\/\/static-blogs.diariosur.es\/wp-content\/uploads\/sites\/12\/2025\/06\/130738248_10221381944997043_6257362087676436516_n.jpg\"><img loading=\"lazy\" class=\"aligncenter size-thumbnail wp-image-44989\" src=\"https:\/\/static-blogs.diariosur.es\/wp-content\/uploads\/sites\/12\/2025\/06\/130738248_10221381944997043_6257362087676436516_n-150x150.jpg\" alt=\"\" width=\"150\" height=\"150\" srcset=\"https:\/\/static-blogs.diariosur.es\/wp-content\/uploads\/sites\/12\/2025\/06\/130738248_10221381944997043_6257362087676436516_n-150x150.jpg 150w, https:\/\/static-blogs.diariosur.es\/wp-content\/uploads\/sites\/12\/2025\/06\/130738248_10221381944997043_6257362087676436516_n-400x400.jpg 400w, https:\/\/static-blogs.diariosur.es\/wp-content\/uploads\/sites\/12\/2025\/06\/130738248_10221381944997043_6257362087676436516_n-408x408.jpg 408w, https:\/\/static-blogs.diariosur.es\/wp-content\/uploads\/sites\/12\/2025\/06\/130738248_10221381944997043_6257362087676436516_n.jpg 768w\" sizes=\"(max-width: 150px) 100vw, 150px\" \/><\/a><\/p>\n<p data-pm-slice=\"1 1 []\">Buenas tardes noches, amigos de la meteo. A primero de mayo pudimos disfrutar de un espectacular reportaje de este bello lugar realizado por Crist\u00f3bal Gambero.<\/p>\n<p>Hoy toca verlo otra vez de la mano de mi gran amigo <strong>Antonio Jes\u00fas Jim\u00e9nez Jim\u00e9nez,<\/strong> que, como muchos sab\u00e9is, es un gran experto monta\u00f1ero. Ayer <strong>s\u00e1bado 31 de mayo<\/strong> disfrut\u00f3 un mont\u00f3n con sus amigos al hacer la ruta.<\/p>\n<p>Me estoy poniendo en forma, amigos; la pr\u00f3xima vez hago la ruta. Sigo con la espalda regular.<\/p>\n<p>Cuenta la leyenda que este lugar fue frecuentado en m\u00e1s de una ocasi\u00f3n por la reina Fabiola de B\u00e9lgica, acompa\u00f1ada del rey Balduino, y este un d\u00eda dijo: \u201cSi una reina viniese a lavar aqu\u00ed, ganar\u00eda en nobleza\u201d. Desde entonces se denomina a este bell\u00edsimo rinc\u00f3n del Parque Nacional de Sierra Nevada el Lavadero de la Reina; sea verdad o no, lo cierto es que estamos realmente en un hermoso lugar.<\/p>\n<p>Su primitivo nombre era circo de las Covatillas, y es que nos encontramos en un milenario circo de origen glaciar, a unos 2.600 metros de altitud, con cimas de alta monta\u00f1a, neveros, t\u00faneles de nieve, prados y lagunas que forman este ins\u00f3lito paisaje, m\u00e1s propio de tierras n\u00f3rdicas que de zonas de nuestra Andaluc\u00eda.<\/p>\n<p><strong>\u00a0Os dejo con mi amigo Antonio Jes\u00fas y el espectacular reportaje<\/strong>. <strong>Muchas gracias.<\/strong><\/p>\n<p>&nbsp;<\/p>\n<p><iframe loading=\"lazy\" title=\"Antonio Jes\u00fas  Jim\u00e9nez Lavaderos de la Reina en Sierra Nevada. 31 de mayo de 2025.\" width=\"500\" height=\"281\" src=\"https:\/\/www.youtube.com\/embed\/PpO8Z3Dj08I?feature=oembed\" frameborder=\"0\" allow=\"accelerometer; autoplay; clipboard-write; encrypted-media; gyroscope; picture-in-picture; web-share\" referrerpolicy=\"strict-origin-when-cross-origin\" allowfullscreen><\/iframe><\/p>\n<p>&nbsp;<\/p>\n<p>&nbsp;<\/p>\n<p><iframe loading=\"lazy\" title=\"10 vacas y 2 toros, ruta Lavaderos de la Reina, 31\/5\/2025, 500 metros despu\u00e9s del Pico Papeles.\" width=\"500\" height=\"281\" src=\"https:\/\/www.youtube.com\/embed\/6bszUHqupQY?feature=oembed\" frameborder=\"0\" allow=\"accelerometer; autoplay; clipboard-write; encrypted-media; gyroscope; picture-in-picture; web-share\" referrerpolicy=\"strict-origin-when-cross-origin\" allowfullscreen><\/iframe><\/p>\n<p>&nbsp;<\/p>\n<p><a href=\"https:\/\/static-blogs.diariosur.es\/wp-content\/uploads\/sites\/12\/2025\/06\/500442080_10238538896635775_4332714828148314223_n-scaled-e1748803732457.jpg\"><img loading=\"lazy\" class=\"aligncenter size-full wp-image-44988\" src=\"https:\/\/static-blogs.diariosur.es\/wp-content\/uploads\/sites\/12\/2025\/06\/500442080_10238538896635775_4332714828148314223_n-scaled-e1748803732457.jpg\" alt=\"\" width=\"1000\" height=\"448\" \/><\/a><\/p>\n<p>&nbsp;<\/p>\n<p>&nbsp;<\/p>\n<p><a href=\"https:\/\/static-blogs.diariosur.es\/wp-content\/uploads\/sites\/12\/2025\/06\/antonio-Jesus-jimenez-jimenez-scaled-e1748802647786.jpg\"><img loading=\"lazy\" class=\"aligncenter size-full wp-image-44974\" src=\"https:\/\/static-blogs.diariosur.es\/wp-content\/uploads\/sites\/12\/2025\/06\/antonio-Jesus-jimenez-jimenez-scaled-e1748802647786.jpg\" alt=\"\" width=\"1000\" height=\"448\" \/><\/a><\/p>\n<p><a href=\"https:\/\/static-blogs.diariosur.es\/wp-content\/uploads\/sites\/12\/2025\/06\/500391197_10238538893675701_1787916744942927483_n-scaled-e1748802900646.jpg\"><img loading=\"lazy\" class=\"aligncenter size-full wp-image-44975\" src=\"https:\/\/static-blogs.diariosur.es\/wp-content\/uploads\/sites\/12\/2025\/06\/500391197_10238538893675701_1787916744942927483_n-scaled-e1748802900646.jpg\" alt=\"\" width=\"500\" height=\"1116\" \/><\/a><\/p>\n<p>&nbsp;<\/p>\n<p><a href=\"https:\/\/static-blogs.diariosur.es\/wp-content\/uploads\/sites\/12\/2025\/06\/500468751_10238538955957258_1078504922216207475_n-scaled.jpg\"><img loading=\"lazy\" class=\"aligncenter size-full wp-image-44976\" src=\"https:\/\/static-blogs.diariosur.es\/wp-content\/uploads\/sites\/12\/2025\/06\/500468751_10238538955957258_1078504922216207475_n-scaled-e1748802940141.jpg\" alt=\"\" width=\"1000\" height=\"448\" \/><\/a><\/p>\n<p>&nbsp;<\/p>\n<p><a href=\"https:\/\/static-blogs.diariosur.es\/wp-content\/uploads\/sites\/12\/2025\/06\/500543520_10238538900035860_1149307558202703623_n-scaled-e1748802991425.jpg\"><img loading=\"lazy\" class=\"aligncenter size-full wp-image-44977\" src=\"https:\/\/static-blogs.diariosur.es\/wp-content\/uploads\/sites\/12\/2025\/06\/500543520_10238538900035860_1149307558202703623_n-scaled-e1748802991425.jpg\" alt=\"\" width=\"1000\" height=\"448\" \/><\/a><\/p>\n<p>&nbsp;<\/p>\n<p><a href=\"https:\/\/static-blogs.diariosur.es\/wp-content\/uploads\/sites\/12\/2025\/06\/500565029_10238538873955208_3807352938826306542_n-scaled-e1748803042164.jpg\"><img loading=\"lazy\" class=\"aligncenter size-full wp-image-44978\" src=\"https:\/\/static-blogs.diariosur.es\/wp-content\/uploads\/sites\/12\/2025\/06\/500565029_10238538873955208_3807352938826306542_n-scaled-e1748803042164.jpg\" alt=\"\" width=\"1000\" height=\"448\" \/><\/a><\/p>\n<p>&nbsp;<\/p>\n<p><a href=\"https:\/\/static-blogs.diariosur.es\/wp-content\/uploads\/sites\/12\/2025\/06\/500893068_10238538867155038_8623968937198954760_n-scaled-e1748803082923.jpg\"><img loading=\"lazy\" class=\"aligncenter size-full wp-image-44979\" src=\"https:\/\/static-blogs.diariosur.es\/wp-content\/uploads\/sites\/12\/2025\/06\/500893068_10238538867155038_8623968937198954760_n-scaled-e1748803082923.jpg\" alt=\"\" width=\"500\" height=\"1116\" \/><\/a><\/p>\n<p>&nbsp;<\/p>\n<p><a href=\"https:\/\/static-blogs.diariosur.es\/wp-content\/uploads\/sites\/12\/2025\/06\/500980840_10238538957277291_352141554537873420_n-scaled-e1748803115708.jpg\"><img loading=\"lazy\" class=\"aligncenter size-full wp-image-44980\" src=\"https:\/\/static-blogs.diariosur.es\/wp-content\/uploads\/sites\/12\/2025\/06\/500980840_10238538957277291_352141554537873420_n-scaled-e1748803115708.jpg\" alt=\"\" width=\"1000\" height=\"448\" \/><\/a><\/p>\n<p>&nbsp;<\/p>\n<p><a href=\"https:\/\/static-blogs.diariosur.es\/wp-content\/uploads\/sites\/12\/2025\/06\/502522845_10238538816433770_8030631774254267810_n-scaled-e1748803149389.jpg\"><img loading=\"lazy\" class=\"aligncenter size-full wp-image-44981\" src=\"https:\/\/static-blogs.diariosur.es\/wp-content\/uploads\/sites\/12\/2025\/06\/502522845_10238538816433770_8030631774254267810_n-scaled-e1748803149389.jpg\" alt=\"\" width=\"500\" height=\"1117\" \/><\/a><\/p>\n<p>&nbsp;<\/p>\n<p><a href=\"https:\/\/static-blogs.diariosur.es\/wp-content\/uploads\/sites\/12\/2025\/06\/502730766_10238538849874606_7032874253099413523_n-scaled-e1748803177726.jpg\"><img loading=\"lazy\" class=\"aligncenter size-full wp-image-44982\" src=\"https:\/\/static-blogs.diariosur.es\/wp-content\/uploads\/sites\/12\/2025\/06\/502730766_10238538849874606_7032874253099413523_n-scaled-e1748803177726.jpg\" alt=\"\" width=\"500\" height=\"1117\" \/><\/a><\/p>\n<p>&nbsp;<\/p>\n<p>&nbsp;<\/p>\n<p><a href=\"https:\/\/static-blogs.diariosur.es\/wp-content\/uploads\/sites\/12\/2025\/06\/z-scaled-e1748803497764.jpg\"><img loading=\"lazy\" class=\"aligncenter size-full wp-image-44983\" src=\"https:\/\/static-blogs.diariosur.es\/wp-content\/uploads\/sites\/12\/2025\/06\/z-scaled-e1748803497764.jpg\" alt=\"\" width=\"500\" height=\"1116\" \/><\/a><\/p>\n<p>&nbsp;<\/p>\n<p><a href=\"https:\/\/static-blogs.diariosur.es\/wp-content\/uploads\/sites\/12\/2025\/06\/z1-scaled-e1748803532903.jpg\"><img loading=\"lazy\" class=\"aligncenter size-full wp-image-44984\" src=\"https:\/\/static-blogs.diariosur.es\/wp-content\/uploads\/sites\/12\/2025\/06\/z1-scaled-e1748803532903.jpg\" alt=\"\" width=\"1000\" height=\"448\" \/><\/a><\/p>\n<p>&nbsp;<\/p>\n<p><a href=\"https:\/\/static-blogs.diariosur.es\/wp-content\/uploads\/sites\/12\/2025\/06\/z2-scaled-e1748803564380.jpg\"><img loading=\"lazy\" class=\"aligncenter size-full wp-image-44985\" src=\"https:\/\/static-blogs.diariosur.es\/wp-content\/uploads\/sites\/12\/2025\/06\/z2-scaled-e1748803564380.jpg\" alt=\"\" width=\"1000\" height=\"448\" \/><\/a><\/p>\n<p>&nbsp;<\/p>\n<p><a href=\"https:\/\/static-blogs.diariosur.es\/wp-content\/uploads\/sites\/12\/2025\/06\/z4-scaled-e1748803599584.jpg\"><img loading=\"lazy\" class=\"aligncenter size-full wp-image-44986\" src=\"https:\/\/static-blogs.diariosur.es\/wp-content\/uploads\/sites\/12\/2025\/06\/z4-scaled-e1748803599584.jpg\" alt=\"\" width=\"1000\" height=\"448\" \/><\/a><\/p>\n<p>&nbsp;<\/p>\n<p><a href=\"https:\/\/static-blogs.diariosur.es\/wp-content\/uploads\/sites\/12\/2025\/06\/z5-scaled-e1748803688724.jpg\"><img loading=\"lazy\" class=\"aligncenter size-full wp-image-44987\" src=\"https:\/\/static-blogs.diariosur.es\/wp-content\/uploads\/sites\/12\/2025\/06\/z5-scaled-e1748803688724.jpg\" alt=\"\" width=\"1000\" height=\"448\" \/><\/a><\/p>\n<p>&nbsp;<\/p>\n<p>&nbsp;<\/p>\n<p>&nbsp;<\/p>\n","protected":false},"excerpt":{"rendered":"<p>Buenas tardes noches, amigos de la meteo. A primero de mayo pudimos disfrutar de un espectacular reportaje de este bello lugar realizado por Crist\u00f3bal Gambero. Hoy toca verlo otra vez de la mano de mi gran amigo Antonio Jes\u00fas Jim\u00e9nez Jim\u00e9nez, que, como muchos sab\u00e9is, es un gran experto monta\u00f1ero. Ayer s\u00e1bado 31 de mayo [&hellip;]<\/p>\n","protected":false},"author":16,"featured_media":44988,"comment_status":"open","ping_status":"open","sticky":false,"template":"","format":"standard","meta":[],"categories":[2],"tags":[2043,628,689,757,1543,913],"_links":{"self":[{"href":"https:\/\/blogs.diariosur.es\/tormentas-y-rayos\/wp-json\/wp\/v2\/posts\/44970"}],"collection":[{"href":"https:\/\/blogs.diariosur.es\/tormentas-y-rayos\/wp-json\/wp\/v2\/posts"}],"about":[{"href":"https:\/\/blogs.diariosur.es\/tormentas-y-rayos\/wp-json\/wp\/v2\/types\/post"}],"author":[{"embeddable":true,"href":"https:\/\/blogs.diariosur.es\/tormentas-y-rayos\/wp-json\/wp\/v2\/users\/16"}],"replies":[{"embeddable":true,"href":"https:\/\/blogs.diariosur.es\/tormentas-y-rayos\/wp-json\/wp\/v2\/comments?post=44970"}],"version-history":[{"count":7,"href":"https:\/\/blogs.diariosur.es\/tormentas-y-rayos\/wp-json\/wp\/v2\/posts\/44970\/revisions"}],"predecessor-version":[{"id":46600,"href":"https:\/\/blogs.diariosur.es\/tormentas-y-rayos\/wp-json\/wp\/v2\/posts\/44970\/revisions\/46600"}],"wp:featuredmedia":[{"embeddable":true,"href":"https:\/\/blogs.diariosur.es\/tormentas-y-rayos\/wp-json\/wp\/v2\/media\/44988"}],"wp:attachment":[{"href":"https:\/\/blogs.diariosur.es\/tormentas-y-rayos\/wp-json\/wp\/v2\/media?parent=44970"}],"wp:term":[{"taxonomy":"category","embeddable":true,"href":"https:\/\/blogs.diariosur.es\/tormentas-y-rayos\/wp-json\/wp\/v2\/categories?post=44970"},{"taxonomy":"post_tag","embeddable":true,"href":"https:\/\/blogs.diariosur.es\/tormentas-y-rayos\/wp-json\/wp\/v2\/tags?post=44970"}],"curies":[{"name":"wp","href":"https:\/\/api.w.org\/{rel}","templated":true}]}}