{"id":44995,"date":"2025-06-02T07:36:59","date_gmt":"2025-06-02T05:36:59","guid":{"rendered":"https:\/\/blogs.diariosur.es\/tormentas-y-rayos\/?p=44995"},"modified":"2025-10-05T10:23:30","modified_gmt":"2025-10-05T08:23:30","slug":"a-que-hora-entrara-manana-el-terral-en-la-capital-malaguena","status":"publish","type":"post","link":"https:\/\/blogs.diariosur.es\/tormentas-y-rayos\/2025\/06\/02\/a-que-hora-entrara-manana-el-terral-en-la-capital-malaguena\/","title":{"rendered":"\u00bfA qu\u00e9 hora entrar\u00e1 ma\u00f1ana el terral en la capital malague\u00f1a?"},"content":{"rendered":"<p><a href=\"https:\/\/static-blogs.diariosur.es\/wp-content\/uploads\/sites\/12\/2025\/05\/474591997_10231480374091459_5977821584942016476_n.jpg\"><img loading=\"lazy\" class=\"aligncenter size-thumbnail wp-image-44655\" src=\"https:\/\/static-blogs.diariosur.es\/wp-content\/uploads\/sites\/12\/2025\/05\/474591997_10231480374091459_5977821584942016476_n-150x150.jpg\" alt=\"\" width=\"150\" height=\"150\" srcset=\"https:\/\/static-blogs.diariosur.es\/wp-content\/uploads\/sites\/12\/2025\/05\/474591997_10231480374091459_5977821584942016476_n-150x150.jpg 150w, https:\/\/static-blogs.diariosur.es\/wp-content\/uploads\/sites\/12\/2025\/05\/474591997_10231480374091459_5977821584942016476_n-400x400.jpg 400w, https:\/\/static-blogs.diariosur.es\/wp-content\/uploads\/sites\/12\/2025\/05\/474591997_10231480374091459_5977821584942016476_n-408x408.jpg 408w, https:\/\/static-blogs.diariosur.es\/wp-content\/uploads\/sites\/12\/2025\/05\/474591997_10231480374091459_5977821584942016476_n-768x768.jpg 768w, https:\/\/static-blogs.diariosur.es\/wp-content\/uploads\/sites\/12\/2025\/05\/474591997_10231480374091459_5977821584942016476_n.jpg 1000w\" sizes=\"(max-width: 150px) 100vw, 150px\" \/><\/a><\/p>\n<p data-pm-slice=\"1 1 []\">Hola, amigos de la meteo. Ma\u00f1ana martes tendremos rachas fuertes de componente oeste en toda la costa malague\u00f1a. En algunos momentos podemos tener poniente aterralado en zonas de la capital. Es probable que el terral puro entre a \u00faltima hora de la tarde, llegando a todas las zonas de la capital. Las temperaturas m\u00e1ximas, en las zonas habituales, rondar\u00e1n entre los 29 y 32 \u00baC; en las dem\u00e1s zonas de la provincia, entre los 24 y 27 \u00baC. Ma\u00f1ana se podr\u00e1 practicar windsurf.<\/p>\n<p>Es muy probable que el terral siga tambi\u00e9n el mi\u00e9rcoles; las m\u00e1ximas este d\u00eda rondar\u00e1n en las zonas habituales entre los 29 y 33 \u00b0C. Esto lo veremos mejor ma\u00f1ana con los modelos actualizados.<\/p>\n","protected":false},"excerpt":{"rendered":"<p>Hola, amigos de la meteo. Ma\u00f1ana martes tendremos rachas fuertes de componente oeste en toda la costa malague\u00f1a. En algunos momentos podemos tener poniente aterralado en zonas de la capital. Es probable que el terral puro entre a \u00faltima hora de la tarde, llegando a todas las zonas de la capital. Las temperaturas m\u00e1ximas, en [&hellip;]<\/p>\n","protected":false},"author":16,"featured_media":45001,"comment_status":"open","ping_status":"open","sticky":false,"template":"","format":"standard","meta":[],"categories":[2],"tags":[587,975],"_links":{"self":[{"href":"https:\/\/blogs.diariosur.es\/tormentas-y-rayos\/wp-json\/wp\/v2\/posts\/44995"}],"collection":[{"href":"https:\/\/blogs.diariosur.es\/tormentas-y-rayos\/wp-json\/wp\/v2\/posts"}],"about":[{"href":"https:\/\/blogs.diariosur.es\/tormentas-y-rayos\/wp-json\/wp\/v2\/types\/post"}],"author":[{"embeddable":true,"href":"https:\/\/blogs.diariosur.es\/tormentas-y-rayos\/wp-json\/wp\/v2\/users\/16"}],"replies":[{"embeddable":true,"href":"https:\/\/blogs.diariosur.es\/tormentas-y-rayos\/wp-json\/wp\/v2\/comments?post=44995"}],"version-history":[{"count":6,"href":"https:\/\/blogs.diariosur.es\/tormentas-y-rayos\/wp-json\/wp\/v2\/posts\/44995\/revisions"}],"predecessor-version":[{"id":46598,"href":"https:\/\/blogs.diariosur.es\/tormentas-y-rayos\/wp-json\/wp\/v2\/posts\/44995\/revisions\/46598"}],"wp:featuredmedia":[{"embeddable":true,"href":"https:\/\/blogs.diariosur.es\/tormentas-y-rayos\/wp-json\/wp\/v2\/media\/45001"}],"wp:attachment":[{"href":"https:\/\/blogs.diariosur.es\/tormentas-y-rayos\/wp-json\/wp\/v2\/media?parent=44995"}],"wp:term":[{"taxonomy":"category","embeddable":true,"href":"https:\/\/blogs.diariosur.es\/tormentas-y-rayos\/wp-json\/wp\/v2\/categories?post=44995"},{"taxonomy":"post_tag","embeddable":true,"href":"https:\/\/blogs.diariosur.es\/tormentas-y-rayos\/wp-json\/wp\/v2\/tags?post=44995"}],"curies":[{"name":"wp","href":"https:\/\/api.w.org\/{rel}","templated":true}]}}