{"id":45008,"date":"2025-06-04T07:56:42","date_gmt":"2025-06-04T05:56:42","guid":{"rendered":"https:\/\/blogs.diariosur.es\/tormentas-y-rayos\/?p=45008"},"modified":"2025-10-05T10:19:58","modified_gmt":"2025-10-05T08:19:58","slug":"malaga-capital-registro-ayer-la-temperatura-maxima-de-andalucia-el-humo-de-los-incendios-de-canada-llega-a-la-provincia-malaguena-fotos-y-video","status":"publish","type":"post","link":"https:\/\/blogs.diariosur.es\/tormentas-y-rayos\/2025\/06\/04\/malaga-capital-registro-ayer-la-temperatura-maxima-de-andalucia-el-humo-de-los-incendios-de-canada-llega-a-la-provincia-malaguena-fotos-y-video\/","title":{"rendered":"M\u00e1laga capital registr\u00f3 ayer la temperatura m\u00e1xima de Andaluc\u00eda. El humo de los incendios de Canad\u00e1 llega a la provincia malague\u00f1a, fotos y video"},"content":{"rendered":"<p><a href=\"https:\/\/static-blogs.diariosur.es\/wp-content\/uploads\/sites\/12\/2025\/05\/474591997_10231480374091459_5977821584942016476_n.jpg\"><img loading=\"lazy\" class=\"aligncenter size-thumbnail wp-image-44655\" src=\"https:\/\/static-blogs.diariosur.es\/wp-content\/uploads\/sites\/12\/2025\/05\/474591997_10231480374091459_5977821584942016476_n-150x150.jpg\" alt=\"\" width=\"150\" height=\"150\" srcset=\"https:\/\/static-blogs.diariosur.es\/wp-content\/uploads\/sites\/12\/2025\/05\/474591997_10231480374091459_5977821584942016476_n-150x150.jpg 150w, https:\/\/static-blogs.diariosur.es\/wp-content\/uploads\/sites\/12\/2025\/05\/474591997_10231480374091459_5977821584942016476_n-400x400.jpg 400w, https:\/\/static-blogs.diariosur.es\/wp-content\/uploads\/sites\/12\/2025\/05\/474591997_10231480374091459_5977821584942016476_n-408x408.jpg 408w, https:\/\/static-blogs.diariosur.es\/wp-content\/uploads\/sites\/12\/2025\/05\/474591997_10231480374091459_5977821584942016476_n-768x768.jpg 768w, https:\/\/static-blogs.diariosur.es\/wp-content\/uploads\/sites\/12\/2025\/05\/474591997_10231480374091459_5977821584942016476_n.jpg 1000w\" sizes=\"(max-width: 150px) 100vw, 150px\" \/><\/a><\/p>\n<p>&nbsp;<\/p>\n<p data-pm-slice=\"1 1 []\">Muy buenos d\u00edas, amigos de la meteo. La temperatura en estos momentos, a las siete y media de la ma\u00f1ana, es muy agradable; el Centro Meteorol\u00f3gico ha registrado 18,9 \u00baC de m\u00ednima, pero no os confi\u00e9is porque sobrepasaremos los 30 \u00baC en algunos puntos de M\u00e1laga capital. Ma\u00f1ana se quitar\u00e1 el poniente aterralado en la capital; en el Valle del Guadalhorce es probable que siga el terral.<\/p>\n<p>Ayer mi\u00e9rcoles tuvimos poniente aterralado en la capital; seg\u00fan la orograf\u00eda de la costa, entraba el viento del mar o de tierra. La temperatura m\u00e1xima se dio en el Aeropuerto con<strong> 31,1 \u00baC,<\/strong> seguida del Centro Meteorol\u00f3gico con 30,9 \u00b0C. La racha m\u00e1s fuerte de viento la registr\u00f3 el Aeropuerto con 58 km\/h.<\/p>\n<p><strong>Curiosamente, en Ronda llovi\u00f3, con los datos de las estaciones de la AEMET donde m\u00e1s, con <\/strong><strong>1,8 mm.\u00a0 \u00a0<\/strong><\/p>\n<p>Ayer e incluso esta ma\u00f1ana, a\u00fan tenemos el humo de los fuegos de Canad\u00e1. La circulaci\u00f3n en altura del oeste ha sido muy fuerte y ha contribuido a que llegue el humo. Cuando los aviones la cogen, llegan antes a su destino.<\/p>\n<p>Os pongo unas cuantas fotos de ayer por la tarde y de la salida del sol de hoy.<\/p>\n<p>&nbsp;<\/p>\n<p>&nbsp;<\/p>\n<p>&nbsp;<\/p>\n<p><a href=\"https:\/\/static-blogs.diariosur.es\/wp-content\/uploads\/sites\/12\/2025\/06\/503685164_10232979573250501_5205924530849016467_n-e1749015182752.jpg\"><img loading=\"lazy\" class=\"aligncenter size-full wp-image-45009\" src=\"https:\/\/static-blogs.diariosur.es\/wp-content\/uploads\/sites\/12\/2025\/06\/503685164_10232979573250501_5205924530849016467_n-e1749015182752.jpg\" alt=\"\" width=\"1000\" height=\"750\" \/><\/a><\/p>\n<p>&nbsp;<\/p>\n<p><a href=\"https:\/\/static-blogs.diariosur.es\/wp-content\/uploads\/sites\/12\/2025\/06\/503909170_10232980269867916_2667225798923620892_n-e1749015213254.jpg\"><img loading=\"lazy\" class=\"aligncenter size-full wp-image-45010\" src=\"https:\/\/static-blogs.diariosur.es\/wp-content\/uploads\/sites\/12\/2025\/06\/503909170_10232980269867916_2667225798923620892_n-e1749015213254.jpg\" alt=\"\" width=\"1000\" height=\"750\" \/><\/a><\/p>\n<p>&nbsp;<\/p>\n<p><a href=\"https:\/\/static-blogs.diariosur.es\/wp-content\/uploads\/sites\/12\/2025\/06\/DSC3409-e1749015891170.jpg\"><img loading=\"lazy\" class=\"aligncenter size-full wp-image-45011\" src=\"https:\/\/static-blogs.diariosur.es\/wp-content\/uploads\/sites\/12\/2025\/06\/DSC3409-e1749015891170.jpg\" alt=\"\" width=\"1200\" height=\"800\" \/><\/a><\/p>\n<p>&nbsp;<\/p>\n<p><a href=\"https:\/\/static-blogs.diariosur.es\/wp-content\/uploads\/sites\/12\/2025\/06\/A-e1749015926985.jpg\"><img loading=\"lazy\" class=\"aligncenter size-full wp-image-45012\" src=\"https:\/\/static-blogs.diariosur.es\/wp-content\/uploads\/sites\/12\/2025\/06\/A-e1749015926985.jpg\" alt=\"\" width=\"1200\" height=\"748\" \/><\/a><\/p>\n<p>&nbsp;<\/p>\n<p><iframe loading=\"lazy\" title=\"Humo de los incendios de Canad\u00e1 en M\u00e1laga\" width=\"500\" height=\"281\" src=\"https:\/\/www.youtube.com\/embed\/tzKwyhIAAOU?feature=oembed\" frameborder=\"0\" allow=\"accelerometer; autoplay; clipboard-write; encrypted-media; gyroscope; picture-in-picture; web-share\" referrerpolicy=\"strict-origin-when-cross-origin\" allowfullscreen><\/iframe><\/p>\n","protected":false},"excerpt":{"rendered":"<p>&nbsp; Muy buenos d\u00edas, amigos de la meteo. La temperatura en estos momentos, a las siete y media de la ma\u00f1ana, es muy agradable; el Centro Meteorol\u00f3gico ha registrado 18,9 \u00baC de m\u00ednima, pero no os confi\u00e9is porque sobrepasaremos los 30 \u00baC en algunos puntos de M\u00e1laga capital. Ma\u00f1ana se quitar\u00e1 el poniente aterralado en [&hellip;]<\/p>\n","protected":false},"author":16,"featured_media":45009,"comment_status":"open","ping_status":"open","sticky":false,"template":"","format":"standard","meta":[],"categories":[2],"tags":[2045,358,2044,506,587,975],"_links":{"self":[{"href":"https:\/\/blogs.diariosur.es\/tormentas-y-rayos\/wp-json\/wp\/v2\/posts\/45008"}],"collection":[{"href":"https:\/\/blogs.diariosur.es\/tormentas-y-rayos\/wp-json\/wp\/v2\/posts"}],"about":[{"href":"https:\/\/blogs.diariosur.es\/tormentas-y-rayos\/wp-json\/wp\/v2\/types\/post"}],"author":[{"embeddable":true,"href":"https:\/\/blogs.diariosur.es\/tormentas-y-rayos\/wp-json\/wp\/v2\/users\/16"}],"replies":[{"embeddable":true,"href":"https:\/\/blogs.diariosur.es\/tormentas-y-rayos\/wp-json\/wp\/v2\/comments?post=45008"}],"version-history":[{"count":15,"href":"https:\/\/blogs.diariosur.es\/tormentas-y-rayos\/wp-json\/wp\/v2\/posts\/45008\/revisions"}],"predecessor-version":[{"id":46595,"href":"https:\/\/blogs.diariosur.es\/tormentas-y-rayos\/wp-json\/wp\/v2\/posts\/45008\/revisions\/46595"}],"wp:featuredmedia":[{"embeddable":true,"href":"https:\/\/blogs.diariosur.es\/tormentas-y-rayos\/wp-json\/wp\/v2\/media\/45009"}],"wp:attachment":[{"href":"https:\/\/blogs.diariosur.es\/tormentas-y-rayos\/wp-json\/wp\/v2\/media?parent=45008"}],"wp:term":[{"taxonomy":"category","embeddable":true,"href":"https:\/\/blogs.diariosur.es\/tormentas-y-rayos\/wp-json\/wp\/v2\/categories?post=45008"},{"taxonomy":"post_tag","embeddable":true,"href":"https:\/\/blogs.diariosur.es\/tormentas-y-rayos\/wp-json\/wp\/v2\/tags?post=45008"}],"curies":[{"name":"wp","href":"https:\/\/api.w.org\/{rel}","templated":true}]}}