{"id":45025,"date":"2025-06-04T20:26:53","date_gmt":"2025-06-04T18:26:53","guid":{"rendered":"https:\/\/blogs.diariosur.es\/tormentas-y-rayos\/?p=45025"},"modified":"2025-10-05T10:17:26","modified_gmt":"2025-10-05T08:17:26","slug":"estepona-registra-la-maxima-de-andalucia-la-magia-del-poniente-aterralado","status":"publish","type":"post","link":"https:\/\/blogs.diariosur.es\/tormentas-y-rayos\/2025\/06\/04\/estepona-registra-la-maxima-de-andalucia-la-magia-del-poniente-aterralado\/","title":{"rendered":"Estepona registra la m\u00e1xima de Andaluc\u00eda. La magia del poniente aterralado."},"content":{"rendered":"<p><a href=\"https:\/\/static-blogs.diariosur.es\/wp-content\/uploads\/sites\/12\/2025\/05\/474591997_10231480374091459_5977821584942016476_n.jpg\"><img loading=\"lazy\" class=\"aligncenter size-thumbnail wp-image-44655\" src=\"https:\/\/static-blogs.diariosur.es\/wp-content\/uploads\/sites\/12\/2025\/05\/474591997_10231480374091459_5977821584942016476_n-150x150.jpg\" alt=\"\" width=\"150\" height=\"150\" srcset=\"https:\/\/static-blogs.diariosur.es\/wp-content\/uploads\/sites\/12\/2025\/05\/474591997_10231480374091459_5977821584942016476_n-150x150.jpg 150w, https:\/\/static-blogs.diariosur.es\/wp-content\/uploads\/sites\/12\/2025\/05\/474591997_10231480374091459_5977821584942016476_n-400x400.jpg 400w, https:\/\/static-blogs.diariosur.es\/wp-content\/uploads\/sites\/12\/2025\/05\/474591997_10231480374091459_5977821584942016476_n-408x408.jpg 408w, https:\/\/static-blogs.diariosur.es\/wp-content\/uploads\/sites\/12\/2025\/05\/474591997_10231480374091459_5977821584942016476_n-768x768.jpg 768w, https:\/\/static-blogs.diariosur.es\/wp-content\/uploads\/sites\/12\/2025\/05\/474591997_10231480374091459_5977821584942016476_n.jpg 1000w\" sizes=\"(max-width: 150px) 100vw, 150px\" \/><\/a><\/p>\n<p>&nbsp;<\/p>\n<h3 data-pm-slice=\"1 1 []\">Hola, amigos de la meteo. Nuevamente, el poniente aterralado e incluso el levante han sido protagonistas en zonas de la capital malague\u00f1a; por ese motivo hemos tenido diferencia de temperaturas en pocos kil\u00f3metros. La m\u00e1xima se ha dado en el Centro Meteorol\u00f3gico con 31,7 \u00b0C, en la provincia malague\u00f1a en Estepona con 32,7 \u00b0C; aqu\u00ed s\u00ed ha sido terral.<\/h3>\n<p>Os paso los gr\u00e1ficos de temperatura de las tres estaciones de la AEMET en M\u00e1laga capital. Fijaros qu\u00e9 curioso, sobre todo con la del Puerto.<\/p>\n<p>&nbsp;<\/p>\n<p>&nbsp;<\/p>\n<p>&nbsp;<\/p>\n<p><a href=\"https:\/\/static-blogs.diariosur.es\/wp-content\/uploads\/sites\/12\/2025\/06\/Screenshot_20250604_194847_Chrome-e1749060770682.jpg\"><img loading=\"lazy\" class=\"aligncenter wp-image-45031 size-full\" src=\"https:\/\/static-blogs.diariosur.es\/wp-content\/uploads\/sites\/12\/2025\/06\/Screenshot_20250604_194847_Chrome-e1749060770682.jpg\" alt=\"\" width=\"800\" height=\"1007\" \/><\/a><\/p>\n<p><a href=\"https:\/\/static-blogs.diariosur.es\/wp-content\/uploads\/sites\/12\/2025\/06\/Screenshot_20250604_194823_Chrome-e1749060820429.jpg\"><img loading=\"lazy\" class=\"aligncenter wp-image-45032 size-full\" src=\"https:\/\/static-blogs.diariosur.es\/wp-content\/uploads\/sites\/12\/2025\/06\/Screenshot_20250604_194823_Chrome-e1749060820429.jpg\" alt=\"\" width=\"800\" height=\"981\" \/><\/a><\/p>\n<p>&nbsp;<\/p>\n<p><a href=\"https:\/\/static-blogs.diariosur.es\/wp-content\/uploads\/sites\/12\/2025\/06\/Screenshot_20250604_194801_Chrome-e1749060624477.jpg\"><img loading=\"lazy\" class=\"aligncenter size-full wp-image-45034\" src=\"https:\/\/static-blogs.diariosur.es\/wp-content\/uploads\/sites\/12\/2025\/06\/Screenshot_20250604_194801_Chrome-e1749060624477.jpg\" alt=\"\" width=\"863\" height=\"1100\" \/><\/a><\/p>\n<p>Ma\u00f1ana os doy la previsi\u00f3n del fin de semana.<\/p>\n<p><a href=\"https:\/\/static-blogs.diariosur.es\/wp-content\/uploads\/sites\/12\/2025\/06\/FB_IMG_1748944022347-e1749061509300.jpg\"><img loading=\"lazy\" class=\"aligncenter wp-image-45036 size-full\" src=\"https:\/\/static-blogs.diariosur.es\/wp-content\/uploads\/sites\/12\/2025\/06\/FB_IMG_1748944022347-e1749061509300.jpg\" alt=\"\" width=\"1000\" height=\"667\" \/><\/a><\/p>\n<p>&nbsp;<\/p>\n","protected":false},"excerpt":{"rendered":"<p>&nbsp; Hola, amigos de la meteo. Nuevamente, el poniente aterralado e incluso el levante han sido protagonistas en zonas de la capital malague\u00f1a; por ese motivo hemos tenido diferencia de temperaturas en pocos kil\u00f3metros. La m\u00e1xima se ha dado en el Centro Meteorol\u00f3gico con 31,7 \u00b0C, en la provincia malague\u00f1a en Estepona con 32,7 \u00b0C; [&hellip;]<\/p>\n","protected":false},"author":16,"featured_media":45036,"comment_status":"open","ping_status":"open","sticky":false,"template":"","format":"standard","meta":[],"categories":[2],"tags":[],"_links":{"self":[{"href":"https:\/\/blogs.diariosur.es\/tormentas-y-rayos\/wp-json\/wp\/v2\/posts\/45025"}],"collection":[{"href":"https:\/\/blogs.diariosur.es\/tormentas-y-rayos\/wp-json\/wp\/v2\/posts"}],"about":[{"href":"https:\/\/blogs.diariosur.es\/tormentas-y-rayos\/wp-json\/wp\/v2\/types\/post"}],"author":[{"embeddable":true,"href":"https:\/\/blogs.diariosur.es\/tormentas-y-rayos\/wp-json\/wp\/v2\/users\/16"}],"replies":[{"embeddable":true,"href":"https:\/\/blogs.diariosur.es\/tormentas-y-rayos\/wp-json\/wp\/v2\/comments?post=45025"}],"version-history":[{"count":6,"href":"https:\/\/blogs.diariosur.es\/tormentas-y-rayos\/wp-json\/wp\/v2\/posts\/45025\/revisions"}],"predecessor-version":[{"id":46591,"href":"https:\/\/blogs.diariosur.es\/tormentas-y-rayos\/wp-json\/wp\/v2\/posts\/45025\/revisions\/46591"}],"wp:featuredmedia":[{"embeddable":true,"href":"https:\/\/blogs.diariosur.es\/tormentas-y-rayos\/wp-json\/wp\/v2\/media\/45036"}],"wp:attachment":[{"href":"https:\/\/blogs.diariosur.es\/tormentas-y-rayos\/wp-json\/wp\/v2\/media?parent=45025"}],"wp:term":[{"taxonomy":"category","embeddable":true,"href":"https:\/\/blogs.diariosur.es\/tormentas-y-rayos\/wp-json\/wp\/v2\/categories?post=45025"},{"taxonomy":"post_tag","embeddable":true,"href":"https:\/\/blogs.diariosur.es\/tormentas-y-rayos\/wp-json\/wp\/v2\/tags?post=45025"}],"curies":[{"name":"wp","href":"https:\/\/api.w.org\/{rel}","templated":true}]}}