{"id":45038,"date":"2025-06-05T08:21:20","date_gmt":"2025-06-05T06:21:20","guid":{"rendered":"https:\/\/blogs.diariosur.es\/tormentas-y-rayos\/?p=45038"},"modified":"2025-10-05T10:16:09","modified_gmt":"2025-10-05T08:16:09","slug":"el-tiempo-fin-de-semana-en-la-provincia-de-malaga-probabilidad-de-taro","status":"publish","type":"post","link":"https:\/\/blogs.diariosur.es\/tormentas-y-rayos\/2025\/06\/05\/el-tiempo-fin-de-semana-en-la-provincia-de-malaga-probabilidad-de-taro\/","title":{"rendered":"El tiempo fin de semana en la provincia de M\u00e1laga. Probabilidad de tar\u00f3 y probable aviso por altas temperaturas"},"content":{"rendered":"<p><a href=\"https:\/\/static-blogs.diariosur.es\/wp-content\/uploads\/sites\/12\/2025\/05\/474591997_10231480374091459_5977821584942016476_n.jpg\"><img loading=\"lazy\" class=\"aligncenter size-thumbnail wp-image-44655\" src=\"https:\/\/static-blogs.diariosur.es\/wp-content\/uploads\/sites\/12\/2025\/05\/474591997_10231480374091459_5977821584942016476_n-150x150.jpg\" alt=\"\" width=\"150\" height=\"150\" srcset=\"https:\/\/static-blogs.diariosur.es\/wp-content\/uploads\/sites\/12\/2025\/05\/474591997_10231480374091459_5977821584942016476_n-150x150.jpg 150w, https:\/\/static-blogs.diariosur.es\/wp-content\/uploads\/sites\/12\/2025\/05\/474591997_10231480374091459_5977821584942016476_n-400x400.jpg 400w, https:\/\/static-blogs.diariosur.es\/wp-content\/uploads\/sites\/12\/2025\/05\/474591997_10231480374091459_5977821584942016476_n-408x408.jpg 408w, https:\/\/static-blogs.diariosur.es\/wp-content\/uploads\/sites\/12\/2025\/05\/474591997_10231480374091459_5977821584942016476_n-768x768.jpg 768w, https:\/\/static-blogs.diariosur.es\/wp-content\/uploads\/sites\/12\/2025\/05\/474591997_10231480374091459_5977821584942016476_n.jpg 1000w\" sizes=\"(max-width: 150px) 100vw, 150px\" \/><\/a><\/p>\n<p data-pm-slice=\"1 1 []\">Muy buenos d\u00edas, amigos de la meteo. Madrugada llevadera en M\u00e1laga capital y en toda la provincia. Luego subir\u00e1n las m\u00e1ximas por el interior, sobre todo por el interior del Valle del Guadalhorce.<\/p>\n<p>Os pongo algunos datos de temperaturas m\u00ednimas que se han registrado. Ojal\u00e1 todo el verano as\u00ed.<\/p>\n<p>Fuente: Aemet, Meteoclimatic, Wunderground<\/p>\n<p>M\u00e1laga Aeropuerto 18,9 \u00baC<\/p>\n<p>M\u00e1laga Puerto\u00a018,4 \u00baC<\/p>\n<p>Antequera 13,8 \u00baC<\/p>\n<p>Ronda San Crist\u00f3bal\u00a014,1 \u00baC<\/p>\n<p>Cortes de la Frontera 15 \u00baC<\/p>\n<p>Marbella Puerto 17,5 \u00baC<\/p>\n<p>Algarrobo 14 \u00b0C<\/p>\n<p>Archidona Vega 9,8 \u00baC<\/p>\n<p>Nerja 17,2 \u00baC<\/p>\n<p>Villanueva del Rosario\u00a011,3 \u00baC<\/p>\n<p>Campillos 12,2 \u00baC<\/p>\n<p>&nbsp;<\/p>\n<h3><strong>El tiempo fin de semana en la provincia de M\u00e1laga. Probabilidad de taro<\/strong><\/h3>\n<h3><strong>Comenzamos con la previsi\u00f3n de ma\u00f1ana viernes d\u00eda 6.<\/strong><\/h3>\n<p>Hay probabilidad de tar\u00f3 (niebla de advecci\u00f3n) en algunos puntos de la costa malague\u00f1a; estos bancos de niebla pueden entrar tierra adentro o quedarse en alta mar. El mar se ha puesto a 17 \u00baC, unido a que se espera viento flojo de sur sureste h\u00famedo y c\u00e1lido; por este motivo hay probabilidad, no lo aseguro. Tambi\u00e9n podemos tener nubes bajas. La probabilidad de precipitaciones es del 0%.<\/p>\n<p>Os paso las temperaturas m\u00e1ximas y m\u00ednimas que prev\u00e9 la Aemet.<\/p>\n<p><a href=\"https:\/\/static-blogs.diariosur.es\/wp-content\/uploads\/sites\/12\/2025\/06\/1.jpg\"><img loading=\"lazy\" class=\"aligncenter size-full wp-image-45039\" src=\"https:\/\/static-blogs.diariosur.es\/wp-content\/uploads\/sites\/12\/2025\/06\/1.jpg\" alt=\"\" width=\"1039\" height=\"814\" srcset=\"https:\/\/static-blogs.diariosur.es\/wp-content\/uploads\/sites\/12\/2025\/06\/1.jpg 1039w, https:\/\/static-blogs.diariosur.es\/wp-content\/uploads\/sites\/12\/2025\/06\/1-511x400.jpg 511w, https:\/\/static-blogs.diariosur.es\/wp-content\/uploads\/sites\/12\/2025\/06\/1-521x408.jpg 521w, https:\/\/static-blogs.diariosur.es\/wp-content\/uploads\/sites\/12\/2025\/06\/1-768x602.jpg 768w\" sizes=\"(max-width: 1039px) 100vw, 1039px\" \/><\/a><\/p>\n<p>&nbsp;<\/p>\n<h3><span style=\"color: #0000ff;\"><strong>S\u00e1bado 7 de junio<\/strong><\/span><\/h3>\n<p>Sigue habiendo probabilidad de tar\u00f3 y nubes bajas. Las temperaturas m\u00e1ximas y m\u00ednimas subir\u00e1n en toda la provincia. La probabilidad de precipitaciones es del 0%. No se esperan rachas fuertes de viento.<\/p>\n<p>Os paso las temperaturas m\u00e1ximas y m\u00ednimas que prev\u00e9 la Aemet.<\/p>\n<p>&nbsp;<\/p>\n<p><a href=\"https:\/\/static-blogs.diariosur.es\/wp-content\/uploads\/sites\/12\/2025\/06\/2.jpg\"><img loading=\"lazy\" class=\"aligncenter size-full wp-image-45040\" src=\"https:\/\/static-blogs.diariosur.es\/wp-content\/uploads\/sites\/12\/2025\/06\/2.jpg\" alt=\"\" width=\"1044\" height=\"811\" srcset=\"https:\/\/static-blogs.diariosur.es\/wp-content\/uploads\/sites\/12\/2025\/06\/2.jpg 1044w, https:\/\/static-blogs.diariosur.es\/wp-content\/uploads\/sites\/12\/2025\/06\/2-515x400.jpg 515w, https:\/\/static-blogs.diariosur.es\/wp-content\/uploads\/sites\/12\/2025\/06\/2-525x408.jpg 525w, https:\/\/static-blogs.diariosur.es\/wp-content\/uploads\/sites\/12\/2025\/06\/2-768x597.jpg 768w\" sizes=\"(max-width: 1044px) 100vw, 1044px\" \/><\/a><\/p>\n<p>&nbsp;<\/p>\n<p>&nbsp;<\/p>\n<h3 data-pm-slice=\"1 1 []\"><strong>Domingo 8 de junio<\/strong><\/h3>\n<p><strong>Este d\u00eda suben las temperaturas m\u00e1ximas en las comarcas de Ronda y Antequera; es probable que se active el aviso amarillo por altas temperaturas en la comarca de Antequera. De ser as\u00ed, ser\u00eda el primer aviso del a\u00f1o.<\/strong><\/p>\n<p>En el Valle del Guadalquivir, interior de la provincia de Granada y provincia de Huelva tendr\u00e1n avisos amarillos y naranjas.<\/p>\n<p>No se esperan rachas fuertes de viento en la costa de M\u00e1laga.<\/p>\n<p>&nbsp;<\/p>\n<p>&nbsp;<\/p>\n<p><a href=\"https:\/\/static-blogs.diariosur.es\/wp-content\/uploads\/sites\/12\/2025\/06\/3.jpg\"><img loading=\"lazy\" class=\"aligncenter size-full wp-image-45041\" src=\"https:\/\/static-blogs.diariosur.es\/wp-content\/uploads\/sites\/12\/2025\/06\/3.jpg\" alt=\"\" width=\"1042\" height=\"808\" srcset=\"https:\/\/static-blogs.diariosur.es\/wp-content\/uploads\/sites\/12\/2025\/06\/3.jpg 1042w, https:\/\/static-blogs.diariosur.es\/wp-content\/uploads\/sites\/12\/2025\/06\/3-516x400.jpg 516w, https:\/\/static-blogs.diariosur.es\/wp-content\/uploads\/sites\/12\/2025\/06\/3-526x408.jpg 526w, https:\/\/static-blogs.diariosur.es\/wp-content\/uploads\/sites\/12\/2025\/06\/3-768x596.jpg 768w\" sizes=\"(max-width: 1042px) 100vw, 1042px\" \/><\/a><\/p>\n<p>&nbsp;<\/p>\n<h3 data-pm-slice=\"1 1 []\">Ma\u00f1ana o el s\u00e1bado actualizar\u00e9 el blog para confirmar el probable aviso amarillo por altas temperaturas en la comarca de Antequera.<\/h3>\n<p>Os dejo con esta foto de archivo. Como os he comentado, hablo de probabilidad de tar\u00f3, no lo confirmo.<\/p>\n<p>&nbsp;<\/p>\n<p>&nbsp;<\/p>\n<p><a href=\"https:\/\/static-blogs.diariosur.es\/wp-content\/uploads\/sites\/12\/2025\/06\/zzzzzzz.jpg\"><img loading=\"lazy\" class=\"aligncenter size-full wp-image-45042\" src=\"https:\/\/static-blogs.diariosur.es\/wp-content\/uploads\/sites\/12\/2025\/06\/zzzzzzz.jpg\" alt=\"\" width=\"1024\" height=\"683\" srcset=\"https:\/\/static-blogs.diariosur.es\/wp-content\/uploads\/sites\/12\/2025\/06\/zzzzzzz.jpg 1024w, https:\/\/static-blogs.diariosur.es\/wp-content\/uploads\/sites\/12\/2025\/06\/zzzzzzz-600x400.jpg 600w, https:\/\/static-blogs.diariosur.es\/wp-content\/uploads\/sites\/12\/2025\/06\/zzzzzzz-612x408.jpg 612w, https:\/\/static-blogs.diariosur.es\/wp-content\/uploads\/sites\/12\/2025\/06\/zzzzzzz-768x512.jpg 768w\" sizes=\"(max-width: 1024px) 100vw, 1024px\" \/><\/a><\/p>\n","protected":false},"excerpt":{"rendered":"<p>Muy buenos d\u00edas, amigos de la meteo. Madrugada llevadera en M\u00e1laga capital y en toda la provincia. Luego subir\u00e1n las m\u00e1ximas por el interior, sobre todo por el interior del Valle del Guadalhorce. Os pongo algunos datos de temperaturas m\u00ednimas que se han registrado. Ojal\u00e1 todo el verano as\u00ed. Fuente: Aemet, Meteoclimatic, Wunderground M\u00e1laga Aeropuerto [&hellip;]<\/p>\n","protected":false},"author":16,"featured_media":45042,"comment_status":"open","ping_status":"open","sticky":false,"template":"","format":"standard","meta":[],"categories":[2],"tags":[358,587,800,953],"_links":{"self":[{"href":"https:\/\/blogs.diariosur.es\/tormentas-y-rayos\/wp-json\/wp\/v2\/posts\/45038"}],"collection":[{"href":"https:\/\/blogs.diariosur.es\/tormentas-y-rayos\/wp-json\/wp\/v2\/posts"}],"about":[{"href":"https:\/\/blogs.diariosur.es\/tormentas-y-rayos\/wp-json\/wp\/v2\/types\/post"}],"author":[{"embeddable":true,"href":"https:\/\/blogs.diariosur.es\/tormentas-y-rayos\/wp-json\/wp\/v2\/users\/16"}],"replies":[{"embeddable":true,"href":"https:\/\/blogs.diariosur.es\/tormentas-y-rayos\/wp-json\/wp\/v2\/comments?post=45038"}],"version-history":[{"count":5,"href":"https:\/\/blogs.diariosur.es\/tormentas-y-rayos\/wp-json\/wp\/v2\/posts\/45038\/revisions"}],"predecessor-version":[{"id":46590,"href":"https:\/\/blogs.diariosur.es\/tormentas-y-rayos\/wp-json\/wp\/v2\/posts\/45038\/revisions\/46590"}],"wp:featuredmedia":[{"embeddable":true,"href":"https:\/\/blogs.diariosur.es\/tormentas-y-rayos\/wp-json\/wp\/v2\/media\/45042"}],"wp:attachment":[{"href":"https:\/\/blogs.diariosur.es\/tormentas-y-rayos\/wp-json\/wp\/v2\/media?parent=45038"}],"wp:term":[{"taxonomy":"category","embeddable":true,"href":"https:\/\/blogs.diariosur.es\/tormentas-y-rayos\/wp-json\/wp\/v2\/categories?post=45038"},{"taxonomy":"post_tag","embeddable":true,"href":"https:\/\/blogs.diariosur.es\/tormentas-y-rayos\/wp-json\/wp\/v2\/tags?post=45038"}],"curies":[{"name":"wp","href":"https:\/\/api.w.org\/{rel}","templated":true}]}}