{"id":45048,"date":"2025-06-06T06:50:48","date_gmt":"2025-06-06T04:50:48","guid":{"rendered":"https:\/\/blogs.diariosur.es\/tormentas-y-rayos\/?p=45048"},"modified":"2025-10-05T10:13:03","modified_gmt":"2025-10-05T08:13:03","slug":"el-primer-aviso-del-ano-por-altas-temperaturas-llega-a-la-provincia-de-malaga-el-domingo","status":"publish","type":"post","link":"https:\/\/blogs.diariosur.es\/tormentas-y-rayos\/2025\/06\/06\/el-primer-aviso-del-ano-por-altas-temperaturas-llega-a-la-provincia-de-malaga-el-domingo\/","title":{"rendered":"El primer aviso del a\u00f1o por altas temperaturas llega a la provincia de M\u00e1laga el domingo"},"content":{"rendered":"<p><a href=\"https:\/\/static-blogs.diariosur.es\/wp-content\/uploads\/sites\/12\/2025\/06\/130738248_10221381944997043_6257362087676436516_n-1.jpg\"><img loading=\"lazy\" class=\"aligncenter size-thumbnail wp-image-45057\" src=\"https:\/\/static-blogs.diariosur.es\/wp-content\/uploads\/sites\/12\/2025\/06\/130738248_10221381944997043_6257362087676436516_n-1-150x150.jpg\" alt=\"\" width=\"150\" height=\"150\" srcset=\"https:\/\/static-blogs.diariosur.es\/wp-content\/uploads\/sites\/12\/2025\/06\/130738248_10221381944997043_6257362087676436516_n-1-150x150.jpg 150w, https:\/\/static-blogs.diariosur.es\/wp-content\/uploads\/sites\/12\/2025\/06\/130738248_10221381944997043_6257362087676436516_n-1-400x400.jpg 400w, https:\/\/static-blogs.diariosur.es\/wp-content\/uploads\/sites\/12\/2025\/06\/130738248_10221381944997043_6257362087676436516_n-1-408x408.jpg 408w, https:\/\/static-blogs.diariosur.es\/wp-content\/uploads\/sites\/12\/2025\/06\/130738248_10221381944997043_6257362087676436516_n-1.jpg 768w\" sizes=\"(max-width: 150px) 100vw, 150px\" \/><\/a><\/p>\n<p>Buenos d\u00edas, amigos de la meteo. Ayer <a href=\"https:\/\/blogs.diariosur.es\/tormentas-y-rayos\/2025\/06\/05\/el-tiempo-fin-de-semana-en-la-provincia-de-malaga-probabilidad-de-taro\/\">comentaba en el blog<\/a><\/p>\n<p data-pm-slice=\"1 1 []\">La probabilidad de que se activara el primer aviso por altas temperaturas del a\u00f1o en la provincia malague\u00f1a y as\u00ed ha sido. El domingo la AEMET activa el aviso amarillo en la comarca de Antequera por temperaturas m\u00e1ximas de 39 \u00b0C.<\/p>\n<p>Os pongo el mapa de avisos para ma\u00f1ana s\u00e1bado y el domingo. Fuente AEMET<\/p>\n<h3><strong>Avisos para el s\u00e1bado<\/strong><\/h3>\n<p>Aviso amarillo en el litoral de Huelva por 36 \u00baC. En las provincias de Ja\u00e9n, C\u00f3rdoba y Sevilla, amarillo por 38 \u00baC.<\/p>\n<p>&nbsp;<\/p>\n<p><a href=\"https:\/\/static-blogs.diariosur.es\/wp-content\/uploads\/sites\/12\/2025\/06\/SABADO.jpg\"><img loading=\"lazy\" class=\"aligncenter size-full wp-image-45054\" src=\"https:\/\/static-blogs.diariosur.es\/wp-content\/uploads\/sites\/12\/2025\/06\/SABADO.jpg\" alt=\"\" width=\"1042\" height=\"808\" srcset=\"https:\/\/static-blogs.diariosur.es\/wp-content\/uploads\/sites\/12\/2025\/06\/SABADO.jpg 1042w, https:\/\/static-blogs.diariosur.es\/wp-content\/uploads\/sites\/12\/2025\/06\/SABADO-516x400.jpg 516w, https:\/\/static-blogs.diariosur.es\/wp-content\/uploads\/sites\/12\/2025\/06\/SABADO-526x408.jpg 526w, https:\/\/static-blogs.diariosur.es\/wp-content\/uploads\/sites\/12\/2025\/06\/SABADO-768x596.jpg 768w\" sizes=\"(max-width: 1042px) 100vw, 1042px\" \/><\/a><\/p>\n<p>&nbsp;<\/p>\n<h3><strong>Avisos para el domingo<\/strong><\/h3>\n<p>Avisos amarillos por temperaturas de 39 \u00baC. Aviso naranja por temperaturas de 40 \u00baC. La \u00fanica provincia andaluza que no tiene avisos la de Almer\u00eda.<\/p>\n<p>&nbsp;<\/p>\n<p><a href=\"https:\/\/static-blogs.diariosur.es\/wp-content\/uploads\/sites\/12\/2025\/06\/DOMINGO.jpg\"><img loading=\"lazy\" class=\"aligncenter size-full wp-image-45055\" src=\"https:\/\/static-blogs.diariosur.es\/wp-content\/uploads\/sites\/12\/2025\/06\/DOMINGO.jpg\" alt=\"\" width=\"1048\" height=\"819\" srcset=\"https:\/\/static-blogs.diariosur.es\/wp-content\/uploads\/sites\/12\/2025\/06\/DOMINGO.jpg 1048w, https:\/\/static-blogs.diariosur.es\/wp-content\/uploads\/sites\/12\/2025\/06\/DOMINGO-512x400.jpg 512w, https:\/\/static-blogs.diariosur.es\/wp-content\/uploads\/sites\/12\/2025\/06\/DOMINGO-522x408.jpg 522w, https:\/\/static-blogs.diariosur.es\/wp-content\/uploads\/sites\/12\/2025\/06\/DOMINGO-768x600.jpg 768w\" sizes=\"(max-width: 1048px) 100vw, 1048px\" \/><\/a><\/p>\n<p>&nbsp;<\/p>\n<p data-pm-slice=\"1 1 []\">El tar\u00f3 malague\u00f1o fue protagonista ayer en la costa oriental de M\u00e1laga; incluso lleg\u00f3 un poco a la capital. Yo lo esperaba para hoy, pero as\u00ed es la meteo. Durante el d\u00eda de hoy iremos viendo si se vuelve a dar de nuevo.<\/p>\n<p>Mi amigo Francisco Luis M\u00e1rquez Soto me mand\u00f3 esta bonita foto desde Nerja, muchas gracias.<\/p>\n<p>&nbsp;<\/p>\n<p><a href=\"https:\/\/static-blogs.diariosur.es\/wp-content\/uploads\/sites\/12\/2025\/06\/499232318_10233008310848923_412728416493369214_n-e1749185118976.jpg\"><img loading=\"lazy\" class=\"aligncenter size-full wp-image-45056\" src=\"https:\/\/static-blogs.diariosur.es\/wp-content\/uploads\/sites\/12\/2025\/06\/499232318_10233008310848923_412728416493369214_n-e1749185120747.jpg\" alt=\"\" width=\"1200\" height=\"675\" \/><\/a><\/p>\n","protected":false},"excerpt":{"rendered":"<p>Buenos d\u00edas, amigos de la meteo. Ayer comentaba en el blog La probabilidad de que se activara el primer aviso por altas temperaturas del a\u00f1o en la provincia malague\u00f1a y as\u00ed ha sido. El domingo la AEMET activa el aviso amarillo en la comarca de Antequera por temperaturas m\u00e1ximas de 39 \u00b0C. Os pongo el [&hellip;]<\/p>\n","protected":false},"author":16,"featured_media":44847,"comment_status":"open","ping_status":"open","sticky":false,"template":"","format":"standard","meta":[],"categories":[2],"tags":[81,94,100,112,151,212,358,676,962],"_links":{"self":[{"href":"https:\/\/blogs.diariosur.es\/tormentas-y-rayos\/wp-json\/wp\/v2\/posts\/45048"}],"collection":[{"href":"https:\/\/blogs.diariosur.es\/tormentas-y-rayos\/wp-json\/wp\/v2\/posts"}],"about":[{"href":"https:\/\/blogs.diariosur.es\/tormentas-y-rayos\/wp-json\/wp\/v2\/types\/post"}],"author":[{"embeddable":true,"href":"https:\/\/blogs.diariosur.es\/tormentas-y-rayos\/wp-json\/wp\/v2\/users\/16"}],"replies":[{"embeddable":true,"href":"https:\/\/blogs.diariosur.es\/tormentas-y-rayos\/wp-json\/wp\/v2\/comments?post=45048"}],"version-history":[{"count":8,"href":"https:\/\/blogs.diariosur.es\/tormentas-y-rayos\/wp-json\/wp\/v2\/posts\/45048\/revisions"}],"predecessor-version":[{"id":46589,"href":"https:\/\/blogs.diariosur.es\/tormentas-y-rayos\/wp-json\/wp\/v2\/posts\/45048\/revisions\/46589"}],"wp:featuredmedia":[{"embeddable":true,"href":"https:\/\/blogs.diariosur.es\/tormentas-y-rayos\/wp-json\/wp\/v2\/media\/44847"}],"wp:attachment":[{"href":"https:\/\/blogs.diariosur.es\/tormentas-y-rayos\/wp-json\/wp\/v2\/media?parent=45048"}],"wp:term":[{"taxonomy":"category","embeddable":true,"href":"https:\/\/blogs.diariosur.es\/tormentas-y-rayos\/wp-json\/wp\/v2\/categories?post=45048"},{"taxonomy":"post_tag","embeddable":true,"href":"https:\/\/blogs.diariosur.es\/tormentas-y-rayos\/wp-json\/wp\/v2\/tags?post=45048"}],"curies":[{"name":"wp","href":"https:\/\/api.w.org\/{rel}","templated":true}]}}