{"id":45059,"date":"2025-06-07T10:17:28","date_gmt":"2025-06-07T08:17:28","guid":{"rendered":"https:\/\/blogs.diariosur.es\/tormentas-y-rayos\/?p=45059"},"modified":"2025-06-07T19:37:37","modified_gmt":"2025-06-07T17:37:37","slug":"como-afectara-la-dana-a-andalucia-y-provincia-de-malaga-seguimiento","status":"publish","type":"post","link":"https:\/\/blogs.diariosur.es\/tormentas-y-rayos\/2025\/06\/07\/como-afectara-la-dana-a-andalucia-y-provincia-de-malaga-seguimiento\/","title":{"rendered":"\u00bfC\u00f3mo afectara la dana a Andaluc\u00eda y provincia de M\u00e1laga? Seguimiento"},"content":{"rendered":"<p><a href=\"https:\/\/static-blogs.diariosur.es\/wp-content\/uploads\/sites\/12\/2025\/06\/130738248_10221381944997043_6257362087676436516_n-1.jpg\"><img loading=\"lazy\" class=\"aligncenter size-thumbnail wp-image-45057\" src=\"https:\/\/static-blogs.diariosur.es\/wp-content\/uploads\/sites\/12\/2025\/06\/130738248_10221381944997043_6257362087676436516_n-1-150x150.jpg\" alt=\"\" width=\"150\" height=\"150\" srcset=\"https:\/\/static-blogs.diariosur.es\/wp-content\/uploads\/sites\/12\/2025\/06\/130738248_10221381944997043_6257362087676436516_n-1-150x150.jpg 150w, https:\/\/static-blogs.diariosur.es\/wp-content\/uploads\/sites\/12\/2025\/06\/130738248_10221381944997043_6257362087676436516_n-1-400x400.jpg 400w, https:\/\/static-blogs.diariosur.es\/wp-content\/uploads\/sites\/12\/2025\/06\/130738248_10221381944997043_6257362087676436516_n-1-408x408.jpg 408w, https:\/\/static-blogs.diariosur.es\/wp-content\/uploads\/sites\/12\/2025\/06\/130738248_10221381944997043_6257362087676436516_n-1.jpg 768w\" sizes=\"(max-width: 150px) 100vw, 150px\" \/><\/a><\/p>\n<p>&nbsp;<\/p>\n<p>Reedito, se activa el aviso amarillo por tormentas en las provincias de Granada y Almer\u00eda.<\/p>\n<p><a href=\"https:\/\/static-blogs.diariosur.es\/wp-content\/uploads\/sites\/12\/2025\/06\/Screenshot_20250607_193039_Chrome-e1749317798713.jpg\"><img loading=\"lazy\" class=\"aligncenter size-full wp-image-45067\" src=\"https:\/\/static-blogs.diariosur.es\/wp-content\/uploads\/sites\/12\/2025\/06\/Screenshot_20250607_193039_Chrome-e1749317798713.jpg\" alt=\"\" width=\"1000\" height=\"777\" \/><\/a><\/p>\n<p><a href=\"https:\/\/static-blogs.diariosur.es\/wp-content\/uploads\/sites\/12\/2025\/06\/Screenshot_20250607_192923_Chrome-e1749317842842.jpg\"><img loading=\"lazy\" class=\"aligncenter size-full wp-image-45068\" src=\"https:\/\/static-blogs.diariosur.es\/wp-content\/uploads\/sites\/12\/2025\/06\/Screenshot_20250607_192923_Chrome-e1749317842842.jpg\" alt=\"\" width=\"1000\" height=\"892\" \/><\/a><\/p>\n<p>Buenos d\u00edas, amigos de la meteo. A partir de hoy haremos un seguimiento de la dana que se acercar\u00e1 a la pen\u00ednsula el martes pr\u00f3ximo.<\/p>\n<p>En estos momentos la dana se ubica al noroeste de las Islas Canarias, como pod\u00e9is ver en este mapa a 500 hpa del modelo europeo. Fuente meteociel<\/p>\n<p>&nbsp;<\/p>\n<p><a href=\"https:\/\/static-blogs.diariosur.es\/wp-content\/uploads\/sites\/12\/2025\/06\/gfs-0-18.png\"><img loading=\"lazy\" class=\"aligncenter size-full wp-image-45060\" src=\"https:\/\/static-blogs.diariosur.es\/wp-content\/uploads\/sites\/12\/2025\/06\/gfs-0-18.png\" alt=\"\" width=\"768\" height=\"512\" srcset=\"https:\/\/static-blogs.diariosur.es\/wp-content\/uploads\/sites\/12\/2025\/06\/gfs-0-18.png 768w, https:\/\/static-blogs.diariosur.es\/wp-content\/uploads\/sites\/12\/2025\/06\/gfs-0-18-600x400.png 600w, https:\/\/static-blogs.diariosur.es\/wp-content\/uploads\/sites\/12\/2025\/06\/gfs-0-18-612x408.png 612w\" sizes=\"(max-width: 768px) 100vw, 768px\" \/><\/a><\/p>\n<p>&nbsp;<\/p>\n<p>A partir de ma\u00f1ana se ir\u00e1 acercando a la pen\u00ednsula y se ubicara al oeste de Portugal el martes.<\/p>\n<p>Os pongo el mapa a 500 hpa del modelo europeo. Fuente meteologix<\/p>\n<p>&nbsp;<\/p>\n<p><a href=\"https:\/\/static-blogs.diariosur.es\/wp-content\/uploads\/sites\/12\/2025\/06\/Captura-de-pantalla-2025-06-07-094901.jpg\"><img loading=\"lazy\" class=\"aligncenter size-full wp-image-45061\" src=\"https:\/\/static-blogs.diariosur.es\/wp-content\/uploads\/sites\/12\/2025\/06\/Captura-de-pantalla-2025-06-07-094901.jpg\" alt=\"\" width=\"1138\" height=\"1132\" srcset=\"https:\/\/static-blogs.diariosur.es\/wp-content\/uploads\/sites\/12\/2025\/06\/Captura-de-pantalla-2025-06-07-094901.jpg 1138w, https:\/\/static-blogs.diariosur.es\/wp-content\/uploads\/sites\/12\/2025\/06\/Captura-de-pantalla-2025-06-07-094901-402x400.jpg 402w, https:\/\/static-blogs.diariosur.es\/wp-content\/uploads\/sites\/12\/2025\/06\/Captura-de-pantalla-2025-06-07-094901-410x408.jpg 410w, https:\/\/static-blogs.diariosur.es\/wp-content\/uploads\/sites\/12\/2025\/06\/Captura-de-pantalla-2025-06-07-094901-150x150.jpg 150w, https:\/\/static-blogs.diariosur.es\/wp-content\/uploads\/sites\/12\/2025\/06\/Captura-de-pantalla-2025-06-07-094901-768x764.jpg 768w\" sizes=\"(max-width: 1138px) 100vw, 1138px\" \/><\/a><\/p>\n<p>&nbsp;<\/p>\n<p>Con los modelos actualizados lo que esta mas claro es que tendremos polvo en suspensi\u00f3n a partir de ma\u00f1ana y hasta el jueves a primeras horas.<\/p>\n<p>En cuanto a las temperaturas m\u00e1ximas seguir\u00e1n por encima de la media hasta el martes, el mi\u00e9rcoles bajaran en el Valle del Guadalquivir, pero os aseguro que fr\u00edo no har\u00e1. En la provincia de M\u00e1laga seguir\u00e1n tambi\u00e9n por encima de la media, sobre todo el jueves.<\/p>\n<p>Y ahora lo mas importante: de momento en Andaluc\u00eda con los modelos actualizados de lluvias no se espera gran cosa. Pueden darse algunas tormentas en los sistemas monta\u00f1osos.<\/p>\n<p><strong>Hasta ma\u00f1ana por la noche no <\/strong><strong>estar\u00e1 claro que pasar\u00e1 con las probables tormentas.<\/strong><\/p>\n<p>Os paso los acumulados que dan el modelo europeo y americano de momento hasta el mi\u00e9rcoles. Si os fij\u00e1is nada del otro mundo.<\/p>\n<p>&nbsp;<\/p>\n<p>&nbsp;<\/p>\n<p><a href=\"https:\/\/static-blogs.diariosur.es\/wp-content\/uploads\/sites\/12\/2025\/06\/Captura-de-pantalla-2025-06-07-095237.jpg\"><img loading=\"lazy\" class=\"aligncenter size-full wp-image-45062\" src=\"https:\/\/static-blogs.diariosur.es\/wp-content\/uploads\/sites\/12\/2025\/06\/Captura-de-pantalla-2025-06-07-095237.jpg\" alt=\"\" width=\"1143\" height=\"1143\" srcset=\"https:\/\/static-blogs.diariosur.es\/wp-content\/uploads\/sites\/12\/2025\/06\/Captura-de-pantalla-2025-06-07-095237.jpg 1143w, https:\/\/static-blogs.diariosur.es\/wp-content\/uploads\/sites\/12\/2025\/06\/Captura-de-pantalla-2025-06-07-095237-400x400.jpg 400w, https:\/\/static-blogs.diariosur.es\/wp-content\/uploads\/sites\/12\/2025\/06\/Captura-de-pantalla-2025-06-07-095237-408x408.jpg 408w, https:\/\/static-blogs.diariosur.es\/wp-content\/uploads\/sites\/12\/2025\/06\/Captura-de-pantalla-2025-06-07-095237-150x150.jpg 150w, https:\/\/static-blogs.diariosur.es\/wp-content\/uploads\/sites\/12\/2025\/06\/Captura-de-pantalla-2025-06-07-095237-768x768.jpg 768w\" sizes=\"(max-width: 1143px) 100vw, 1143px\" \/><\/a><\/p>\n<p>&nbsp;<\/p>\n<p><a href=\"https:\/\/static-blogs.diariosur.es\/wp-content\/uploads\/sites\/12\/2025\/06\/americano.jpg\"><img loading=\"lazy\" class=\"aligncenter size-full wp-image-45063\" src=\"https:\/\/static-blogs.diariosur.es\/wp-content\/uploads\/sites\/12\/2025\/06\/americano.jpg\" alt=\"\" width=\"1147\" height=\"1144\" srcset=\"https:\/\/static-blogs.diariosur.es\/wp-content\/uploads\/sites\/12\/2025\/06\/americano.jpg 1147w, https:\/\/static-blogs.diariosur.es\/wp-content\/uploads\/sites\/12\/2025\/06\/americano-401x400.jpg 401w, https:\/\/static-blogs.diariosur.es\/wp-content\/uploads\/sites\/12\/2025\/06\/americano-409x408.jpg 409w, https:\/\/static-blogs.diariosur.es\/wp-content\/uploads\/sites\/12\/2025\/06\/americano-150x150.jpg 150w, https:\/\/static-blogs.diariosur.es\/wp-content\/uploads\/sites\/12\/2025\/06\/americano-768x766.jpg 768w\" sizes=\"(max-width: 1147px) 100vw, 1147px\" \/><\/a><\/p>\n<p>&nbsp;<\/p>\n<p>Os dejo con esta foto de tal d\u00eda como hoy del a\u00f1o pasado. El polvo en suspensi\u00f3n era protagonista.<\/p>\n<p>&nbsp;<\/p>\n<p><a href=\"https:\/\/static-blogs.diariosur.es\/wp-content\/uploads\/sites\/12\/2025\/06\/448069186_10228968212008977_4836459659219402364_n-e1749284088483.jpg\"><img loading=\"lazy\" class=\"aligncenter size-full wp-image-45064\" src=\"https:\/\/static-blogs.diariosur.es\/wp-content\/uploads\/sites\/12\/2025\/06\/448069186_10228968212008977_4836459659219402364_n-e1749284088483.jpg\" alt=\"\" width=\"1200\" height=\"800\" \/><\/a><\/p>\n<p>&nbsp;<\/p>\n<p>Nos vemos ma\u00f1ana.<\/p>\n","protected":false},"excerpt":{"rendered":"<p>&nbsp; Reedito, se activa el aviso amarillo por tormentas en las provincias de Granada y Almer\u00eda. Buenos d\u00edas, amigos de la meteo. A partir de hoy haremos un seguimiento de la dana que se acercar\u00e1 a la pen\u00ednsula el martes pr\u00f3ximo. En estos momentos la dana se ubica al noroeste de las Islas Canarias, como [&hellip;]<\/p>\n","protected":false},"author":16,"featured_media":45064,"comment_status":"open","ping_status":"open","sticky":false,"template":"","format":"standard","meta":[],"categories":[2],"tags":[209,307,358,587,789,809,947],"_links":{"self":[{"href":"https:\/\/blogs.diariosur.es\/tormentas-y-rayos\/wp-json\/wp\/v2\/posts\/45059"}],"collection":[{"href":"https:\/\/blogs.diariosur.es\/tormentas-y-rayos\/wp-json\/wp\/v2\/posts"}],"about":[{"href":"https:\/\/blogs.diariosur.es\/tormentas-y-rayos\/wp-json\/wp\/v2\/types\/post"}],"author":[{"embeddable":true,"href":"https:\/\/blogs.diariosur.es\/tormentas-y-rayos\/wp-json\/wp\/v2\/users\/16"}],"replies":[{"embeddable":true,"href":"https:\/\/blogs.diariosur.es\/tormentas-y-rayos\/wp-json\/wp\/v2\/comments?post=45059"}],"version-history":[{"count":3,"href":"https:\/\/blogs.diariosur.es\/tormentas-y-rayos\/wp-json\/wp\/v2\/posts\/45059\/revisions"}],"predecessor-version":[{"id":45066,"href":"https:\/\/blogs.diariosur.es\/tormentas-y-rayos\/wp-json\/wp\/v2\/posts\/45059\/revisions\/45066"}],"wp:featuredmedia":[{"embeddable":true,"href":"https:\/\/blogs.diariosur.es\/tormentas-y-rayos\/wp-json\/wp\/v2\/media\/45064"}],"wp:attachment":[{"href":"https:\/\/blogs.diariosur.es\/tormentas-y-rayos\/wp-json\/wp\/v2\/media?parent=45059"}],"wp:term":[{"taxonomy":"category","embeddable":true,"href":"https:\/\/blogs.diariosur.es\/tormentas-y-rayos\/wp-json\/wp\/v2\/categories?post=45059"},{"taxonomy":"post_tag","embeddable":true,"href":"https:\/\/blogs.diariosur.es\/tormentas-y-rayos\/wp-json\/wp\/v2\/tags?post=45059"}],"curies":[{"name":"wp","href":"https:\/\/api.w.org\/{rel}","templated":true}]}}