{"id":45078,"date":"2025-06-09T09:53:43","date_gmt":"2025-06-09T07:53:43","guid":{"rendered":"https:\/\/blogs.diariosur.es\/tormentas-y-rayos\/?p=45078"},"modified":"2025-10-05T10:05:19","modified_gmt":"2025-10-05T08:05:19","slug":"ultima-hora-de-la-dana-en-andalucia-modelos-de-precipitacion-actualizados","status":"publish","type":"post","link":"https:\/\/blogs.diariosur.es\/tormentas-y-rayos\/2025\/06\/09\/ultima-hora-de-la-dana-en-andalucia-modelos-de-precipitacion-actualizados\/","title":{"rendered":"\u00daltima hora de la dana en Andaluc\u00eda. Modelos de precipitaci\u00f3n actualizados"},"content":{"rendered":"<p><a href=\"https:\/\/static-blogs.diariosur.es\/wp-content\/uploads\/sites\/12\/2025\/06\/130738248_10221381944997043_6257362087676436516_n-1.jpg\"><img loading=\"lazy\" class=\"aligncenter size-thumbnail wp-image-45057\" src=\"https:\/\/static-blogs.diariosur.es\/wp-content\/uploads\/sites\/12\/2025\/06\/130738248_10221381944997043_6257362087676436516_n-1-150x150.jpg\" alt=\"\" width=\"150\" height=\"150\" srcset=\"https:\/\/static-blogs.diariosur.es\/wp-content\/uploads\/sites\/12\/2025\/06\/130738248_10221381944997043_6257362087676436516_n-1-150x150.jpg 150w, https:\/\/static-blogs.diariosur.es\/wp-content\/uploads\/sites\/12\/2025\/06\/130738248_10221381944997043_6257362087676436516_n-1-400x400.jpg 400w, https:\/\/static-blogs.diariosur.es\/wp-content\/uploads\/sites\/12\/2025\/06\/130738248_10221381944997043_6257362087676436516_n-1-408x408.jpg 408w, https:\/\/static-blogs.diariosur.es\/wp-content\/uploads\/sites\/12\/2025\/06\/130738248_10221381944997043_6257362087676436516_n-1.jpg 768w\" sizes=\"(max-width: 150px) 100vw, 150px\" \/><\/a><\/p>\n<p data-pm-slice=\"1 1 []\">Buenos d\u00edas, amigos de la meteo. Ma\u00f1ana agradable en M\u00e1laga capital, cielos con nubes bajas debido al levante y polvo en suspensi\u00f3n. Lo malo es la humedad tan alta que tenemos ahora; en zonas de la capital ronda el 88%.<\/p>\n<p>Ayer domingo se registraron estas temperaturas m\u00e1ximas en la provincia de M\u00e1laga.<\/p>\n<p>Ronda Instituto: 38,1 \u00baC, fuente AEMET.<\/p>\n<p>Archidona-Vega 39,3 \u00baC, fuente meteoclimatic<\/p>\n<p>La m\u00e1xima de Espa\u00f1a se registr\u00f3 en Mor\u00f3n de la Frontera con 42,9 \u00baC, fuente AEMET.<\/p>\n<h3><strong>\u00daltima hora de la DANA en Andaluc\u00eda. Modelos de precipitaci\u00f3n actualizados<\/strong><\/h3>\n<p>A tan pocas horas de que acerque la DANA al oeste de Portugal, como pod\u00e9is ver en este mapa a 500 hPa del modelo europeo.<\/p>\n<p>&nbsp;<\/p>\n<p>&nbsp;<\/p>\n<p><a href=\"https:\/\/static-blogs.diariosur.es\/wp-content\/uploads\/sites\/12\/2025\/06\/a-500.jpg\"><img loading=\"lazy\" class=\"aligncenter size-full wp-image-45079\" src=\"https:\/\/static-blogs.diariosur.es\/wp-content\/uploads\/sites\/12\/2025\/06\/a-500.jpg\" alt=\"\" width=\"1140\" height=\"1132\" srcset=\"https:\/\/static-blogs.diariosur.es\/wp-content\/uploads\/sites\/12\/2025\/06\/a-500.jpg 1140w, https:\/\/static-blogs.diariosur.es\/wp-content\/uploads\/sites\/12\/2025\/06\/a-500-403x400.jpg 403w, https:\/\/static-blogs.diariosur.es\/wp-content\/uploads\/sites\/12\/2025\/06\/a-500-411x408.jpg 411w, https:\/\/static-blogs.diariosur.es\/wp-content\/uploads\/sites\/12\/2025\/06\/a-500-150x150.jpg 150w, https:\/\/static-blogs.diariosur.es\/wp-content\/uploads\/sites\/12\/2025\/06\/a-500-768x763.jpg 768w\" sizes=\"(max-width: 1140px) 100vw, 1140px\" \/><\/a><\/p>\n<p>&nbsp;<\/p>\n<p data-pm-slice=\"1 1 []\">Sigue la incertidumbre sobre los acumulados que pueda dejar entre ma\u00f1ana y el mi\u00e9rcoles. El modelo americano la posiciona igual que el europeo.<\/p>\n<p>Como coment\u00e9 el otro d\u00eda, tendremos calima y una bajada de temperaturas m\u00e1ximas el mi\u00e9rcoles en muchos puntos de nuestra comunidad; en la provincia de M\u00e1laga no se notar\u00e1 tanto.<\/p>\n<p>Os pongo los probables acumulados que dan los modelos europeo y americano en Andaluc\u00eda y provincia de M\u00e1laga. Todos los portales no se mojar\u00e1n.<\/p>\n<p>&nbsp;<\/p>\n<p><strong>MODELO EUROPEO<\/strong><\/p>\n<p>&nbsp;<\/p>\n<p><a href=\"https:\/\/static-blogs.diariosur.es\/wp-content\/uploads\/sites\/12\/2025\/06\/andalucia-europeo.jpg\"><img loading=\"lazy\" class=\"aligncenter size-full wp-image-45080\" src=\"https:\/\/static-blogs.diariosur.es\/wp-content\/uploads\/sites\/12\/2025\/06\/andalucia-europeo.jpg\" alt=\"\" width=\"1147\" height=\"1144\" srcset=\"https:\/\/static-blogs.diariosur.es\/wp-content\/uploads\/sites\/12\/2025\/06\/andalucia-europeo.jpg 1147w, https:\/\/static-blogs.diariosur.es\/wp-content\/uploads\/sites\/12\/2025\/06\/andalucia-europeo-401x400.jpg 401w, https:\/\/static-blogs.diariosur.es\/wp-content\/uploads\/sites\/12\/2025\/06\/andalucia-europeo-409x408.jpg 409w, https:\/\/static-blogs.diariosur.es\/wp-content\/uploads\/sites\/12\/2025\/06\/andalucia-europeo-150x150.jpg 150w, https:\/\/static-blogs.diariosur.es\/wp-content\/uploads\/sites\/12\/2025\/06\/andalucia-europeo-768x766.jpg 768w\" sizes=\"(max-width: 1147px) 100vw, 1147px\" \/><\/a> <a href=\"https:\/\/static-blogs.diariosur.es\/wp-content\/uploads\/sites\/12\/2025\/06\/malaga-europeo.jpg\"><img loading=\"lazy\" class=\"aligncenter size-full wp-image-45081\" src=\"https:\/\/static-blogs.diariosur.es\/wp-content\/uploads\/sites\/12\/2025\/06\/malaga-europeo.jpg\" alt=\"\" width=\"1147\" height=\"1141\" srcset=\"https:\/\/static-blogs.diariosur.es\/wp-content\/uploads\/sites\/12\/2025\/06\/malaga-europeo.jpg 1147w, https:\/\/static-blogs.diariosur.es\/wp-content\/uploads\/sites\/12\/2025\/06\/malaga-europeo-402x400.jpg 402w, https:\/\/static-blogs.diariosur.es\/wp-content\/uploads\/sites\/12\/2025\/06\/malaga-europeo-410x408.jpg 410w, https:\/\/static-blogs.diariosur.es\/wp-content\/uploads\/sites\/12\/2025\/06\/malaga-europeo-150x150.jpg 150w, https:\/\/static-blogs.diariosur.es\/wp-content\/uploads\/sites\/12\/2025\/06\/malaga-europeo-768x764.jpg 768w\" sizes=\"(max-width: 1147px) 100vw, 1147px\" \/><\/a><\/p>\n<p>&nbsp;<\/p>\n<p><strong>MODELO AMERICANO<\/strong><\/p>\n<p>&nbsp;<\/p>\n<p><a href=\"https:\/\/static-blogs.diariosur.es\/wp-content\/uploads\/sites\/12\/2025\/06\/andalucia-americano.jpg\"><img loading=\"lazy\" class=\"aligncenter size-full wp-image-45082\" src=\"https:\/\/static-blogs.diariosur.es\/wp-content\/uploads\/sites\/12\/2025\/06\/andalucia-americano.jpg\" alt=\"\" width=\"1143\" height=\"1138\" srcset=\"https:\/\/static-blogs.diariosur.es\/wp-content\/uploads\/sites\/12\/2025\/06\/andalucia-americano.jpg 1143w, https:\/\/static-blogs.diariosur.es\/wp-content\/uploads\/sites\/12\/2025\/06\/andalucia-americano-402x400.jpg 402w, https:\/\/static-blogs.diariosur.es\/wp-content\/uploads\/sites\/12\/2025\/06\/andalucia-americano-410x408.jpg 410w, https:\/\/static-blogs.diariosur.es\/wp-content\/uploads\/sites\/12\/2025\/06\/andalucia-americano-150x150.jpg 150w, https:\/\/static-blogs.diariosur.es\/wp-content\/uploads\/sites\/12\/2025\/06\/andalucia-americano-768x765.jpg 768w\" sizes=\"(max-width: 1143px) 100vw, 1143px\" \/><\/a><\/p>\n<p>&nbsp;<\/p>\n<p><a href=\"https:\/\/static-blogs.diariosur.es\/wp-content\/uploads\/sites\/12\/2025\/06\/malaga-americano-.jpg\"><img loading=\"lazy\" class=\"aligncenter size-full wp-image-45083\" src=\"https:\/\/static-blogs.diariosur.es\/wp-content\/uploads\/sites\/12\/2025\/06\/malaga-americano-.jpg\" alt=\"\" width=\"1137\" height=\"1132\" srcset=\"https:\/\/static-blogs.diariosur.es\/wp-content\/uploads\/sites\/12\/2025\/06\/malaga-americano-.jpg 1137w, https:\/\/static-blogs.diariosur.es\/wp-content\/uploads\/sites\/12\/2025\/06\/malaga-americano--402x400.jpg 402w, https:\/\/static-blogs.diariosur.es\/wp-content\/uploads\/sites\/12\/2025\/06\/malaga-americano--410x408.jpg 410w, https:\/\/static-blogs.diariosur.es\/wp-content\/uploads\/sites\/12\/2025\/06\/malaga-americano--150x150.jpg 150w, https:\/\/static-blogs.diariosur.es\/wp-content\/uploads\/sites\/12\/2025\/06\/malaga-americano--768x765.jpg 768w\" sizes=\"(max-width: 1137px) 100vw, 1137px\" \/><\/a><\/p>\n<p>&nbsp;<\/p>\n<p>Ma\u00f1ana veremos que dicen los modelos en meseoscala.<\/p>\n<p>Os dejo con esta bonita foto de mi amigo Crist\u00f3bal Gambero en Mijas Pueblo.<\/p>\n<p>&nbsp;<\/p>\n<p><a href=\"https:\/\/static-blogs.diariosur.es\/wp-content\/uploads\/sites\/12\/2025\/06\/505571142_9870248869690685_17196854077486129_n-e1749455091331.jpg\"><img loading=\"lazy\" class=\"aligncenter size-full wp-image-45084\" src=\"https:\/\/static-blogs.diariosur.es\/wp-content\/uploads\/sites\/12\/2025\/06\/505571142_9870248869690685_17196854077486129_n-e1749455091331.jpg\" alt=\"\" width=\"1000\" height=\"563\" \/><\/a><\/p>\n","protected":false},"excerpt":{"rendered":"<p>Buenos d\u00edas, amigos de la meteo. Ma\u00f1ana agradable en M\u00e1laga capital, cielos con nubes bajas debido al levante y polvo en suspensi\u00f3n. Lo malo es la humedad tan alta que tenemos ahora; en zonas de la capital ronda el 88%. Ayer domingo se registraron estas temperaturas m\u00e1ximas en la provincia de M\u00e1laga. Ronda Instituto: 38,1 [&hellip;]<\/p>\n","protected":false},"author":16,"featured_media":45084,"comment_status":"open","ping_status":"open","sticky":false,"template":"","format":"standard","meta":[],"categories":[2],"tags":[100,209,307,358,587,789,947],"_links":{"self":[{"href":"https:\/\/blogs.diariosur.es\/tormentas-y-rayos\/wp-json\/wp\/v2\/posts\/45078"}],"collection":[{"href":"https:\/\/blogs.diariosur.es\/tormentas-y-rayos\/wp-json\/wp\/v2\/posts"}],"about":[{"href":"https:\/\/blogs.diariosur.es\/tormentas-y-rayos\/wp-json\/wp\/v2\/types\/post"}],"author":[{"embeddable":true,"href":"https:\/\/blogs.diariosur.es\/tormentas-y-rayos\/wp-json\/wp\/v2\/users\/16"}],"replies":[{"embeddable":true,"href":"https:\/\/blogs.diariosur.es\/tormentas-y-rayos\/wp-json\/wp\/v2\/comments?post=45078"}],"version-history":[{"count":3,"href":"https:\/\/blogs.diariosur.es\/tormentas-y-rayos\/wp-json\/wp\/v2\/posts\/45078\/revisions"}],"predecessor-version":[{"id":46585,"href":"https:\/\/blogs.diariosur.es\/tormentas-y-rayos\/wp-json\/wp\/v2\/posts\/45078\/revisions\/46585"}],"wp:featuredmedia":[{"embeddable":true,"href":"https:\/\/blogs.diariosur.es\/tormentas-y-rayos\/wp-json\/wp\/v2\/media\/45084"}],"wp:attachment":[{"href":"https:\/\/blogs.diariosur.es\/tormentas-y-rayos\/wp-json\/wp\/v2\/media?parent=45078"}],"wp:term":[{"taxonomy":"category","embeddable":true,"href":"https:\/\/blogs.diariosur.es\/tormentas-y-rayos\/wp-json\/wp\/v2\/categories?post=45078"},{"taxonomy":"post_tag","embeddable":true,"href":"https:\/\/blogs.diariosur.es\/tormentas-y-rayos\/wp-json\/wp\/v2\/tags?post=45078"}],"curies":[{"name":"wp","href":"https:\/\/api.w.org\/{rel}","templated":true}]}}