{"id":45086,"date":"2025-06-10T08:01:57","date_gmt":"2025-06-10T06:01:57","guid":{"rendered":"https:\/\/blogs.diariosur.es\/tormentas-y-rayos\/?p=45086"},"modified":"2025-10-05T10:03:19","modified_gmt":"2025-10-05T08:03:19","slug":"mammatus-y-bonito-amanecer-hoy-incertidumbre-con-los-modelos-de-lluvia-en-la-provincia-malaguena","status":"publish","type":"post","link":"https:\/\/blogs.diariosur.es\/tormentas-y-rayos\/2025\/06\/10\/mammatus-y-bonito-amanecer-hoy-incertidumbre-con-los-modelos-de-lluvia-en-la-provincia-malaguena\/","title":{"rendered":"Mammatus y bonito amanecer hoy. Incertidumbre con los modelos de lluvia en la provincia malague\u00f1a."},"content":{"rendered":"<p><a href=\"https:\/\/static-blogs.diariosur.es\/wp-content\/uploads\/sites\/12\/2025\/06\/130738248_10221381944997043_6257362087676436516_n.jpg\"><img loading=\"lazy\" class=\"aligncenter size-thumbnail wp-image-44989\" src=\"https:\/\/static-blogs.diariosur.es\/wp-content\/uploads\/sites\/12\/2025\/06\/130738248_10221381944997043_6257362087676436516_n-150x150.jpg\" alt=\"\" width=\"150\" height=\"150\" srcset=\"https:\/\/static-blogs.diariosur.es\/wp-content\/uploads\/sites\/12\/2025\/06\/130738248_10221381944997043_6257362087676436516_n-150x150.jpg 150w, https:\/\/static-blogs.diariosur.es\/wp-content\/uploads\/sites\/12\/2025\/06\/130738248_10221381944997043_6257362087676436516_n-400x400.jpg 400w, https:\/\/static-blogs.diariosur.es\/wp-content\/uploads\/sites\/12\/2025\/06\/130738248_10221381944997043_6257362087676436516_n-408x408.jpg 408w, https:\/\/static-blogs.diariosur.es\/wp-content\/uploads\/sites\/12\/2025\/06\/130738248_10221381944997043_6257362087676436516_n.jpg 768w\" sizes=\"(max-width: 150px) 100vw, 150px\" \/><\/a><\/p>\n<p data-pm-slice=\"1 1 []\">Buenos d\u00edas, amigos de la meteo. Bonito amanecer que hemos tenido esta ma\u00f1ana en M\u00e1laga capital y otras zonas de la provincia de M\u00e1laga. Tambi\u00e9n tenemos mammatus.<\/p>\n<p>Os paso un video Y una foto.<\/p>\n<p><iframe loading=\"lazy\" title=\"Amanecer 10 de junio en M\u00e1laga capital\" width=\"500\" height=\"281\" src=\"https:\/\/www.youtube.com\/embed\/cXGzUTB954U?feature=oembed\" frameborder=\"0\" allow=\"accelerometer; autoplay; clipboard-write; encrypted-media; gyroscope; picture-in-picture; web-share\" referrerpolicy=\"strict-origin-when-cross-origin\" allowfullscreen><\/iframe><\/p>\n<p>&nbsp;<\/p>\n<p><a href=\"https:\/\/static-blogs.diariosur.es\/wp-content\/uploads\/sites\/12\/2025\/06\/505854083_10233082443062182_2359885951260956750_n-e1749535124220.jpg\"><img loading=\"lazy\" class=\"aligncenter size-full wp-image-45096\" src=\"https:\/\/static-blogs.diariosur.es\/wp-content\/uploads\/sites\/12\/2025\/06\/505854083_10233082443062182_2359885951260956750_n-e1749535124220.jpg\" alt=\"\" width=\"1000\" height=\"750\" \/><\/a><\/p>\n<p>&nbsp;<\/p>\n<p data-pm-slice=\"1 1 []\">Con todos los modelos actualizados hay incertidumbre en cuanto a los acumulados; unos dan algunos litros y otros apenas nada. Ayer ya cayeron algunas gotas de barro en zonas de M\u00e1laga.<\/p>\n<p>Esta pr\u00f3xima madrugada espero algunos rel\u00e1mpagos en la provincia malague\u00f1a, pero esto no quiere decir que caiga mucha cantidad; ya sab\u00e9is que hay tormentas secas que la acompa\u00f1an fuertes rachas de viento. Esa l\u00ednea de inestabilidad puede pasar por la provincia de M\u00e1laga o la de C\u00e1diz y Sevilla. Ma\u00f1ana sabremos d\u00f3nde se han registrado m\u00e1s precipitaciones y menos. De momento no hay avisos por tormentas para ma\u00f1ana en Andaluc\u00eda.<\/p>\n<p>&nbsp;<\/p>\n<p>Os paso una serie de modelos de precipitaci\u00f3n en 33 horas. Nos vemos ma\u00f1ana.<\/p>\n<p>&nbsp;<\/p>\n<p><a href=\"https:\/\/static-blogs.diariosur.es\/wp-content\/uploads\/sites\/12\/2025\/06\/americano-1.jpg\"><img loading=\"lazy\" class=\"aligncenter size-full wp-image-45087\" src=\"https:\/\/static-blogs.diariosur.es\/wp-content\/uploads\/sites\/12\/2025\/06\/americano-1.jpg\" alt=\"\" width=\"1141\" height=\"1135\" srcset=\"https:\/\/static-blogs.diariosur.es\/wp-content\/uploads\/sites\/12\/2025\/06\/americano-1.jpg 1141w, https:\/\/static-blogs.diariosur.es\/wp-content\/uploads\/sites\/12\/2025\/06\/americano-1-402x400.jpg 402w, https:\/\/static-blogs.diariosur.es\/wp-content\/uploads\/sites\/12\/2025\/06\/americano-1-410x408.jpg 410w, https:\/\/static-blogs.diariosur.es\/wp-content\/uploads\/sites\/12\/2025\/06\/americano-1-150x150.jpg 150w, https:\/\/static-blogs.diariosur.es\/wp-content\/uploads\/sites\/12\/2025\/06\/americano-1-768x764.jpg 768w\" sizes=\"(max-width: 1141px) 100vw, 1141px\" \/><\/a> <a href=\"https:\/\/static-blogs.diariosur.es\/wp-content\/uploads\/sites\/12\/2025\/06\/arpege.jpg\"><img loading=\"lazy\" class=\"aligncenter size-full wp-image-45088\" src=\"https:\/\/static-blogs.diariosur.es\/wp-content\/uploads\/sites\/12\/2025\/06\/arpege.jpg\" alt=\"\" width=\"1162\" height=\"1171\" srcset=\"https:\/\/static-blogs.diariosur.es\/wp-content\/uploads\/sites\/12\/2025\/06\/arpege.jpg 1162w, https:\/\/static-blogs.diariosur.es\/wp-content\/uploads\/sites\/12\/2025\/06\/arpege-397x400.jpg 397w, https:\/\/static-blogs.diariosur.es\/wp-content\/uploads\/sites\/12\/2025\/06\/arpege-405x408.jpg 405w, https:\/\/static-blogs.diariosur.es\/wp-content\/uploads\/sites\/12\/2025\/06\/arpege-150x150.jpg 150w, https:\/\/static-blogs.diariosur.es\/wp-content\/uploads\/sites\/12\/2025\/06\/arpege-768x774.jpg 768w\" sizes=\"(max-width: 1162px) 100vw, 1162px\" \/><\/a> <a href=\"https:\/\/static-blogs.diariosur.es\/wp-content\/uploads\/sites\/12\/2025\/06\/europeo.jpg\"><img loading=\"lazy\" class=\"aligncenter size-full wp-image-45089\" src=\"https:\/\/static-blogs.diariosur.es\/wp-content\/uploads\/sites\/12\/2025\/06\/europeo.jpg\" alt=\"\" width=\"1141\" height=\"1138\" srcset=\"https:\/\/static-blogs.diariosur.es\/wp-content\/uploads\/sites\/12\/2025\/06\/europeo.jpg 1141w, https:\/\/static-blogs.diariosur.es\/wp-content\/uploads\/sites\/12\/2025\/06\/europeo-401x400.jpg 401w, https:\/\/static-blogs.diariosur.es\/wp-content\/uploads\/sites\/12\/2025\/06\/europeo-409x408.jpg 409w, https:\/\/static-blogs.diariosur.es\/wp-content\/uploads\/sites\/12\/2025\/06\/europeo-150x150.jpg 150w, https:\/\/static-blogs.diariosur.es\/wp-content\/uploads\/sites\/12\/2025\/06\/europeo-768x766.jpg 768w\" sizes=\"(max-width: 1141px) 100vw, 1141px\" \/><\/a> <a href=\"https:\/\/static-blogs.diariosur.es\/wp-content\/uploads\/sites\/12\/2025\/06\/icon.jpg\"><img loading=\"lazy\" class=\"aligncenter size-full wp-image-45090\" src=\"https:\/\/static-blogs.diariosur.es\/wp-content\/uploads\/sites\/12\/2025\/06\/icon.jpg\" alt=\"\" width=\"1150\" height=\"1123\" srcset=\"https:\/\/static-blogs.diariosur.es\/wp-content\/uploads\/sites\/12\/2025\/06\/icon.jpg 1150w, https:\/\/static-blogs.diariosur.es\/wp-content\/uploads\/sites\/12\/2025\/06\/icon-410x400.jpg 410w, https:\/\/static-blogs.diariosur.es\/wp-content\/uploads\/sites\/12\/2025\/06\/icon-418x408.jpg 418w, https:\/\/static-blogs.diariosur.es\/wp-content\/uploads\/sites\/12\/2025\/06\/icon-768x750.jpg 768w\" sizes=\"(max-width: 1150px) 100vw, 1150px\" \/><\/a> <a href=\"https:\/\/static-blogs.diariosur.es\/wp-content\/uploads\/sites\/12\/2025\/06\/reino-unido.jpg\"><img loading=\"lazy\" class=\"aligncenter size-full wp-image-45091\" src=\"https:\/\/static-blogs.diariosur.es\/wp-content\/uploads\/sites\/12\/2025\/06\/reino-unido.jpg\" alt=\"\" width=\"1141\" height=\"1135\" srcset=\"https:\/\/static-blogs.diariosur.es\/wp-content\/uploads\/sites\/12\/2025\/06\/reino-unido.jpg 1141w, https:\/\/static-blogs.diariosur.es\/wp-content\/uploads\/sites\/12\/2025\/06\/reino-unido-402x400.jpg 402w, https:\/\/static-blogs.diariosur.es\/wp-content\/uploads\/sites\/12\/2025\/06\/reino-unido-410x408.jpg 410w, https:\/\/static-blogs.diariosur.es\/wp-content\/uploads\/sites\/12\/2025\/06\/reino-unido-150x150.jpg 150w, https:\/\/static-blogs.diariosur.es\/wp-content\/uploads\/sites\/12\/2025\/06\/reino-unido-768x764.jpg 768w\" sizes=\"(max-width: 1141px) 100vw, 1141px\" \/><\/a> <a href=\"https:\/\/static-blogs.diariosur.es\/wp-content\/uploads\/sites\/12\/2025\/06\/wrf.jpg\"><img loading=\"lazy\" class=\"aligncenter size-full wp-image-45092\" src=\"https:\/\/static-blogs.diariosur.es\/wp-content\/uploads\/sites\/12\/2025\/06\/wrf.jpg\" alt=\"\" width=\"1176\" height=\"1357\" srcset=\"https:\/\/static-blogs.diariosur.es\/wp-content\/uploads\/sites\/12\/2025\/06\/wrf.jpg 1176w, https:\/\/static-blogs.diariosur.es\/wp-content\/uploads\/sites\/12\/2025\/06\/wrf-347x400.jpg 347w, https:\/\/static-blogs.diariosur.es\/wp-content\/uploads\/sites\/12\/2025\/06\/wrf-354x408.jpg 354w, https:\/\/static-blogs.diariosur.es\/wp-content\/uploads\/sites\/12\/2025\/06\/wrf-768x886.jpg 768w\" sizes=\"(max-width: 1176px) 100vw, 1176px\" \/><\/a><\/p>\n<p>&nbsp;<\/p>\n","protected":false},"excerpt":{"rendered":"<p>Buenos d\u00edas, amigos de la meteo. Bonito amanecer que hemos tenido esta ma\u00f1ana en M\u00e1laga capital y otras zonas de la provincia de M\u00e1laga. Tambi\u00e9n tenemos mammatus. Os paso un video Y una foto. &nbsp; &nbsp; Con todos los modelos actualizados hay incertidumbre en cuanto a los acumulados; unos dan algunos litros y otros apenas [&hellip;]<\/p>\n","protected":false},"author":16,"featured_media":45096,"comment_status":"open","ping_status":"open","sticky":false,"template":"","format":"standard","meta":[],"categories":[2],"tags":[],"_links":{"self":[{"href":"https:\/\/blogs.diariosur.es\/tormentas-y-rayos\/wp-json\/wp\/v2\/posts\/45086"}],"collection":[{"href":"https:\/\/blogs.diariosur.es\/tormentas-y-rayos\/wp-json\/wp\/v2\/posts"}],"about":[{"href":"https:\/\/blogs.diariosur.es\/tormentas-y-rayos\/wp-json\/wp\/v2\/types\/post"}],"author":[{"embeddable":true,"href":"https:\/\/blogs.diariosur.es\/tormentas-y-rayos\/wp-json\/wp\/v2\/users\/16"}],"replies":[{"embeddable":true,"href":"https:\/\/blogs.diariosur.es\/tormentas-y-rayos\/wp-json\/wp\/v2\/comments?post=45086"}],"version-history":[{"count":4,"href":"https:\/\/blogs.diariosur.es\/tormentas-y-rayos\/wp-json\/wp\/v2\/posts\/45086\/revisions"}],"predecessor-version":[{"id":46583,"href":"https:\/\/blogs.diariosur.es\/tormentas-y-rayos\/wp-json\/wp\/v2\/posts\/45086\/revisions\/46583"}],"wp:featuredmedia":[{"embeddable":true,"href":"https:\/\/blogs.diariosur.es\/tormentas-y-rayos\/wp-json\/wp\/v2\/media\/45096"}],"wp:attachment":[{"href":"https:\/\/blogs.diariosur.es\/tormentas-y-rayos\/wp-json\/wp\/v2\/media?parent=45086"}],"wp:term":[{"taxonomy":"category","embeddable":true,"href":"https:\/\/blogs.diariosur.es\/tormentas-y-rayos\/wp-json\/wp\/v2\/categories?post=45086"},{"taxonomy":"post_tag","embeddable":true,"href":"https:\/\/blogs.diariosur.es\/tormentas-y-rayos\/wp-json\/wp\/v2\/tags?post=45086"}],"curies":[{"name":"wp","href":"https:\/\/api.w.org\/{rel}","templated":true}]}}