{"id":45116,"date":"2025-06-12T07:25:34","date_gmt":"2025-06-12T05:25:34","guid":{"rendered":"https:\/\/blogs.diariosur.es\/tormentas-y-rayos\/?p=45116"},"modified":"2025-10-05T09:58:51","modified_gmt":"2025-10-05T07:58:51","slug":"despues-de-la-tempestad-de-rayos-y-viento-llega-a-la-provincia-malaguena-el-poniente-aterralado","status":"publish","type":"post","link":"https:\/\/blogs.diariosur.es\/tormentas-y-rayos\/2025\/06\/12\/despues-de-la-tempestad-de-rayos-y-viento-llega-a-la-provincia-malaguena-el-poniente-aterralado\/","title":{"rendered":"Despu\u00e9s de la tempestad de rayos y viento, llega a M\u00e1laga el poniente aterralado."},"content":{"rendered":"<p><a href=\"https:\/\/static-blogs.diariosur.es\/wp-content\/uploads\/sites\/12\/2025\/06\/130738248_10221381944997043_6257362087676436516_n-1.jpg\"><img loading=\"lazy\" class=\"aligncenter size-thumbnail wp-image-45057\" src=\"https:\/\/static-blogs.diariosur.es\/wp-content\/uploads\/sites\/12\/2025\/06\/130738248_10221381944997043_6257362087676436516_n-1-150x150.jpg\" alt=\"\" width=\"150\" height=\"150\" srcset=\"https:\/\/static-blogs.diariosur.es\/wp-content\/uploads\/sites\/12\/2025\/06\/130738248_10221381944997043_6257362087676436516_n-1-150x150.jpg 150w, https:\/\/static-blogs.diariosur.es\/wp-content\/uploads\/sites\/12\/2025\/06\/130738248_10221381944997043_6257362087676436516_n-1-400x400.jpg 400w, https:\/\/static-blogs.diariosur.es\/wp-content\/uploads\/sites\/12\/2025\/06\/130738248_10221381944997043_6257362087676436516_n-1-408x408.jpg 408w, https:\/\/static-blogs.diariosur.es\/wp-content\/uploads\/sites\/12\/2025\/06\/130738248_10221381944997043_6257362087676436516_n-1.jpg 768w\" sizes=\"(max-width: 150px) 100vw, 150px\" \/><\/a><\/p>\n<p data-pm-slice=\"1 1 []\">Muy buenos d\u00edas, amigos de la meteo. Cuando son las seis y media de la ma\u00f1ana en M\u00e1laga capital, mi estaci\u00f3n registra 21,2 \u00baC, los cielos est\u00e1n despejados y el viento sopla moderado de componente oeste.<\/p>\n<p>Hoy jueves el poniente aterralado ser\u00e1 protagonista, d\u00e1ndose las temperaturas m\u00e1s altas en el interior del Valle del Guadalhorce; en esta zona de la provincia registrar\u00e1n entre los 31 y 35 \u00baC.<\/p>\n<p>Como es habitual en M\u00e1laga capital con poniente aterralado, tendremos diferencia de temperatura de unos barrios a otros; rondar\u00e1n los 28 y 32 \u00baC.<\/p>\n<p>En la comarca de Ronda, entre los 26 y 28 \u00baC.<\/p>\n<p>En la comarca de Antequera, entre los 27 y 30 \u00baC.<\/p>\n<p>En la Axarqu\u00eda malague\u00f1a, seg\u00fan zonas, entre los 25 y 30 \u00baC.<\/p>\n<p>La temperatura del agua del mar en la costa malague\u00f1a estar\u00e1 entre los 18 y 19 \u00baC.<\/p>\n<p>A \u00faltima hora de la noche, el viento ir\u00e1 rolando a componente este flojo.<\/p>\n<p>Si me da tiempo por la tarde, os dar\u00e9 la predicci\u00f3n del fin de semana.<\/p>\n<p>&nbsp;<\/p>\n<p>&nbsp;<\/p>\n","protected":false},"excerpt":{"rendered":"<p>Muy buenos d\u00edas, amigos de la meteo. Cuando son las seis y media de la ma\u00f1ana en M\u00e1laga capital, mi estaci\u00f3n registra 21,2 \u00baC, los cielos est\u00e1n despejados y el viento sopla moderado de componente oeste. Hoy jueves el poniente aterralado ser\u00e1 protagonista, d\u00e1ndose las temperaturas m\u00e1s altas en el interior del Valle del Guadalhorce; [&hellip;]<\/p>\n","protected":false},"author":16,"featured_media":45118,"comment_status":"open","ping_status":"open","sticky":false,"template":"","format":"standard","meta":[],"categories":[2],"tags":[358,587,800,975],"_links":{"self":[{"href":"https:\/\/blogs.diariosur.es\/tormentas-y-rayos\/wp-json\/wp\/v2\/posts\/45116"}],"collection":[{"href":"https:\/\/blogs.diariosur.es\/tormentas-y-rayos\/wp-json\/wp\/v2\/posts"}],"about":[{"href":"https:\/\/blogs.diariosur.es\/tormentas-y-rayos\/wp-json\/wp\/v2\/types\/post"}],"author":[{"embeddable":true,"href":"https:\/\/blogs.diariosur.es\/tormentas-y-rayos\/wp-json\/wp\/v2\/users\/16"}],"replies":[{"embeddable":true,"href":"https:\/\/blogs.diariosur.es\/tormentas-y-rayos\/wp-json\/wp\/v2\/comments?post=45116"}],"version-history":[{"count":4,"href":"https:\/\/blogs.diariosur.es\/tormentas-y-rayos\/wp-json\/wp\/v2\/posts\/45116\/revisions"}],"predecessor-version":[{"id":46579,"href":"https:\/\/blogs.diariosur.es\/tormentas-y-rayos\/wp-json\/wp\/v2\/posts\/45116\/revisions\/46579"}],"wp:featuredmedia":[{"embeddable":true,"href":"https:\/\/blogs.diariosur.es\/tormentas-y-rayos\/wp-json\/wp\/v2\/media\/45118"}],"wp:attachment":[{"href":"https:\/\/blogs.diariosur.es\/tormentas-y-rayos\/wp-json\/wp\/v2\/media?parent=45116"}],"wp:term":[{"taxonomy":"category","embeddable":true,"href":"https:\/\/blogs.diariosur.es\/tormentas-y-rayos\/wp-json\/wp\/v2\/categories?post=45116"},{"taxonomy":"post_tag","embeddable":true,"href":"https:\/\/blogs.diariosur.es\/tormentas-y-rayos\/wp-json\/wp\/v2\/tags?post=45116"}],"curies":[{"name":"wp","href":"https:\/\/api.w.org\/{rel}","templated":true}]}}