{"id":4512,"date":"2012-12-28T07:18:51","date_gmt":"2012-12-28T06:18:51","guid":{"rendered":"http:\/\/blogs.diariosur.es\/tormentas-y-rayos\/?p=4512"},"modified":"2012-12-28T07:18:51","modified_gmt":"2012-12-28T06:18:51","slug":"prediccion-del-tiempo-fin-de-semana-el-domingo-os-dare-el-del-fin-de-ano-posibles-chubascos","status":"publish","type":"post","link":"https:\/\/blogs.diariosur.es\/tormentas-y-rayos\/2012\/12\/28\/prediccion-del-tiempo-fin-de-semana-el-domingo-os-dare-el-del-fin-de-ano-posibles-chubascos\/","title":{"rendered":"Predicci\u00f3n del tiempo fin de semana. El domingo os dar\u00e9 el del fin de a\u00f1o (posibles chubascos)"},"content":{"rendered":"<p><strong>Buenos d\u00edas \u00a0amigos de la meteo. Son las seis de la ma\u00f1ana, registro 7,2 grados en mi sensor y los \u00a0cielos est\u00e1n despejados. El viento esta en calma, registro una presi\u00f3n de 1030 mb y la humedad es del 63 %, asi que cuando coja la moto para ir al curro la sensaci\u00f3n sera de 0 grados ji i. Os paso las temperaturas que hay ahora mismo en algunos puntos de\u00a0Andaluc\u00eda. Destaca Antequera con casi 2 grados bajo cero en nuestra provincia. \u00a0Fuente Aemet.<\/strong><\/p>\n<p><a href=\"https:\/\/blogs.diariosur.es\/tormentas-y-rayos\/2012\/12\/28\/prediccion-del-tiempo-fin-de-semana-el-domingo-os-dare-el-del-fin-de-ano-posibles-chubascos\/minimas-2\/\" rel=\"attachment wp-att-4516\"><img loading=\"lazy\" class=\"aligncenter size-full wp-image-4516\" title=\"minimas\" src=\"\/tormentas-y-rayos\/wp-content\/uploads\/sites\/12\/2012\/12\/minimas.jpg\" alt=\"\" width=\"670\" height=\"527\" srcset=\"https:\/\/static-blogs.diariosur.es\/wp-content\/uploads\/sites\/12\/2012\/12\/minimas.jpg 670w, https:\/\/static-blogs.diariosur.es\/wp-content\/uploads\/sites\/12\/2012\/12\/minimas-509x400.jpg 509w\" sizes=\"(max-width: 670px) 100vw, 670px\" \/><\/a><\/p>\n<p><strong> La foto de portada de hoy, es de mi amiga y gran\u00a0fot\u00f3grafa\u00a0May Naomi Jj, IMPRESIONANTE. Precioso cielo acompa\u00f1ando al Teide.<\/strong><\/p>\n<p><a href=\"https:\/\/blogs.diariosur.es\/tormentas-y-rayos\/2012\/12\/28\/prediccion-del-tiempo-fin-de-semana-el-domingo-os-dare-el-del-fin-de-ano-posibles-chubascos\/664411_381451381945692_668094208_o\/\" rel=\"attachment wp-att-4514\"><img loading=\"lazy\" class=\"aligncenter size-full wp-image-4514\" title=\"664411_381451381945692_668094208_o\" src=\"\/tormentas-y-rayos\/wp-content\/uploads\/sites\/12\/2012\/12\/664411_381451381945692_668094208_o.jpg\" alt=\"\" width=\"670\" height=\"447\" srcset=\"https:\/\/static-blogs.diariosur.es\/wp-content\/uploads\/sites\/12\/2012\/12\/664411_381451381945692_668094208_o.jpg 670w, https:\/\/static-blogs.diariosur.es\/wp-content\/uploads\/sites\/12\/2012\/12\/664411_381451381945692_668094208_o-600x400.jpg 600w\" sizes=\"(max-width: 670px) 100vw, 670px\" \/><\/a><\/p>\n<p><strong>Os doy r\u00e1pidamente el pron\u00f3stico para hoy viernes y \u00a0el s\u00e1bado. El domingo os dar\u00e9 el del fin de a\u00f1o. <\/strong><\/p>\n<p><strong>Hoy seguiremos con temperaturas\u00a0m\u00e1ximas\u00a0agradables, el viento soplara con brisas de sur sureste, que pueden traer nieblas o neblinas.<\/strong><\/p>\n<p><strong>El s\u00e1bado lo mas importante es el acercamiento de un frente\u00a0fr\u00edo\u00a0a la\u00a0pen\u00ednsula, en esta imagen ya lo pod\u00e9is ver. Fuente Meteogalicia-Eumetsat.<\/strong><\/p>\n<p><strong>\u00a0<\/strong><\/p>\n<p>&nbsp;<\/p>\n<p>&nbsp;<\/p>\n<p><a href=\"https:\/\/blogs.diariosur.es\/tormentas-y-rayos\/2012\/12\/28\/prediccion-del-tiempo-fin-de-semana-el-domingo-os-dare-el-del-fin-de-ano-posibles-chubascos\/frente-nuevo\/\" rel=\"attachment wp-att-4513\"><img loading=\"lazy\" class=\"aligncenter size-medium wp-image-4513\" title=\"frente nuevo\" src=\"\/tormentas-y-rayos\/wp-content\/uploads\/sites\/12\/2012\/12\/frente-nuevo.jpg\" alt=\"\" width=\"566\" height=\"400\" srcset=\"https:\/\/static-blogs.diariosur.es\/wp-content\/uploads\/sites\/12\/2012\/12\/frente-nuevo.jpg 770w, https:\/\/static-blogs.diariosur.es\/wp-content\/uploads\/sites\/12\/2012\/12\/frente-nuevo-566x400.jpg 566w, https:\/\/static-blogs.diariosur.es\/wp-content\/uploads\/sites\/12\/2012\/12\/frente-nuevo-768x543.jpg 768w\" sizes=\"(max-width: 566px) 100vw, 566px\" \/><\/a><\/p>\n<p>&nbsp;<\/p>\n<p><strong>Este frente puede dejar alguna precipitaci\u00f3n en nuestra regi\u00f3n, pero no espero gran cosa. Seria por la tarde noche del\u00a0s\u00e1bado\u00a0 , cuando podr\u00edan caer algunas gotas en Andaluc\u00eda.<\/strong><\/p>\n<p><strong> A la provincia malague\u00f1a, el frente llegar\u00eda por la noche y se podr\u00edan dar chubascos espor\u00e1dicos, estos serian mas probables cuanto mas al oeste de la provincia. Lo que si tomar\u00eda protagonismo, ser\u00eda el terral de invierno, que soplar\u00eda moderado en la Costa Malague\u00f1a durante la noche y primeras horas de la madrugada del domingo. Este frente viene\u00a0acompa\u00f1ado\u00a0de una vaguada, esto\u00a0hara\u00a0que el domingo las\u00a0m\u00e1ximas\u00a0no sean muy altas, como en estos dias pasados.<\/strong><\/p>\n<p><strong>Resumiendo amigos. Hoy viernes temperaturas agradables, viento que soplara entre levante y sureste,\u00a0seg\u00fan\u00a0como sople el viento, \u00a0puede traer nieblas. El\u00a0s\u00e1bado\u00a0 seguiremos con la misma\u00a0t\u00f3nica,\u00a0 pero a partir de la noche cambiara el viento a terral de invierno. Pueden caer algunas gotas en la provincia pero poca cosa.\u00a0<\/strong><\/p>\n<p><strong>El domingo\u00a0abrir\u00e9\u00a0el nuevo post, hay posibilidad de que caigan chubascos en la madrugada del dia 1. Seria una situaci\u00f3n algo parecida, a la acontecida en la Navidad. Nos\u00a0cruzar\u00eda\u00a0un frente\u00a0fr\u00edo\u00a0mas activo. Os paso un mapa previsto para el dia 1 del 2013. Fuenete Met Office<\/strong><\/p>\n<p><a href=\"https:\/\/blogs.diariosur.es\/tormentas-y-rayos\/2012\/12\/28\/prediccion-del-tiempo-fin-de-semana-el-domingo-os-dare-el-del-fin-de-ano-posibles-chubascos\/met-office\/\" rel=\"attachment wp-att-4517\"><img loading=\"lazy\" class=\"aligncenter size-medium wp-image-4517\" title=\"met office\" src=\"\/tormentas-y-rayos\/wp-content\/uploads\/sites\/12\/2012\/12\/met-office.jpg\" alt=\"\" width=\"600\" height=\"309\" srcset=\"https:\/\/static-blogs.diariosur.es\/wp-content\/uploads\/sites\/12\/2012\/12\/met-office.jpg 1018w, https:\/\/static-blogs.diariosur.es\/wp-content\/uploads\/sites\/12\/2012\/12\/met-office-640x330.jpg 640w, https:\/\/static-blogs.diariosur.es\/wp-content\/uploads\/sites\/12\/2012\/12\/met-office-768x396.jpg 768w\" sizes=\"(max-width: 600px) 100vw, 600px\" \/><\/a><\/p>\n<p><strong>Un abrazo a todos y os dejo con una foto del amanecer del dia de Navidad.<\/strong><\/p>\n<p><a href=\"https:\/\/blogs.diariosur.es\/tormentas-y-rayos\/2012\/12\/28\/prediccion-del-tiempo-fin-de-semana-el-domingo-os-dare-el-del-fin-de-ano-posibles-chubascos\/olympus-digital-camera-1013\/\" rel=\"attachment wp-att-4515\"><img loading=\"lazy\" class=\"aligncenter size-full wp-image-4515\" title=\"OLYMPUS DIGITAL CAMERA\" src=\"\/tormentas-y-rayos\/wp-content\/uploads\/sites\/12\/2012\/12\/AMANECER-DIA-DE-NAVIDAD.jpg\" alt=\"\" width=\"670\" height=\"503\" srcset=\"https:\/\/static-blogs.diariosur.es\/wp-content\/uploads\/sites\/12\/2012\/12\/AMANECER-DIA-DE-NAVIDAD.jpg 670w, https:\/\/static-blogs.diariosur.es\/wp-content\/uploads\/sites\/12\/2012\/12\/AMANECER-DIA-DE-NAVIDAD-533x400.jpg 533w\" sizes=\"(max-width: 670px) 100vw, 670px\" \/><\/a><\/p>\n","protected":false},"excerpt":{"rendered":"<p>Buenos d\u00edas \u00a0amigos de la meteo. Son las seis de la ma\u00f1ana, registro 7,2 grados en mi sensor y los \u00a0cielos est\u00e1n despejados. El viento esta en calma, registro una presi\u00f3n de 1030 mb y la humedad es del 63 %, asi que cuando coja la moto para ir al curro la sensaci\u00f3n sera de [&hellip;]<\/p>\n","protected":false},"author":16,"featured_media":4514,"comment_status":"open","ping_status":"closed","sticky":false,"template":"","format":"standard","meta":[],"categories":[2],"tags":[411,412,800],"_links":{"self":[{"href":"https:\/\/blogs.diariosur.es\/tormentas-y-rayos\/wp-json\/wp\/v2\/posts\/4512"}],"collection":[{"href":"https:\/\/blogs.diariosur.es\/tormentas-y-rayos\/wp-json\/wp\/v2\/posts"}],"about":[{"href":"https:\/\/blogs.diariosur.es\/tormentas-y-rayos\/wp-json\/wp\/v2\/types\/post"}],"author":[{"embeddable":true,"href":"https:\/\/blogs.diariosur.es\/tormentas-y-rayos\/wp-json\/wp\/v2\/users\/16"}],"replies":[{"embeddable":true,"href":"https:\/\/blogs.diariosur.es\/tormentas-y-rayos\/wp-json\/wp\/v2\/comments?post=4512"}],"version-history":[{"count":0,"href":"https:\/\/blogs.diariosur.es\/tormentas-y-rayos\/wp-json\/wp\/v2\/posts\/4512\/revisions"}],"wp:featuredmedia":[{"embeddable":true,"href":"https:\/\/blogs.diariosur.es\/tormentas-y-rayos\/wp-json\/wp\/v2\/media\/4514"}],"wp:attachment":[{"href":"https:\/\/blogs.diariosur.es\/tormentas-y-rayos\/wp-json\/wp\/v2\/media?parent=4512"}],"wp:term":[{"taxonomy":"category","embeddable":true,"href":"https:\/\/blogs.diariosur.es\/tormentas-y-rayos\/wp-json\/wp\/v2\/categories?post=4512"},{"taxonomy":"post_tag","embeddable":true,"href":"https:\/\/blogs.diariosur.es\/tormentas-y-rayos\/wp-json\/wp\/v2\/tags?post=4512"}],"curies":[{"name":"wp","href":"https:\/\/api.w.org\/{rel}","templated":true}]}}