{"id":45127,"date":"2025-06-13T07:15:52","date_gmt":"2025-06-13T05:15:52","guid":{"rendered":"https:\/\/blogs.diariosur.es\/tormentas-y-rayos\/?p=45127"},"modified":"2025-10-05T09:56:32","modified_gmt":"2025-10-05T07:56:32","slug":"podremos-ir-a-la-playa-el-fin-de-semana-en-la-provincia-de-malaga-estepona-registra-la-maxima-de-espana","status":"publish","type":"post","link":"https:\/\/blogs.diariosur.es\/tormentas-y-rayos\/2025\/06\/13\/podremos-ir-a-la-playa-el-fin-de-semana-en-la-provincia-de-malaga-estepona-registra-la-maxima-de-espana\/","title":{"rendered":"\u00bfPodremos ir a la playa el fin de semana en la provincia de M\u00e1laga? Estepona registra la m\u00e1xima de Espa\u00f1a"},"content":{"rendered":"<p><a href=\"https:\/\/static-blogs.diariosur.es\/wp-content\/uploads\/sites\/12\/2025\/06\/130738248_10221381944997043_6257362087676436516_n-1.jpg\"><img loading=\"lazy\" class=\"aligncenter size-thumbnail wp-image-45057\" src=\"https:\/\/static-blogs.diariosur.es\/wp-content\/uploads\/sites\/12\/2025\/06\/130738248_10221381944997043_6257362087676436516_n-1-150x150.jpg\" alt=\"\" width=\"150\" height=\"150\" srcset=\"https:\/\/static-blogs.diariosur.es\/wp-content\/uploads\/sites\/12\/2025\/06\/130738248_10221381944997043_6257362087676436516_n-1-150x150.jpg 150w, https:\/\/static-blogs.diariosur.es\/wp-content\/uploads\/sites\/12\/2025\/06\/130738248_10221381944997043_6257362087676436516_n-1-400x400.jpg 400w, https:\/\/static-blogs.diariosur.es\/wp-content\/uploads\/sites\/12\/2025\/06\/130738248_10221381944997043_6257362087676436516_n-1-408x408.jpg 408w, https:\/\/static-blogs.diariosur.es\/wp-content\/uploads\/sites\/12\/2025\/06\/130738248_10221381944997043_6257362087676436516_n-1.jpg 768w\" sizes=\"(max-width: 150px) 100vw, 150px\" \/><\/a><\/p>\n<p>&nbsp;<\/p>\n<p data-pm-slice=\"1 1 []\">Buenos d\u00edas, amigos de la meteo. Cuando son las seis y media de la ma\u00f1ana en M\u00e1laga capital, mi estaci\u00f3n registra 22 \u00baC, los cielos est\u00e1n poco nubosos y el viento sopla flojo de direcci\u00f3n variable. Hoy viernes se esperan nubes bajas; hay <strong>probabilidad baja<\/strong> de tar\u00f3 en la costa de la Axarqu\u00eda.<\/p>\n<p>Estepona registr\u00f3 ayer jueves la temperatura m\u00e1xima de Espa\u00f1a con<strong> 37 \u00baC<\/strong>; destacar tambi\u00e9n \u00c1lora, 36,4 \u00baC. En la capital la m\u00e1xima se dio en el Centro Meteorol\u00f3gico con 32,9 \u00baC.<\/p>\n<p>&nbsp;<\/p>\n<p>La AEMET espera estas m\u00e1ximas en la provincia de M\u00e1laga.<\/p>\n<p>&nbsp;<\/p>\n<p>&nbsp;<\/p>\n<p><a href=\"https:\/\/static-blogs.diariosur.es\/wp-content\/uploads\/sites\/12\/2025\/06\/viernes.jpg\"><img loading=\"lazy\" class=\"aligncenter size-full wp-image-45131\" src=\"https:\/\/static-blogs.diariosur.es\/wp-content\/uploads\/sites\/12\/2025\/06\/viernes.jpg\" alt=\"\" width=\"1038\" height=\"817\" srcset=\"https:\/\/static-blogs.diariosur.es\/wp-content\/uploads\/sites\/12\/2025\/06\/viernes.jpg 1038w, https:\/\/static-blogs.diariosur.es\/wp-content\/uploads\/sites\/12\/2025\/06\/viernes-508x400.jpg 508w, https:\/\/static-blogs.diariosur.es\/wp-content\/uploads\/sites\/12\/2025\/06\/viernes-518x408.jpg 518w, https:\/\/static-blogs.diariosur.es\/wp-content\/uploads\/sites\/12\/2025\/06\/viernes-768x604.jpg 768w\" sizes=\"(max-width: 1038px) 100vw, 1038px\" \/><\/a><\/p>\n<p>&nbsp;<\/p>\n<h3 data-pm-slice=\"1 1 []\"><strong>\u00bfPodremos ir a la playa?<\/strong><\/h3>\n<p>Tanto el s\u00e1bado como el domingo no se esperan rachas fuertes de viento en la provincia malague\u00f1a; en la costa soplar\u00e1n flojos de sur-sureste y variables.<\/p>\n<p>Hay probabilidad de <strong>tar\u00f3<\/strong> y nubes bajas en alg\u00fan punto de la costa malague\u00f1a, tanto el s\u00e1bado como el domingo. Como siempre digo, hablo de probabilidad de tar\u00f3; la probabilidad no es muy alta.<\/p>\n<p><strong>Nuevamente se espera polvo en suspensi\u00f3n.<\/strong><\/p>\n<p>La probabilidad de precipitaciones es del 0%.<\/p>\n<p>La temperatura del agua del mar en la costa malague\u00f1a rondar\u00e1, seg\u00fan zonas, entre los 20 y 21 grados.<\/p>\n<p>Os paso las temperaturas m\u00e1ximas y m\u00ednimas que prev\u00e9 la Aemet.<\/p>\n<p>&nbsp;<\/p>\n<h3><strong>S\u00e1bado<\/strong><\/h3>\n<p>&nbsp;<\/p>\n<p><a href=\"https:\/\/static-blogs.diariosur.es\/wp-content\/uploads\/sites\/12\/2025\/06\/sabado-1.jpg\"><img loading=\"lazy\" class=\"aligncenter size-full wp-image-45128\" src=\"https:\/\/static-blogs.diariosur.es\/wp-content\/uploads\/sites\/12\/2025\/06\/sabado-1.jpg\" alt=\"\" width=\"1021\" height=\"804\" srcset=\"https:\/\/static-blogs.diariosur.es\/wp-content\/uploads\/sites\/12\/2025\/06\/sabado-1.jpg 1021w, https:\/\/static-blogs.diariosur.es\/wp-content\/uploads\/sites\/12\/2025\/06\/sabado-1-508x400.jpg 508w, https:\/\/static-blogs.diariosur.es\/wp-content\/uploads\/sites\/12\/2025\/06\/sabado-1-518x408.jpg 518w, https:\/\/static-blogs.diariosur.es\/wp-content\/uploads\/sites\/12\/2025\/06\/sabado-1-768x605.jpg 768w\" sizes=\"(max-width: 1021px) 100vw, 1021px\" \/><\/a><\/p>\n<h3><strong>Domingo<\/strong><\/h3>\n<p><a href=\"https:\/\/static-blogs.diariosur.es\/wp-content\/uploads\/sites\/12\/2025\/06\/domingo-1.jpg\"><img loading=\"lazy\" class=\"aligncenter size-full wp-image-45129\" src=\"https:\/\/static-blogs.diariosur.es\/wp-content\/uploads\/sites\/12\/2025\/06\/domingo-1.jpg\" alt=\"\" width=\"1054\" height=\"817\" srcset=\"https:\/\/static-blogs.diariosur.es\/wp-content\/uploads\/sites\/12\/2025\/06\/domingo-1.jpg 1054w, https:\/\/static-blogs.diariosur.es\/wp-content\/uploads\/sites\/12\/2025\/06\/domingo-1-516x400.jpg 516w, https:\/\/static-blogs.diariosur.es\/wp-content\/uploads\/sites\/12\/2025\/06\/domingo-1-526x408.jpg 526w, https:\/\/static-blogs.diariosur.es\/wp-content\/uploads\/sites\/12\/2025\/06\/domingo-1-768x595.jpg 768w\" sizes=\"(max-width: 1054px) 100vw, 1054px\" \/><\/a><\/p>\n<p>&nbsp;<\/p>\n<p>Concluyendo, si podremos ir a la playa.<\/p>\n<p>Os dejo con esta bonita foto de mi amigo Crist\u00f3bal Gambero.<\/p>\n<p>&nbsp;<\/p>\n<p><a href=\"https:\/\/static-blogs.diariosur.es\/wp-content\/uploads\/sites\/12\/2025\/06\/503633963_9850006618381577_4865705732996744637_n-e1749753605675.jpg\"><img loading=\"lazy\" class=\"aligncenter size-full wp-image-45130\" src=\"https:\/\/static-blogs.diariosur.es\/wp-content\/uploads\/sites\/12\/2025\/06\/503633963_9850006618381577_4865705732996744637_n-e1749753605675.jpg\" alt=\"\" width=\"1100\" height=\"619\" \/><\/a><\/p>\n","protected":false},"excerpt":{"rendered":"<p>&nbsp; Buenos d\u00edas, amigos de la meteo. Cuando son las seis y media de la ma\u00f1ana en M\u00e1laga capital, mi estaci\u00f3n registra 22 \u00baC, los cielos est\u00e1n poco nubosos y el viento sopla flojo de direcci\u00f3n variable. Hoy viernes se esperan nubes bajas; hay probabilidad baja de tar\u00f3 en la costa de la Axarqu\u00eda. Estepona [&hellip;]<\/p>\n","protected":false},"author":16,"featured_media":45130,"comment_status":"open","ping_status":"open","sticky":false,"template":"","format":"standard","meta":[],"categories":[2],"tags":[100,209,358,587,789,947,953],"_links":{"self":[{"href":"https:\/\/blogs.diariosur.es\/tormentas-y-rayos\/wp-json\/wp\/v2\/posts\/45127"}],"collection":[{"href":"https:\/\/blogs.diariosur.es\/tormentas-y-rayos\/wp-json\/wp\/v2\/posts"}],"about":[{"href":"https:\/\/blogs.diariosur.es\/tormentas-y-rayos\/wp-json\/wp\/v2\/types\/post"}],"author":[{"embeddable":true,"href":"https:\/\/blogs.diariosur.es\/tormentas-y-rayos\/wp-json\/wp\/v2\/users\/16"}],"replies":[{"embeddable":true,"href":"https:\/\/blogs.diariosur.es\/tormentas-y-rayos\/wp-json\/wp\/v2\/comments?post=45127"}],"version-history":[{"count":9,"href":"https:\/\/blogs.diariosur.es\/tormentas-y-rayos\/wp-json\/wp\/v2\/posts\/45127\/revisions"}],"predecessor-version":[{"id":46578,"href":"https:\/\/blogs.diariosur.es\/tormentas-y-rayos\/wp-json\/wp\/v2\/posts\/45127\/revisions\/46578"}],"wp:featuredmedia":[{"embeddable":true,"href":"https:\/\/blogs.diariosur.es\/tormentas-y-rayos\/wp-json\/wp\/v2\/media\/45130"}],"wp:attachment":[{"href":"https:\/\/blogs.diariosur.es\/tormentas-y-rayos\/wp-json\/wp\/v2\/media?parent=45127"}],"wp:term":[{"taxonomy":"category","embeddable":true,"href":"https:\/\/blogs.diariosur.es\/tormentas-y-rayos\/wp-json\/wp\/v2\/categories?post=45127"},{"taxonomy":"post_tag","embeddable":true,"href":"https:\/\/blogs.diariosur.es\/tormentas-y-rayos\/wp-json\/wp\/v2\/tags?post=45127"}],"curies":[{"name":"wp","href":"https:\/\/api.w.org\/{rel}","templated":true}]}}