{"id":45140,"date":"2025-06-25T14:53:57","date_gmt":"2025-06-25T12:53:57","guid":{"rendered":"https:\/\/blogs.diariosur.es\/tormentas-y-rayos\/?p=45140"},"modified":"2025-06-26T11:03:11","modified_gmt":"2025-06-26T09:03:11","slug":"llega-la-primera-ola-de-calor-del-verano-2025-como-afectara-a-la-provincia-malaguena","status":"publish","type":"post","link":"https:\/\/blogs.diariosur.es\/tormentas-y-rayos\/2025\/06\/25\/llega-la-primera-ola-de-calor-del-verano-2025-como-afectara-a-la-provincia-malaguena\/","title":{"rendered":"Llega la primera ola de calor del verano 2025. \u00bfComo afectar\u00e1 a la provincia malague\u00f1a?"},"content":{"rendered":"<p><a href=\"https:\/\/static-blogs.diariosur.es\/wp-content\/uploads\/sites\/12\/2025\/05\/474591997_10231480374091459_5977821584942016476_n.jpg\"><img loading=\"lazy\" class=\"aligncenter size-thumbnail wp-image-44655\" src=\"https:\/\/static-blogs.diariosur.es\/wp-content\/uploads\/sites\/12\/2025\/05\/474591997_10231480374091459_5977821584942016476_n-150x150.jpg\" alt=\"\" width=\"150\" height=\"150\" srcset=\"https:\/\/static-blogs.diariosur.es\/wp-content\/uploads\/sites\/12\/2025\/05\/474591997_10231480374091459_5977821584942016476_n-150x150.jpg 150w, https:\/\/static-blogs.diariosur.es\/wp-content\/uploads\/sites\/12\/2025\/05\/474591997_10231480374091459_5977821584942016476_n-400x400.jpg 400w, https:\/\/static-blogs.diariosur.es\/wp-content\/uploads\/sites\/12\/2025\/05\/474591997_10231480374091459_5977821584942016476_n-408x408.jpg 408w, https:\/\/static-blogs.diariosur.es\/wp-content\/uploads\/sites\/12\/2025\/05\/474591997_10231480374091459_5977821584942016476_n-768x768.jpg 768w, https:\/\/static-blogs.diariosur.es\/wp-content\/uploads\/sites\/12\/2025\/05\/474591997_10231480374091459_5977821584942016476_n.jpg 1000w\" sizes=\"(max-width: 150px) 100vw, 150px\" \/><\/a><\/p>\n<p>Buenos d\u00edas, amigos de la meteo. La aemet activa el prmer aviso por ola de calor del verano 2025.<\/p>\n<div class=\"texto_normal\">\n<h4 class=\"my-1\">Fen\u00f3meno meteorol\u00f3gico:<\/h4>\n<p>Ola de calor.<\/p>\n<p>&nbsp;<\/p>\n<\/div>\n<div class=\"texto_normal\">\n<h4 class=\"my-1\">\u00c1mbito geogr\u00e1fico:<\/h4>\n<p>&nbsp;<\/p>\n<p>Pen\u00ednsula, excepto cuadrante noroeste y \u00e1rea cant\u00e1brica.<\/p>\n<\/div>\n<div class=\"texto_normal\">\n<h4 class=\"my-1\">Comienzo de la situaci\u00f3n:<\/h4>\n<p>S\u00e1bado 28.<\/p>\n<\/div>\n<div class=\"texto_normal\">\n<h4 class=\"my-1\">Duraci\u00f3n:<\/h4>\n<p>Al menos hasta el martes 1.<\/p>\n<\/div>\n<div class=\"texto_normal\">\n<h4 class=\"my-1\">Grado de probabilidad:<\/h4>\n<p>Alto (70 %).<\/p>\n<p>La zona del litoral malague\u00f1o se notara menos la ola de calor, por el interior de la provincia m\u00e1s.<\/p>\n<\/div>\n<p>&nbsp;<\/p>\n<p><a href=\"https:\/\/static-blogs.diariosur.es\/wp-content\/uploads\/sites\/12\/2025\/06\/506605962_10233141170050320_701920130971959964_n-e1749834997670.jpg\"><img loading=\"lazy\" class=\"aligncenter size-full wp-image-45141\" src=\"https:\/\/static-blogs.diariosur.es\/wp-content\/uploads\/sites\/12\/2025\/06\/506605962_10233141170050320_701920130971959964_n-e1749834997670.jpg\" alt=\"\" width=\"1000\" height=\"1000\" \/><\/a><\/p>\n","protected":false},"excerpt":{"rendered":"<p>Buenos d\u00edas, amigos de la meteo. La aemet activa el prmer aviso por ola de calor del verano 2025. Fen\u00f3meno meteorol\u00f3gico: Ola de calor. &nbsp; \u00c1mbito geogr\u00e1fico: &nbsp; Pen\u00ednsula, excepto cuadrante noroeste y \u00e1rea cant\u00e1brica. Comienzo de la situaci\u00f3n: S\u00e1bado 28. Duraci\u00f3n: Al menos hasta el martes 1. Grado de probabilidad: Alto (70 %). La [&hellip;]<\/p>\n","protected":false},"author":16,"featured_media":45141,"comment_status":"open","ping_status":"open","sticky":false,"template":"","format":"standard","meta":[],"categories":[2],"tags":[212,375,587,732],"_links":{"self":[{"href":"https:\/\/blogs.diariosur.es\/tormentas-y-rayos\/wp-json\/wp\/v2\/posts\/45140"}],"collection":[{"href":"https:\/\/blogs.diariosur.es\/tormentas-y-rayos\/wp-json\/wp\/v2\/posts"}],"about":[{"href":"https:\/\/blogs.diariosur.es\/tormentas-y-rayos\/wp-json\/wp\/v2\/types\/post"}],"author":[{"embeddable":true,"href":"https:\/\/blogs.diariosur.es\/tormentas-y-rayos\/wp-json\/wp\/v2\/users\/16"}],"replies":[{"embeddable":true,"href":"https:\/\/blogs.diariosur.es\/tormentas-y-rayos\/wp-json\/wp\/v2\/comments?post=45140"}],"version-history":[{"count":6,"href":"https:\/\/blogs.diariosur.es\/tormentas-y-rayos\/wp-json\/wp\/v2\/posts\/45140\/revisions"}],"predecessor-version":[{"id":45249,"href":"https:\/\/blogs.diariosur.es\/tormentas-y-rayos\/wp-json\/wp\/v2\/posts\/45140\/revisions\/45249"}],"wp:featuredmedia":[{"embeddable":true,"href":"https:\/\/blogs.diariosur.es\/tormentas-y-rayos\/wp-json\/wp\/v2\/media\/45141"}],"wp:attachment":[{"href":"https:\/\/blogs.diariosur.es\/tormentas-y-rayos\/wp-json\/wp\/v2\/media?parent=45140"}],"wp:term":[{"taxonomy":"category","embeddable":true,"href":"https:\/\/blogs.diariosur.es\/tormentas-y-rayos\/wp-json\/wp\/v2\/categories?post=45140"},{"taxonomy":"post_tag","embeddable":true,"href":"https:\/\/blogs.diariosur.es\/tormentas-y-rayos\/wp-json\/wp\/v2\/tags?post=45140"}],"curies":[{"name":"wp","href":"https:\/\/api.w.org\/{rel}","templated":true}]}}