{"id":45143,"date":"2025-06-14T07:56:42","date_gmt":"2025-06-14T05:56:42","guid":{"rendered":"https:\/\/blogs.diariosur.es\/tormentas-y-rayos\/?p=45143"},"modified":"2025-06-14T07:56:42","modified_gmt":"2025-06-14T05:56:42","slug":"que-se-entiende-por-ola-de-calor","status":"publish","type":"post","link":"https:\/\/blogs.diariosur.es\/tormentas-y-rayos\/2025\/06\/14\/que-se-entiende-por-ola-de-calor\/","title":{"rendered":"\u00bfQu\u00e9 se entiende por ola de calor?"},"content":{"rendered":"<p><a href=\"https:\/\/static-blogs.diariosur.es\/wp-content\/uploads\/sites\/12\/2025\/06\/130738248_10221381944997043_6257362087676436516_n-1.jpg\"><img loading=\"lazy\" class=\"aligncenter size-thumbnail wp-image-45057\" src=\"https:\/\/static-blogs.diariosur.es\/wp-content\/uploads\/sites\/12\/2025\/06\/130738248_10221381944997043_6257362087676436516_n-1-150x150.jpg\" alt=\"\" width=\"150\" height=\"150\" srcset=\"https:\/\/static-blogs.diariosur.es\/wp-content\/uploads\/sites\/12\/2025\/06\/130738248_10221381944997043_6257362087676436516_n-1-150x150.jpg 150w, https:\/\/static-blogs.diariosur.es\/wp-content\/uploads\/sites\/12\/2025\/06\/130738248_10221381944997043_6257362087676436516_n-1-400x400.jpg 400w, https:\/\/static-blogs.diariosur.es\/wp-content\/uploads\/sites\/12\/2025\/06\/130738248_10221381944997043_6257362087676436516_n-1-408x408.jpg 408w, https:\/\/static-blogs.diariosur.es\/wp-content\/uploads\/sites\/12\/2025\/06\/130738248_10221381944997043_6257362087676436516_n-1.jpg 768w\" sizes=\"(max-width: 150px) 100vw, 150px\" \/><\/a><\/p>\n<p>Buenos d\u00edas, amigos de la meteo. Os pongo la definici\u00f3n de ola de calor por la Aemet. Aunque se active un aviso por ola de calor, hasta que no se termine el estudio de esos d\u00edas de altas temperaturas, no se har\u00e1 oficial. Esta semana que viene tendremos un episodio de altas temperaturas\u00a0 a partir del martes, ya iremos viendo si la aemet activa el aviso por ola de calor.<\/p>\n<p>&nbsp;<\/p>\n<p>Uno de los principales problemas al hablar de \u2018Olas de calor\u2019, es que no existe una definici\u00f3n \u00fanica y precisa del t\u00e9rmino; sabemos que se trata de episodios de temperaturas anormalmente altas, que se mantienen varios d\u00edas y afectan a una parte importante de nuestra geograf\u00eda. Ahora bien, \u00bfqu\u00e9 valor tienen que alcanzar las temperaturas para poder considerarse ola de calor?, \u00bfcu\u00e1ntos d\u00edas tienen que mantenerse?, \u00bfqu\u00e9 superficie tiene que verse afectada? Esa imprecisi\u00f3n en el t\u00e9rmino da lugar a interpretaciones subjetivas de lo que es una \u2018Ola de calor\u2019, observ\u00e1ndose en muchas ocasiones una tendencia a exagerar sobre el tema. En verano es normal que haga calor y no podemos hablar de ola de calor, cuando las temperaturas, a\u00fan siendo altas o incluso muy altas, sean relativamente habituales en el periodo estival.<br \/>\nPor ejemplo, en Sevilla aproximadamente el 60% de los d\u00edas de julio y agosto se registran m\u00e1ximas por encima de 35\u00baC y el 25% por encima de 38\u00baC. Por tanto, un d\u00eda\u00a0 con una m\u00e1xima de 38\u00baC en Sevilla, ser\u00e1 un d\u00eda muy caluroso, pero no lo suficiente como para ser candidato a \u2018Ola de calor\u2019 en la localidad. Por el contrario, en Molina de Arag\u00f3n la temperatura m\u00e1xima absoluta registrada hasta la fecha es precisamente 38\u00baC, por lo que una m\u00e1xima de 38\u00baC en Molina de Arag\u00f3n s\u00ed podr\u00eda formar parte de un episodio de \u2018Ola de calor\u2019. Por ello, al establecer los umbrales de temperatura, hay que considerar que los valores \u2018normales\u2019 de las mismas difieren mucho de unas zonas a otras, y por tanto no se puede establecer el mismo l\u00edmite para todas las estaciones consideradas y tambi\u00e9n que unos umbrales demasiado laxos dar\u00edan como resultado que el n\u00famero de episodios de \u2018Ola de calor\u2019 de cada verano fuese muy elevado, perdiendo por tanto el car\u00e1cter de excepcionalidad que se les supone, mientras que si son demasiado estrictos podr\u00edan no detectar algunos episodios.<\/p>\n<p>Tras probar con distintos umbrales, el criterio elegido es el siguiente: Se considera \u2018Ola de calor\u2019 un episodio de al menos tres d\u00edas consecutivos, en que como m\u00ednimo el 10% de las estaciones consideradas registran m\u00e1ximas porencima del percentil del 95% de su serie de temperaturas m\u00e1ximas diarias de los meses de julio y agosto del periodo 1971-2000.<\/p>\n<h3><span style=\"color: #ff0000;\"><strong>Metodolog\u00eda empleada para la determinaci\u00f3n de las \u2018Olas de calor\u2019<\/strong><\/span><\/h3>\n<p>A continuaci\u00f3n, se calcula para cada estaci\u00f3n una \u2018temperatura umbral\u2019, que de acuerdo al criterio establecido, es el percentil del 95% de su serie de temperaturas m\u00e1ximas diarias de los meses de julio y agosto del periodo 1971-2000. Los mapas de las figuras 1 y 2 representan la<\/p>\n<p>distribuci\u00f3n de temperatura resultante y la ubicaci\u00f3n de las estaciones.<\/p>\n<p>&nbsp;<\/p>\n<p><a href=\"https:\/\/static-blogs.diariosur.es\/wp-content\/uploads\/sites\/12\/2025\/06\/figura-1.jpg\"><img loading=\"lazy\" class=\"aligncenter size-full wp-image-45149\" src=\"https:\/\/static-blogs.diariosur.es\/wp-content\/uploads\/sites\/12\/2025\/06\/figura-1.jpg\" alt=\"\" width=\"903\" height=\"742\" srcset=\"https:\/\/static-blogs.diariosur.es\/wp-content\/uploads\/sites\/12\/2025\/06\/figura-1.jpg 903w, https:\/\/static-blogs.diariosur.es\/wp-content\/uploads\/sites\/12\/2025\/06\/figura-1-487x400.jpg 487w, https:\/\/static-blogs.diariosur.es\/wp-content\/uploads\/sites\/12\/2025\/06\/figura-1-497x408.jpg 497w, https:\/\/static-blogs.diariosur.es\/wp-content\/uploads\/sites\/12\/2025\/06\/figura-1-768x631.jpg 768w\" sizes=\"(max-width: 903px) 100vw, 903px\" \/><\/a><a href=\"https:\/\/static-blogs.diariosur.es\/wp-content\/uploads\/sites\/12\/2025\/06\/figura-2.jpg\"><img loading=\"lazy\" class=\"aligncenter size-full wp-image-45151\" src=\"https:\/\/static-blogs.diariosur.es\/wp-content\/uploads\/sites\/12\/2025\/06\/figura-2.jpg\" alt=\"\" width=\"987\" height=\"898\" srcset=\"https:\/\/static-blogs.diariosur.es\/wp-content\/uploads\/sites\/12\/2025\/06\/figura-2.jpg 987w, https:\/\/static-blogs.diariosur.es\/wp-content\/uploads\/sites\/12\/2025\/06\/figura-2-440x400.jpg 440w, https:\/\/static-blogs.diariosur.es\/wp-content\/uploads\/sites\/12\/2025\/06\/figura-2-448x408.jpg 448w, https:\/\/static-blogs.diariosur.es\/wp-content\/uploads\/sites\/12\/2025\/06\/figura-2-768x699.jpg 768w\" sizes=\"(max-width: 987px) 100vw, 987px\" \/><\/a><\/p>\n<p>&nbsp;<\/p>\n<p>&nbsp;<\/p>\n<p>Una aproximaci\u00f3n sencilla al concepto de percentil para quien no est\u00e9 familiarizado con el t\u00e9rmino, puede ser la siguiente: los meses de julio y agosto suman 62 d\u00edas por a\u00f1o, por lo que en el periodo 1971-2000, totalizar\u00e1n 62 d\u00edas\/a\u00f1o x 30 a\u00f1os = 1860 d\u00edas. Al hallar el percentil del 95%, lo que estamos haciendo realmente es localizar el 5% de los d\u00edas m\u00e1s c\u00e1lidos (1860 x 5\/100 = 93 d\u00edas), y una vez localizados esos 93 d\u00edas m\u00e1s c\u00e1lidos de los meses de julio y agosto de los a\u00f1os 1971 a 2000, la \u2018temperatura umbral\u2019 ser\u00eda la menor de esas 93 temperaturas.<\/p>\n<p>El siguiente paso consiste en localizar los episodios, que seg\u00fan los criterios fijados, ser\u00e1n considerados \u2018Olas de calor\u2019, y se realiza en tres etapas: Primera etapa: Se obtienen para cada una de las 137 estaciones seleccionadas, sus \u2018Episodios c\u00e1lidos\u2019, entendiendo como tales, episodios de al menos tres d\u00edas consecutivos con temperatura m\u00e1xima que iguala o supera su \u2018temperatura umbral\u2019.<br \/>\nDado que es bastante improbable que una \u2018Ola de calor\u2019 se presente fuera de los meses veraniegos, en este trabajo s\u00f3lo se estudia el periodo comprendido entre el 1 de junio y el 30 de septiembre.<br \/>\nSegunda etapa: Se determinan los \u2018d\u00edas c\u00e1lidos\u2019, considerando como tales a aquellos en que al menos el 10% de las estaciones consideradas est\u00e1n dentro de uno de los \u2018Episodios c\u00e1lidos\u2019 localizados en la primera etapa.<br \/>\nTercera etapa: Finalmente se localizan las \u2018Olas de calor\u2019, que son todos aquellos episodios de tres o m\u00e1s \u2018d\u00edas c\u00e1lidos\u2019 consecutivos. Cuando dos \u2018Olas de calor\u2019 est\u00e1n separadas por tan s\u00f3lo un d\u00eda, se consideran una \u00fanica ola.<br \/>\nLos datos de Canarias se han procesado de manera independiente, pero con una variaci\u00f3n respecto al criterio general, ya que al utilizarse solamente seis estaciones, bastar\u00eda con que uno de los observatorios registrase un \u2018Episodio c\u00e1lido\u2019 para que se considerase \u2018Ola de calor\u2019 en el archipi\u00e9lago; por ello, en Canarias, se exige que sean al menos dos las estaciones que registren un \u2018Episodio c\u00e1lido\u2019 para que constituya una \u2018Ola de calor<\/p>\n<p>Los tres factores que determinan la intensidad de una \u2018Ola de calor\u2019 son: las temperaturas alcanzadas durante la misma, su duraci\u00f3n y el territorio afectado, siendo necesario cuantificar estos aspectos para cada una de las Olas, si se quieren valorar y comparar.<br \/>\nPara estimar el territorio afectado durante una \u2018Ola de calor\u2019, se ha determinado el d\u00eda que m\u00e1s provincias la registraron, asignando a la Ola dicho m\u00e1ximo. Se considera que un d\u00eda determinado una provincia est\u00e1 viviendo una \u2018Ola de calor\u2019 cuando al menos uno de los Observatorios estudiados est\u00e1 dentro de un \u2018Episodio c\u00e1lido\u2019, es decir, no es suficiente con que supere la \u2018temperatura umbral\u2019 de manera puntual.<br \/>\nPara determinar la magnitud de las temperaturas, en primer lugar se han determinado las estaciones con alg\u00fan d\u00eda de \u2018Episodio c\u00e1lido\u2019 durante la \u2018Ola de calor\u2019, y se ha tomado la media de las temperaturas m\u00e1ximas de estas estaciones para el d\u00eda m\u00e1s c\u00e1lido como dato representativo; a esta temperatura se la ha denominado \u2018temperatura m\u00e1xima de la ola\u2019. Tambi\u00e9n se ha calculado para cada estaci\u00f3n la Anomal\u00eda m\u00e1xima de las temperaturas registradas durante la Ola con respecto a su \u2018temperatura umbral\u2019, asignando como valor representativo para la Ola la media de<br \/>\ndichas Anomal\u00edas; a este valor se le denomina \u2018anomal\u00eda de la ola\u2019<br \/>\nAs\u00ed pues, los cuatro valores elegidos para caracterizar una \u2018Ola de calor\u2019 son:<\/p>\n<p><strong>o Su duraci\u00f3n.<\/strong><br \/>\n<strong>o El n\u00famero de provincias afectadas. La relaci\u00f3n de provincias afectadas en el d\u00eda<\/strong><br \/>\n<strong>de m\u00e1xima extensi\u00f3n de cada \u2018Ola de calor\u2019.<\/strong><br \/>\n<strong>o La \u2018temperatura m\u00e1xima de la ola\u2019.<\/strong><br \/>\n<strong>o La \u2018anomal\u00eda de la ola\u2019. <\/strong><\/p>\n<p>&nbsp;<\/p>\n<p>&nbsp;<\/p>\n<p>&nbsp;<\/p>\n","protected":false},"excerpt":{"rendered":"<p>Buenos d\u00edas, amigos de la meteo. Os pongo la definici\u00f3n de ola de calor por la Aemet. Aunque se active un aviso por ola de calor, hasta que no se termine el estudio de esos d\u00edas de altas temperaturas, no se har\u00e1 oficial. Esta semana que viene tendremos un episodio de altas temperaturas\u00a0 a partir [&hellip;]<\/p>\n","protected":false},"author":16,"featured_media":44847,"comment_status":"open","ping_status":"open","sticky":false,"template":"","format":"standard","meta":[],"categories":[2],"tags":[212,375,732],"_links":{"self":[{"href":"https:\/\/blogs.diariosur.es\/tormentas-y-rayos\/wp-json\/wp\/v2\/posts\/45143"}],"collection":[{"href":"https:\/\/blogs.diariosur.es\/tormentas-y-rayos\/wp-json\/wp\/v2\/posts"}],"about":[{"href":"https:\/\/blogs.diariosur.es\/tormentas-y-rayos\/wp-json\/wp\/v2\/types\/post"}],"author":[{"embeddable":true,"href":"https:\/\/blogs.diariosur.es\/tormentas-y-rayos\/wp-json\/wp\/v2\/users\/16"}],"replies":[{"embeddable":true,"href":"https:\/\/blogs.diariosur.es\/tormentas-y-rayos\/wp-json\/wp\/v2\/comments?post=45143"}],"version-history":[{"count":6,"href":"https:\/\/blogs.diariosur.es\/tormentas-y-rayos\/wp-json\/wp\/v2\/posts\/45143\/revisions"}],"predecessor-version":[{"id":45152,"href":"https:\/\/blogs.diariosur.es\/tormentas-y-rayos\/wp-json\/wp\/v2\/posts\/45143\/revisions\/45152"}],"wp:featuredmedia":[{"embeddable":true,"href":"https:\/\/blogs.diariosur.es\/tormentas-y-rayos\/wp-json\/wp\/v2\/media\/44847"}],"wp:attachment":[{"href":"https:\/\/blogs.diariosur.es\/tormentas-y-rayos\/wp-json\/wp\/v2\/media?parent=45143"}],"wp:term":[{"taxonomy":"category","embeddable":true,"href":"https:\/\/blogs.diariosur.es\/tormentas-y-rayos\/wp-json\/wp\/v2\/categories?post=45143"},{"taxonomy":"post_tag","embeddable":true,"href":"https:\/\/blogs.diariosur.es\/tormentas-y-rayos\/wp-json\/wp\/v2\/tags?post=45143"}],"curies":[{"name":"wp","href":"https:\/\/api.w.org\/{rel}","templated":true}]}}