{"id":45153,"date":"2025-06-15T08:32:55","date_gmt":"2025-06-15T06:32:55","guid":{"rendered":"https:\/\/blogs.diariosur.es\/tormentas-y-rayos\/?p=45153"},"modified":"2025-10-05T09:53:42","modified_gmt":"2025-10-05T07:53:42","slug":"os-doy-una-mala-noticia-y-una-buena-el-tiempo-en-la-provincia-de-malaga","status":"publish","type":"post","link":"https:\/\/blogs.diariosur.es\/tormentas-y-rayos\/2025\/06\/15\/os-doy-una-mala-noticia-y-una-buena-el-tiempo-en-la-provincia-de-malaga\/","title":{"rendered":"Os doy una mala noticia y una buena. El tiempo en la provincia de M\u00e1laga"},"content":{"rendered":"<p><a href=\"https:\/\/static-blogs.diariosur.es\/wp-content\/uploads\/sites\/12\/2025\/06\/130738248_10221381944997043_6257362087676436516_n-1.jpg\"><img loading=\"lazy\" class=\"aligncenter size-thumbnail wp-image-45057\" src=\"https:\/\/static-blogs.diariosur.es\/wp-content\/uploads\/sites\/12\/2025\/06\/130738248_10221381944997043_6257362087676436516_n-1-150x150.jpg\" alt=\"\" width=\"150\" height=\"150\" srcset=\"https:\/\/static-blogs.diariosur.es\/wp-content\/uploads\/sites\/12\/2025\/06\/130738248_10221381944997043_6257362087676436516_n-1-150x150.jpg 150w, https:\/\/static-blogs.diariosur.es\/wp-content\/uploads\/sites\/12\/2025\/06\/130738248_10221381944997043_6257362087676436516_n-1-400x400.jpg 400w, https:\/\/static-blogs.diariosur.es\/wp-content\/uploads\/sites\/12\/2025\/06\/130738248_10221381944997043_6257362087676436516_n-1-408x408.jpg 408w, https:\/\/static-blogs.diariosur.es\/wp-content\/uploads\/sites\/12\/2025\/06\/130738248_10221381944997043_6257362087676436516_n-1.jpg 768w\" sizes=\"(max-width: 150px) 100vw, 150px\" \/><\/a><\/p>\n<p data-pm-slice=\"1 1 []\">Buenos d\u00edas, amigos de la meteo. Cuando son las ocho menos cuarto de la ma\u00f1ana en M\u00e1laga capital, mi estaci\u00f3n registra 23 \u00baC, el viento est\u00e1 en calma chicha y sigue el polvo en suspensi\u00f3n, aunque hay de momento menos concentraci\u00f3n. Si vais hoy domingo por el interior de Granada (Guadix y Baza), tener precauci\u00f3n por la tarde; se esperan tormentas que pueden ir acompa\u00f1adas de granizo; en la provincia de Ja\u00e9n (Cazorla y Segura) tambi\u00e9n se esperan.<\/p>\n<h3><strong>Os doy una mala noticia y una buena.<\/strong><\/h3>\n<p>Comenzamos con la mala noticia: hoy domingo y ma\u00f1ana lunes seguiremos con polvo en suspensi\u00f3n; es probable que el martes, mi\u00e9rcoles y jueves tambi\u00e9n; unos d\u00edas tendremos m\u00e1s concentraci\u00f3n y otros menos.<\/p>\n<p>Los modelos solo llegan hasta el jueves; ma\u00f1ana veremos si sigue el viernes. Para mi amigo Francisco Javier es una mala noticia; le gusta el cielo azul potente. Un abrazo.<\/p>\n<p>Os paso unas fotos del amanecer que hemos tenido esta ma\u00f1ana. El sol sale a las 6:58.<\/p>\n<p>&nbsp;<\/p>\n<p><a href=\"https:\/\/static-blogs.diariosur.es\/wp-content\/uploads\/sites\/12\/2025\/06\/b-scaled-e1749966283174.jpg\"><img loading=\"lazy\" class=\"aligncenter size-full wp-image-45154\" src=\"https:\/\/static-blogs.diariosur.es\/wp-content\/uploads\/sites\/12\/2025\/06\/b-scaled-e1749966283174.jpg\" alt=\"\" width=\"1100\" height=\"733\" \/><\/a><\/p>\n<p>&nbsp;<\/p>\n<p><a href=\"https:\/\/static-blogs.diariosur.es\/wp-content\/uploads\/sites\/12\/2025\/06\/b1-scaled-e1749966315653.jpg\"><img loading=\"lazy\" class=\"aligncenter size-full wp-image-45155\" src=\"https:\/\/static-blogs.diariosur.es\/wp-content\/uploads\/sites\/12\/2025\/06\/b1-scaled-e1749966315653.jpg\" alt=\"\" width=\"1100\" height=\"761\" \/><\/a><\/p>\n<p>&nbsp;<\/p>\n<h3 data-pm-slice=\"1 1 []\"><strong>Vamos con la buena noticia.<\/strong><\/h3>\n<p>De momento, con los modelos actualizados, no se espera hasta el viernes un episodio de altas temperaturas en la provincia de M\u00e1laga; con esto no quiero decir que no haga calor. Las noches y madrugadas en muchos puntos de la provincia no bajar\u00e1n de 21 \u00baC.<\/p>\n<p><strong>Es muy probable que en toda la semana no tengamos terral. De todas formas, lo iremos viendo con los modelos actualizados.<\/strong><\/p>\n<p>Estas son las temperaturas que prev\u00e9 la Aemet el lunes, martes, mi\u00e9rcoles y jueves.<\/p>\n<p>Hasta ma\u00f1ana.<\/p>\n<p>&nbsp;<\/p>\n<p><a href=\"https:\/\/static-blogs.diariosur.es\/wp-content\/uploads\/sites\/12\/2025\/06\/lunes.jpg\"><img loading=\"lazy\" class=\"aligncenter size-full wp-image-45156\" src=\"https:\/\/static-blogs.diariosur.es\/wp-content\/uploads\/sites\/12\/2025\/06\/lunes.jpg\" alt=\"\" width=\"1051\" height=\"819\" srcset=\"https:\/\/static-blogs.diariosur.es\/wp-content\/uploads\/sites\/12\/2025\/06\/lunes.jpg 1051w, https:\/\/static-blogs.diariosur.es\/wp-content\/uploads\/sites\/12\/2025\/06\/lunes-513x400.jpg 513w, https:\/\/static-blogs.diariosur.es\/wp-content\/uploads\/sites\/12\/2025\/06\/lunes-524x408.jpg 524w, https:\/\/static-blogs.diariosur.es\/wp-content\/uploads\/sites\/12\/2025\/06\/lunes-768x598.jpg 768w\" sizes=\"(max-width: 1051px) 100vw, 1051px\" \/><\/a><\/p>\n<p>&nbsp;<\/p>\n<p>&nbsp;<\/p>\n<p><a href=\"https:\/\/static-blogs.diariosur.es\/wp-content\/uploads\/sites\/12\/2025\/06\/martes.jpg\"><img loading=\"lazy\" class=\"aligncenter size-full wp-image-45157\" src=\"https:\/\/static-blogs.diariosur.es\/wp-content\/uploads\/sites\/12\/2025\/06\/martes.jpg\" alt=\"\" width=\"1042\" height=\"820\" srcset=\"https:\/\/static-blogs.diariosur.es\/wp-content\/uploads\/sites\/12\/2025\/06\/martes.jpg 1042w, https:\/\/static-blogs.diariosur.es\/wp-content\/uploads\/sites\/12\/2025\/06\/martes-508x400.jpg 508w, https:\/\/static-blogs.diariosur.es\/wp-content\/uploads\/sites\/12\/2025\/06\/martes-518x408.jpg 518w, https:\/\/static-blogs.diariosur.es\/wp-content\/uploads\/sites\/12\/2025\/06\/martes-768x604.jpg 768w\" sizes=\"(max-width: 1042px) 100vw, 1042px\" \/><\/a><\/p>\n<p>&nbsp;<\/p>\n<p>&nbsp;<\/p>\n<p><a href=\"https:\/\/static-blogs.diariosur.es\/wp-content\/uploads\/sites\/12\/2025\/06\/miercoles.jpg\"><img loading=\"lazy\" class=\"aligncenter size-full wp-image-45158\" src=\"https:\/\/static-blogs.diariosur.es\/wp-content\/uploads\/sites\/12\/2025\/06\/miercoles.jpg\" alt=\"\" width=\"1044\" height=\"822\" srcset=\"https:\/\/static-blogs.diariosur.es\/wp-content\/uploads\/sites\/12\/2025\/06\/miercoles.jpg 1044w, https:\/\/static-blogs.diariosur.es\/wp-content\/uploads\/sites\/12\/2025\/06\/miercoles-508x400.jpg 508w, https:\/\/static-blogs.diariosur.es\/wp-content\/uploads\/sites\/12\/2025\/06\/miercoles-518x408.jpg 518w, https:\/\/static-blogs.diariosur.es\/wp-content\/uploads\/sites\/12\/2025\/06\/miercoles-768x605.jpg 768w\" sizes=\"(max-width: 1044px) 100vw, 1044px\" \/><\/a><\/p>\n<p>&nbsp;<\/p>\n<p><a href=\"https:\/\/static-blogs.diariosur.es\/wp-content\/uploads\/sites\/12\/2025\/06\/b4.jpg\"><img loading=\"lazy\" class=\"aligncenter size-full wp-image-45159\" src=\"https:\/\/static-blogs.diariosur.es\/wp-content\/uploads\/sites\/12\/2025\/06\/b4.jpg\" alt=\"\" width=\"1044\" height=\"822\" srcset=\"https:\/\/static-blogs.diariosur.es\/wp-content\/uploads\/sites\/12\/2025\/06\/b4.jpg 1044w, https:\/\/static-blogs.diariosur.es\/wp-content\/uploads\/sites\/12\/2025\/06\/b4-508x400.jpg 508w, https:\/\/static-blogs.diariosur.es\/wp-content\/uploads\/sites\/12\/2025\/06\/b4-518x408.jpg 518w, https:\/\/static-blogs.diariosur.es\/wp-content\/uploads\/sites\/12\/2025\/06\/b4-768x605.jpg 768w\" sizes=\"(max-width: 1044px) 100vw, 1044px\" \/><\/a><\/p>\n","protected":false},"excerpt":{"rendered":"<p>Buenos d\u00edas, amigos de la meteo. Cuando son las ocho menos cuarto de la ma\u00f1ana en M\u00e1laga capital, mi estaci\u00f3n registra 23 \u00baC, el viento est\u00e1 en calma chicha y sigue el polvo en suspensi\u00f3n, aunque hay de momento menos concentraci\u00f3n. Si vais hoy domingo por el interior de Granada (Guadix y Baza), tener precauci\u00f3n [&hellip;]<\/p>\n","protected":false},"author":16,"featured_media":45155,"comment_status":"open","ping_status":"open","sticky":false,"template":"","format":"standard","meta":[],"categories":[2],"tags":[81,94,100,151,209,212,358,587,789,947,1250],"_links":{"self":[{"href":"https:\/\/blogs.diariosur.es\/tormentas-y-rayos\/wp-json\/wp\/v2\/posts\/45153"}],"collection":[{"href":"https:\/\/blogs.diariosur.es\/tormentas-y-rayos\/wp-json\/wp\/v2\/posts"}],"about":[{"href":"https:\/\/blogs.diariosur.es\/tormentas-y-rayos\/wp-json\/wp\/v2\/types\/post"}],"author":[{"embeddable":true,"href":"https:\/\/blogs.diariosur.es\/tormentas-y-rayos\/wp-json\/wp\/v2\/users\/16"}],"replies":[{"embeddable":true,"href":"https:\/\/blogs.diariosur.es\/tormentas-y-rayos\/wp-json\/wp\/v2\/comments?post=45153"}],"version-history":[{"count":6,"href":"https:\/\/blogs.diariosur.es\/tormentas-y-rayos\/wp-json\/wp\/v2\/posts\/45153\/revisions"}],"predecessor-version":[{"id":46576,"href":"https:\/\/blogs.diariosur.es\/tormentas-y-rayos\/wp-json\/wp\/v2\/posts\/45153\/revisions\/46576"}],"wp:featuredmedia":[{"embeddable":true,"href":"https:\/\/blogs.diariosur.es\/tormentas-y-rayos\/wp-json\/wp\/v2\/media\/45155"}],"wp:attachment":[{"href":"https:\/\/blogs.diariosur.es\/tormentas-y-rayos\/wp-json\/wp\/v2\/media?parent=45153"}],"wp:term":[{"taxonomy":"category","embeddable":true,"href":"https:\/\/blogs.diariosur.es\/tormentas-y-rayos\/wp-json\/wp\/v2\/categories?post=45153"},{"taxonomy":"post_tag","embeddable":true,"href":"https:\/\/blogs.diariosur.es\/tormentas-y-rayos\/wp-json\/wp\/v2\/tags?post=45153"}],"curies":[{"name":"wp","href":"https:\/\/api.w.org\/{rel}","templated":true}]}}