{"id":4518,"date":"2012-12-30T10:33:16","date_gmt":"2012-12-30T09:33:16","guid":{"rendered":"http:\/\/blogs.diariosur.es\/tormentas-y-rayos\/?p=4518"},"modified":"2012-12-30T10:33:16","modified_gmt":"2012-12-30T09:33:16","slug":"prediccion-del-tiempo-noche-vieja-y-ano-nuevo-chubascos-manana-cnfirmare-la-hora-de-las-posibles-lluvias","status":"publish","type":"post","link":"https:\/\/blogs.diariosur.es\/tormentas-y-rayos\/2012\/12\/30\/prediccion-del-tiempo-noche-vieja-y-ano-nuevo-chubascos-manana-cnfirmare-la-hora-de-las-posibles-lluvias\/","title":{"rendered":"Predicci\u00f3n del tiempo Noche Vieja y  A\u00f1o Nuevo ( chubascos). Ma\u00f1ana confirmare la hora de las posibles lluvias."},"content":{"rendered":"<p>&nbsp;<\/p>\n<p>&nbsp;<\/p>\n<p><strong>Buenos dias amigos de la meteo. Antes de nada os quiero felicitar con esta preciosa foto de mi amiga Maria Molina, un besito muy grande Maria y ojala el 2013 se cumplan todos nuestros deseos.<\/strong><\/p>\n<p><a href=\"https:\/\/blogs.diariosur.es\/tormentas-y-rayos\/2012\/12\/30\/prediccion-del-tiempo-noche-vieja-y-ano-nuevo-chubascos-manana-cnfirmare-la-hora-de-las-posibles-lluvias\/735633_4783092109352_446691519_o\/\" rel=\"attachment wp-att-4527\"><img loading=\"lazy\" class=\"aligncenter size-full wp-image-4527\" title=\"735633_4783092109352_446691519_o\" src=\"\/tormentas-y-rayos\/wp-content\/uploads\/sites\/12\/2012\/12\/735633_4783092109352_446691519_o.jpg\" alt=\"\" width=\"680\" height=\"555\" srcset=\"https:\/\/static-blogs.diariosur.es\/wp-content\/uploads\/sites\/12\/2012\/12\/735633_4783092109352_446691519_o.jpg 680w, https:\/\/static-blogs.diariosur.es\/wp-content\/uploads\/sites\/12\/2012\/12\/735633_4783092109352_446691519_o-490x400.jpg 490w\" sizes=\"(max-width: 680px) 100vw, 680px\" \/><\/a><\/p>\n<p><strong> Hace un rato que acabo de venir de fotografiar el amanecer, que por cierto ha estado precioso. Lo peor el viento de terral de invierno, que soplaba entre moderado y fuerte. Y me ha dejado con dos\u00a0t\u00e9mpanos\u00a0de hielo en las orejas.\u00a0Tendr\u00e9\u00a0que usar martillo y\u00a0cincel\u00a0para\u00a0quit\u00e1rmelos\u00a0ji ji. En este\u00a0gr\u00e1fico\u00a0de abajo\u00a0pod\u00e9is\u00a0ver las rachas de viento que hemos tenido esta madrugada.<\/strong><\/p>\n<p><a href=\"https:\/\/blogs.diariosur.es\/tormentas-y-rayos\/2012\/12\/30\/prediccion-del-tiempo-noche-vieja-y-ano-nuevo-chubascos-manana-cnfirmare-la-hora-de-las-posibles-lluvias\/viento-ocho\/\" rel=\"attachment wp-att-4519\"><img loading=\"lazy\" class=\"aligncenter size-medium wp-image-4519\" title=\"viento ocho\" src=\"\/tormentas-y-rayos\/wp-content\/uploads\/sites\/12\/2012\/12\/viento-ocho.jpg\" alt=\"\" width=\"600\" height=\"272\" srcset=\"https:\/\/static-blogs.diariosur.es\/wp-content\/uploads\/sites\/12\/2012\/12\/viento-ocho.jpg 736w, https:\/\/static-blogs.diariosur.es\/wp-content\/uploads\/sites\/12\/2012\/12\/viento-ocho-640x290.jpg 640w\" sizes=\"(max-width: 600px) 100vw, 600px\" \/><\/a><\/p>\n<p><strong>La temperatura era de 9,8 grados, pero la sensaci\u00f3n t\u00e9rmica estaba cercana a los 0 grados.\u00a0<\/strong><\/p>\n<p><a href=\"https:\/\/blogs.diariosur.es\/tormentas-y-rayos\/2012\/12\/30\/prediccion-del-tiempo-noche-vieja-y-ano-nuevo-chubascos-manana-cnfirmare-la-hora-de-las-posibles-lluvias\/temperatura-8\/\" rel=\"attachment wp-att-4520\"><img loading=\"lazy\" class=\"aligncenter size-medium wp-image-4520\" title=\"temperatura 8\" src=\"\/tormentas-y-rayos\/wp-content\/uploads\/sites\/12\/2012\/12\/temperatura-8.jpg\" alt=\"\" width=\"600\" height=\"271\" srcset=\"https:\/\/static-blogs.diariosur.es\/wp-content\/uploads\/sites\/12\/2012\/12\/temperatura-8.jpg 724w, https:\/\/static-blogs.diariosur.es\/wp-content\/uploads\/sites\/12\/2012\/12\/temperatura-8-640x290.jpg 640w\" sizes=\"(max-width: 600px) 100vw, 600px\" \/><\/a><\/p>\n<p><a href=\"https:\/\/blogs.diariosur.es\/tormentas-y-rayos\/2012\/12\/30\/prediccion-del-tiempo-noche-vieja-y-ano-nuevo-chubascos-manana-cnfirmare-la-hora-de-las-posibles-lluvias\/te\/\" rel=\"attachment wp-att-4521\"><img loading=\"lazy\" class=\"aligncenter size-medium wp-image-4521\" title=\"te\" src=\"\/tormentas-y-rayos\/wp-content\/uploads\/sites\/12\/2012\/12\/te.jpg\" alt=\"\" width=\"600\" height=\"268\" srcset=\"https:\/\/static-blogs.diariosur.es\/wp-content\/uploads\/sites\/12\/2012\/12\/te.jpg 734w, https:\/\/static-blogs.diariosur.es\/wp-content\/uploads\/sites\/12\/2012\/12\/te-640x287.jpg 640w\" sizes=\"(max-width: 600px) 100vw, 600px\" \/><\/a><\/p>\n<p>&nbsp;<\/p>\n<p><strong>Si os fij\u00e1is en este\u00a0gr\u00e1fico\u00a0\u00faltimo, la m\u00e1xima de ayer S\u00e1bado \u00a0en M\u00e1laga Capital fue de 18 y 19 grados, seg\u00fan las zonas. La m\u00ednima \u00a0de 4,9 grados, pero no se notaba el frio tanto como hoy. <\/strong><\/p>\n<p><strong>Os paso una cuantas fotos del amanecer de hoy 30 de diciembre desde la Playa de la Misericordia.<\/strong><\/p>\n<p><a href=\"https:\/\/blogs.diariosur.es\/tormentas-y-rayos\/2012\/12\/30\/prediccion-del-tiempo-noche-vieja-y-ano-nuevo-chubascos-manana-cnfirmare-la-hora-de-las-posibles-lluvias\/olympus-digital-camera-1014\/\" rel=\"attachment wp-att-4522\"><img loading=\"lazy\" class=\"aligncenter size-full wp-image-4522\" title=\"OLYMPUS DIGITAL CAMERA\" src=\"\/tormentas-y-rayos\/wp-content\/uploads\/sites\/12\/2012\/12\/blog.jpg\" alt=\"\" width=\"670\" height=\"506\" srcset=\"https:\/\/static-blogs.diariosur.es\/wp-content\/uploads\/sites\/12\/2012\/12\/blog.jpg 670w, https:\/\/static-blogs.diariosur.es\/wp-content\/uploads\/sites\/12\/2012\/12\/blog-530x400.jpg 530w\" sizes=\"(max-width: 670px) 100vw, 670px\" \/><\/a><\/p>\n<p>&nbsp;<\/p>\n<p><a href=\"https:\/\/blogs.diariosur.es\/tormentas-y-rayos\/2012\/12\/30\/prediccion-del-tiempo-noche-vieja-y-ano-nuevo-chubascos-manana-cnfirmare-la-hora-de-las-posibles-lluvias\/olympus-digital-camera-1015\/\" rel=\"attachment wp-att-4523\"><img loading=\"lazy\" class=\"aligncenter size-full wp-image-4523\" title=\"OLYMPUS DIGITAL CAMERA\" src=\"\/tormentas-y-rayos\/wp-content\/uploads\/sites\/12\/2012\/12\/blo1.jpg\" alt=\"\" width=\"670\" height=\"503\" srcset=\"https:\/\/static-blogs.diariosur.es\/wp-content\/uploads\/sites\/12\/2012\/12\/blo1.jpg 670w, https:\/\/static-blogs.diariosur.es\/wp-content\/uploads\/sites\/12\/2012\/12\/blo1-533x400.jpg 533w\" sizes=\"(max-width: 670px) 100vw, 670px\" \/><\/a><\/p>\n<p>&nbsp;<\/p>\n<p><a href=\"https:\/\/blogs.diariosur.es\/tormentas-y-rayos\/2012\/12\/30\/prediccion-del-tiempo-noche-vieja-y-ano-nuevo-chubascos-manana-cnfirmare-la-hora-de-las-posibles-lluvias\/olympus-digital-camera-1016\/\" rel=\"attachment wp-att-4524\"><img loading=\"lazy\" class=\"aligncenter size-full wp-image-4524\" title=\"OLYMPUS DIGITAL CAMERA\" src=\"\/tormentas-y-rayos\/wp-content\/uploads\/sites\/12\/2012\/12\/blo2.jpg\" alt=\"\" width=\"670\" height=\"503\" srcset=\"https:\/\/static-blogs.diariosur.es\/wp-content\/uploads\/sites\/12\/2012\/12\/blo2.jpg 670w, https:\/\/static-blogs.diariosur.es\/wp-content\/uploads\/sites\/12\/2012\/12\/blo2-533x400.jpg 533w\" sizes=\"(max-width: 670px) 100vw, 670px\" \/><\/a><\/p>\n<p><strong>A partir del mediod\u00eda, el viento de terral de invierno se ir\u00e1 calmando y dar\u00e1 paso al levante o sur sureste por la tarde. La m\u00e1xima de hoy estar\u00e1 cercana a los 17 grados y los cielos a medida que <em>pasen <\/em>\u00a0las horas se tornaran con nubes altas.\u00a0<\/strong><\/p>\n<p><span style=\"color: #ff0000;\"><strong>PREDICCI\u00d3N DEL TIEMPO NOCHE VIEJA Y A\u00d1O NUEVO.<\/strong><\/span><\/p>\n<p><strong>Buenos amigos, parece que se repite la misma jugada de la Navidad. Un frente frio cruzara la\u00a0pen\u00ednsula\u00a0a partir del lunes, dejando lluvias en buena parte de la\u00a0pen\u00ednsula\u00a0 En esta imagen se ve claramente. Fuente meteogalicia, eumetsat, meteo officce<\/strong><\/p>\n<p><a href=\"https:\/\/blogs.diariosur.es\/tormentas-y-rayos\/2012\/12\/30\/prediccion-del-tiempo-noche-vieja-y-ano-nuevo-chubascos-manana-cnfirmare-la-hora-de-las-posibles-lluvias\/bo-2\/\" rel=\"attachment wp-att-4525\"><img loading=\"lazy\" class=\"aligncenter size-medium wp-image-4525\" title=\"BO\" src=\"\/tormentas-y-rayos\/wp-content\/uploads\/sites\/12\/2012\/12\/BO.jpg\" alt=\"\" width=\"570\" height=\"400\" srcset=\"https:\/\/static-blogs.diariosur.es\/wp-content\/uploads\/sites\/12\/2012\/12\/BO.jpg 755w, https:\/\/static-blogs.diariosur.es\/wp-content\/uploads\/sites\/12\/2012\/12\/BO-571x400.jpg 571w\" sizes=\"(max-width: 570px) 100vw, 570px\" \/><\/a><\/p>\n<p><a href=\"https:\/\/blogs.diariosur.es\/tormentas-y-rayos\/2012\/12\/30\/prediccion-del-tiempo-noche-vieja-y-ano-nuevo-chubascos-manana-cnfirmare-la-hora-de-las-posibles-lluvias\/frente-10\/\" rel=\"attachment wp-att-4526\"><img loading=\"lazy\" class=\"aligncenter size-medium wp-image-4526\" title=\"FRENTE\" src=\"\/tormentas-y-rayos\/wp-content\/uploads\/sites\/12\/2012\/12\/FRENTE.jpg\" alt=\"\" width=\"600\" height=\"363\" srcset=\"https:\/\/static-blogs.diariosur.es\/wp-content\/uploads\/sites\/12\/2012\/12\/FRENTE.jpg 933w, https:\/\/static-blogs.diariosur.es\/wp-content\/uploads\/sites\/12\/2012\/12\/FRENTE-640x388.jpg 640w, https:\/\/static-blogs.diariosur.es\/wp-content\/uploads\/sites\/12\/2012\/12\/FRENTE-768x465.jpg 768w\" sizes=\"(max-width: 600px) 100vw, 600px\" \/><\/a><\/p>\n<p>&nbsp;<\/p>\n<p><strong>Si todo trascurre como espero, el frente\u00a0fr\u00edo\u00a0llegara a la provincia malague\u00f1a durante la madrugada. Se registraran chubascos, que en algunos momentos pueden ser de origen tormentosos, algo parecido a lo que paso en dia 25 Navidad. Al mediod\u00eda del\u00a0d\u00eda\u00a01, \u00a0se abrir\u00edan claros, pero el viento de terral de invierno tomar\u00eda protagonismo. <\/strong><\/p>\n<p><strong>De todas formas ma\u00f1ana os abrir\u00e9 un nuevo post, y confirmaremos con m\u00e1s detalle la hora que podr\u00eda comenzar la lluvia. Para los que os\u00a0tom\u00e1is\u00a0las uvas en la calle.<\/strong><\/p>\n<p><strong><span style=\"color: #0000ff;\">Adem\u00e1s os\u00a0har\u00e9\u00a0un regalo, que seguro muchos ya sabr\u00e9is de que va. Y os aseguro que nos traer\u00e1 suerte para el pr\u00f3ximo a\u00f1o 2013.\u00a0<\/span><\/strong><\/p>\n","protected":false},"excerpt":{"rendered":"<p>&nbsp; &nbsp; Buenos dias amigos de la meteo. Antes de nada os quiero felicitar con esta preciosa foto de mi amiga Maria Molina, un besito muy grande Maria y ojala el 2013 se cumplan todos nuestros deseos. Hace un rato que acabo de venir de fotografiar el amanecer, que por cierto ha estado precioso. Lo [&hellip;]<\/p>\n","protected":false},"author":16,"featured_media":4527,"comment_status":"open","ping_status":"closed","sticky":false,"template":"","format":"standard","meta":[],"categories":[2],"tags":[111,249,707,800,980],"_links":{"self":[{"href":"https:\/\/blogs.diariosur.es\/tormentas-y-rayos\/wp-json\/wp\/v2\/posts\/4518"}],"collection":[{"href":"https:\/\/blogs.diariosur.es\/tormentas-y-rayos\/wp-json\/wp\/v2\/posts"}],"about":[{"href":"https:\/\/blogs.diariosur.es\/tormentas-y-rayos\/wp-json\/wp\/v2\/types\/post"}],"author":[{"embeddable":true,"href":"https:\/\/blogs.diariosur.es\/tormentas-y-rayos\/wp-json\/wp\/v2\/users\/16"}],"replies":[{"embeddable":true,"href":"https:\/\/blogs.diariosur.es\/tormentas-y-rayos\/wp-json\/wp\/v2\/comments?post=4518"}],"version-history":[{"count":0,"href":"https:\/\/blogs.diariosur.es\/tormentas-y-rayos\/wp-json\/wp\/v2\/posts\/4518\/revisions"}],"wp:featuredmedia":[{"embeddable":true,"href":"https:\/\/blogs.diariosur.es\/tormentas-y-rayos\/wp-json\/wp\/v2\/media\/4527"}],"wp:attachment":[{"href":"https:\/\/blogs.diariosur.es\/tormentas-y-rayos\/wp-json\/wp\/v2\/media?parent=4518"}],"wp:term":[{"taxonomy":"category","embeddable":true,"href":"https:\/\/blogs.diariosur.es\/tormentas-y-rayos\/wp-json\/wp\/v2\/categories?post=4518"},{"taxonomy":"post_tag","embeddable":true,"href":"https:\/\/blogs.diariosur.es\/tormentas-y-rayos\/wp-json\/wp\/v2\/tags?post=4518"}],"curies":[{"name":"wp","href":"https:\/\/api.w.org\/{rel}","templated":true}]}}