{"id":45190,"date":"2025-06-19T07:53:25","date_gmt":"2025-06-19T05:53:25","guid":{"rendered":"https:\/\/blogs.diariosur.es\/tormentas-y-rayos\/?p=45190"},"modified":"2025-10-05T09:46:38","modified_gmt":"2025-10-05T07:46:38","slug":"buena-noticia-el-tiempo-fin-de-semana-en-la-provincia-de-malaga-fuente-de-piedra-registra-la-maxima-mas-alta-de-la-provincia","status":"publish","type":"post","link":"https:\/\/blogs.diariosur.es\/tormentas-y-rayos\/2025\/06\/19\/buena-noticia-el-tiempo-fin-de-semana-en-la-provincia-de-malaga-fuente-de-piedra-registra-la-maxima-mas-alta-de-la-provincia\/","title":{"rendered":"Buena noticia. El tiempo fin de semana en la provincia de M\u00e1laga. Fuente de Piedra registra la m\u00e1xima m\u00e1s alta de la provincia."},"content":{"rendered":"<p><a href=\"https:\/\/static-blogs.diariosur.es\/wp-content\/uploads\/sites\/12\/2025\/06\/130738248_10221381944997043_6257362087676436516_n.jpg\"><img loading=\"lazy\" class=\"aligncenter size-thumbnail wp-image-44989\" src=\"https:\/\/static-blogs.diariosur.es\/wp-content\/uploads\/sites\/12\/2025\/06\/130738248_10221381944997043_6257362087676436516_n-150x150.jpg\" alt=\"\" width=\"150\" height=\"150\" srcset=\"https:\/\/static-blogs.diariosur.es\/wp-content\/uploads\/sites\/12\/2025\/06\/130738248_10221381944997043_6257362087676436516_n-150x150.jpg 150w, https:\/\/static-blogs.diariosur.es\/wp-content\/uploads\/sites\/12\/2025\/06\/130738248_10221381944997043_6257362087676436516_n-400x400.jpg 400w, https:\/\/static-blogs.diariosur.es\/wp-content\/uploads\/sites\/12\/2025\/06\/130738248_10221381944997043_6257362087676436516_n-408x408.jpg 408w, https:\/\/static-blogs.diariosur.es\/wp-content\/uploads\/sites\/12\/2025\/06\/130738248_10221381944997043_6257362087676436516_n.jpg 768w\" sizes=\"(max-width: 150px) 100vw, 150px\" \/><\/a><\/p>\n<p data-pm-slice=\"1 1 []\">Buenos d\u00edas, amigos de la meteo. Cuando son las seis y media de la ma\u00f1ana en M\u00e1laga capital, mi estaci\u00f3n registra 24,3 \u00b0C, los cielos est\u00e1n algo nubosos, sigue el polvo en suspensi\u00f3n y el viento sopla flojo de direcci\u00f3n variable. Con hoy llevamos <strong>11 d\u00edas<\/strong> seguidos con polvo en suspensi\u00f3n.<\/p>\n<p>Fuente de Piedra registr\u00f3 la temperatura m\u00e1xima m\u00e1s alta de la provincia de M\u00e1laga con 38,8,\u00a0seguida de \u00c1lora con 38,7; curiosamente, no sopl\u00f3 terral; esta temperatura pudo deberse al fen\u00f3meno de subsidencia. Destacar tambi\u00e9n Antequera con 37,2 \u00baC, Alpandeire con 36,5 \u00baC y Ronda con 36 \u00baC. Fuente AEMET<\/p>\n<p>Hoy jueves, la comarca de Antequera se encuentra en aviso amarillo por temperaturas de 38 \u00b0C en zonas de \u00c1lora y Pizarra; tambi\u00e9n pueden llegar a los 37 y 38 \u00b0C. En M\u00e1laga capital rondaremos los 30 y 32 \u00b0C; en las dem\u00e1s zonas de la provincia, entre 29 y 34 \u00b0C. Si alguno esta tarde se desplaza por el interior de la provincia de Granada (Guadix, Baza), tener precauci\u00f3n con las tormentas; en Cazorla y Segura tambi\u00e9n se esperan. Estas zonas est\u00e1n en aviso amarillo por tormentas.<\/p>\n<p>Ma\u00f1ana viernes, aunque a\u00fan no hay avisos por altas temperaturas, es probable que nuevamente la comarca de Antequera entre en aviso amarillo. En el interior del valle del Guadalhorce tambi\u00e9n espero temperaturas muy altas.<\/p>\n<h3><strong>El tiempo del fin de semana en la provincia de M\u00e1laga<\/strong><\/h3>\n<p><strong>S\u00e1bado 21 de junio<\/strong><\/p>\n<p><strong>La buena noticia es que baja mucho la concentraci\u00f3n de polvo en suspensi\u00f3n en la provincia de M\u00e1laga<\/strong>.<\/p>\n<p>No creo que se activen avisos por altas temperaturas en la comarca de Antequera; con esto no quiero decir que no haga calor. El viento soplar\u00e1 flojo de sur, sureste y en ocasiones variable. La temperatura del agua del mar rondar\u00e1 los 24,5 \u00baC. La probabilidad de precipitaciones es del 0%.<\/p>\n<p>La Aemet prev\u00e9 estas temperaturas m\u00ednimas y m\u00e1ximas<\/p>\n<p>&nbsp;<\/p>\n<p><a href=\"https:\/\/static-blogs.diariosur.es\/wp-content\/uploads\/sites\/12\/2025\/06\/sabado-2.jpg\"><img loading=\"lazy\" class=\"aligncenter size-full wp-image-45191\" src=\"https:\/\/static-blogs.diariosur.es\/wp-content\/uploads\/sites\/12\/2025\/06\/sabado-2.jpg\" alt=\"\" width=\"1036\" height=\"820\" srcset=\"https:\/\/static-blogs.diariosur.es\/wp-content\/uploads\/sites\/12\/2025\/06\/sabado-2.jpg 1036w, https:\/\/static-blogs.diariosur.es\/wp-content\/uploads\/sites\/12\/2025\/06\/sabado-2-505x400.jpg 505w, https:\/\/static-blogs.diariosur.es\/wp-content\/uploads\/sites\/12\/2025\/06\/sabado-2-515x408.jpg 515w, https:\/\/static-blogs.diariosur.es\/wp-content\/uploads\/sites\/12\/2025\/06\/sabado-2-768x608.jpg 768w\" sizes=\"(max-width: 1036px) 100vw, 1036px\" \/><\/a><\/p>\n<p>&nbsp;<\/p>\n<p>&nbsp;<\/p>\n<p data-pm-slice=\"1 1 []\"><strong>Domingo 22 de junio<\/strong><\/p>\n<p>No espero polvo en suspensi\u00f3n. Las temperaturas m\u00e1ximas y m\u00ednimas pueden bajar por el interior de la provincia. El viento soplar\u00e1 de flojo a moderado de sur, sureste en la costa; por el interior de la provincia ser\u00e1 moderado. La probabilidad de precipitaciones es del 0%. La temperatura del agua del mar seguir\u00e1 calentita.<\/p>\n<p>&nbsp;<\/p>\n<p>&nbsp;<\/p>\n<p>&nbsp;<\/p>\n<p>&nbsp;<\/p>\n<p><a href=\"https:\/\/static-blogs.diariosur.es\/wp-content\/uploads\/sites\/12\/2025\/06\/domingo-2.jpg\"><img loading=\"lazy\" class=\"aligncenter size-full wp-image-45192\" src=\"https:\/\/static-blogs.diariosur.es\/wp-content\/uploads\/sites\/12\/2025\/06\/domingo-2.jpg\" alt=\"\" width=\"1045\" height=\"819\" srcset=\"https:\/\/static-blogs.diariosur.es\/wp-content\/uploads\/sites\/12\/2025\/06\/domingo-2.jpg 1045w, https:\/\/static-blogs.diariosur.es\/wp-content\/uploads\/sites\/12\/2025\/06\/domingo-2-510x400.jpg 510w, https:\/\/static-blogs.diariosur.es\/wp-content\/uploads\/sites\/12\/2025\/06\/domingo-2-521x408.jpg 521w, https:\/\/static-blogs.diariosur.es\/wp-content\/uploads\/sites\/12\/2025\/06\/domingo-2-768x602.jpg 768w\" sizes=\"(max-width: 1045px) 100vw, 1045px\" \/><\/a><\/p>\n<p>&nbsp;<\/p>\n<p>&nbsp;<\/p>\n<p>Os dejo con esta bonita foto de mi amigo Lui Garc\u00eda Mar\u00edn<\/p>\n<p>&nbsp;<\/p>\n<p><a href=\"https:\/\/static-blogs.diariosur.es\/wp-content\/uploads\/sites\/12\/2025\/06\/495130897_10233244483833100_8032330226362383281_n.jpg\"><img loading=\"lazy\" class=\"aligncenter size-full wp-image-45193\" src=\"https:\/\/static-blogs.diariosur.es\/wp-content\/uploads\/sites\/12\/2025\/06\/495130897_10233244483833100_8032330226362383281_n.jpg\" alt=\"\" width=\"1200\" height=\"810\" srcset=\"https:\/\/static-blogs.diariosur.es\/wp-content\/uploads\/sites\/12\/2025\/06\/495130897_10233244483833100_8032330226362383281_n.jpg 1200w, https:\/\/static-blogs.diariosur.es\/wp-content\/uploads\/sites\/12\/2025\/06\/495130897_10233244483833100_8032330226362383281_n-593x400.jpg 593w, https:\/\/static-blogs.diariosur.es\/wp-content\/uploads\/sites\/12\/2025\/06\/495130897_10233244483833100_8032330226362383281_n-604x408.jpg 604w, https:\/\/static-blogs.diariosur.es\/wp-content\/uploads\/sites\/12\/2025\/06\/495130897_10233244483833100_8032330226362383281_n-768x518.jpg 768w\" sizes=\"(max-width: 1200px) 100vw, 1200px\" \/><\/a><\/p>\n","protected":false},"excerpt":{"rendered":"<p>Buenos d\u00edas, amigos de la meteo. Cuando son las seis y media de la ma\u00f1ana en M\u00e1laga capital, mi estaci\u00f3n registra 24,3 \u00b0C, los cielos est\u00e1n algo nubosos, sigue el polvo en suspensi\u00f3n y el viento sopla flojo de direcci\u00f3n variable. Con hoy llevamos 11 d\u00edas seguidos con polvo en suspensi\u00f3n. Fuente de Piedra registr\u00f3 [&hellip;]<\/p>\n","protected":false},"author":16,"featured_media":45193,"comment_status":"open","ping_status":"open","sticky":false,"template":"","format":"standard","meta":[],"categories":[2],"tags":[81,94,151,212,358,587,800,962,996],"_links":{"self":[{"href":"https:\/\/blogs.diariosur.es\/tormentas-y-rayos\/wp-json\/wp\/v2\/posts\/45190"}],"collection":[{"href":"https:\/\/blogs.diariosur.es\/tormentas-y-rayos\/wp-json\/wp\/v2\/posts"}],"about":[{"href":"https:\/\/blogs.diariosur.es\/tormentas-y-rayos\/wp-json\/wp\/v2\/types\/post"}],"author":[{"embeddable":true,"href":"https:\/\/blogs.diariosur.es\/tormentas-y-rayos\/wp-json\/wp\/v2\/users\/16"}],"replies":[{"embeddable":true,"href":"https:\/\/blogs.diariosur.es\/tormentas-y-rayos\/wp-json\/wp\/v2\/comments?post=45190"}],"version-history":[{"count":4,"href":"https:\/\/blogs.diariosur.es\/tormentas-y-rayos\/wp-json\/wp\/v2\/posts\/45190\/revisions"}],"predecessor-version":[{"id":46569,"href":"https:\/\/blogs.diariosur.es\/tormentas-y-rayos\/wp-json\/wp\/v2\/posts\/45190\/revisions\/46569"}],"wp:featuredmedia":[{"embeddable":true,"href":"https:\/\/blogs.diariosur.es\/tormentas-y-rayos\/wp-json\/wp\/v2\/media\/45193"}],"wp:attachment":[{"href":"https:\/\/blogs.diariosur.es\/tormentas-y-rayos\/wp-json\/wp\/v2\/media?parent=45190"}],"wp:term":[{"taxonomy":"category","embeddable":true,"href":"https:\/\/blogs.diariosur.es\/tormentas-y-rayos\/wp-json\/wp\/v2\/categories?post=45190"},{"taxonomy":"post_tag","embeddable":true,"href":"https:\/\/blogs.diariosur.es\/tormentas-y-rayos\/wp-json\/wp\/v2\/tags?post=45190"}],"curies":[{"name":"wp","href":"https:\/\/api.w.org\/{rel}","templated":true}]}}