{"id":45196,"date":"2025-06-20T08:39:22","date_gmt":"2025-06-20T06:39:22","guid":{"rendered":"https:\/\/blogs.diariosur.es\/tormentas-y-rayos\/?p=45196"},"modified":"2025-10-05T09:44:30","modified_gmt":"2025-10-05T07:44:30","slug":"dana-para-primeros-de-semana-mala-noticia-como-afectara-a-andalucia-y-provincia-de-malaga","status":"publish","type":"post","link":"https:\/\/blogs.diariosur.es\/tormentas-y-rayos\/2025\/06\/20\/dana-para-primeros-de-semana-mala-noticia-como-afectara-a-andalucia-y-provincia-de-malaga\/","title":{"rendered":"Dana para primeros de la semana, mala noticia. \u00bfC\u00f3mo afectara a Andaluc\u00eda y provincia de M\u00e1laga?"},"content":{"rendered":"<p><a href=\"https:\/\/static-blogs.diariosur.es\/wp-content\/uploads\/sites\/12\/2025\/06\/130738248_10221381944997043_6257362087676436516_n-1.jpg\"><img loading=\"lazy\" class=\"aligncenter size-thumbnail wp-image-45057\" src=\"https:\/\/static-blogs.diariosur.es\/wp-content\/uploads\/sites\/12\/2025\/06\/130738248_10221381944997043_6257362087676436516_n-1-150x150.jpg\" alt=\"\" width=\"150\" height=\"150\" srcset=\"https:\/\/static-blogs.diariosur.es\/wp-content\/uploads\/sites\/12\/2025\/06\/130738248_10221381944997043_6257362087676436516_n-1-150x150.jpg 150w, https:\/\/static-blogs.diariosur.es\/wp-content\/uploads\/sites\/12\/2025\/06\/130738248_10221381944997043_6257362087676436516_n-1-400x400.jpg 400w, https:\/\/static-blogs.diariosur.es\/wp-content\/uploads\/sites\/12\/2025\/06\/130738248_10221381944997043_6257362087676436516_n-1-408x408.jpg 408w, https:\/\/static-blogs.diariosur.es\/wp-content\/uploads\/sites\/12\/2025\/06\/130738248_10221381944997043_6257362087676436516_n-1.jpg 768w\" sizes=\"(max-width: 150px) 100vw, 150px\" \/><\/a><\/p>\n<p>&nbsp;<\/p>\n<p data-pm-slice=\"1 1 []\">Buenos d\u00edas, amigos de la meteo. Noche y madrugada en conjunto m\u00e1s calurosa desde que empez\u00f3 el verano meteorol\u00f3gico en Andaluc\u00eda. En algunas capitales y pueblos ha sido t\u00f3rrida; han rondado los 27 y 30 \u00baC, como es el caso de Sevilla Aeropuerto, Ja\u00e9n, C\u00e1diz, etc., etc. En M\u00e1laga capital ha sido tropical; hemos rondado los 24 \u00baC. Destacar Estepona y Marbella, que ha sido t\u00f3rrida; no han bajado de los 25 \u00baC.<\/p>\n<p>Os pongo algunos gr\u00e1ficos de temperatura; en Sevilla Aeropuerto ha sido bestial.<\/p>\n<p>&nbsp;<\/p>\n<p><a href=\"https:\/\/static-blogs.diariosur.es\/wp-content\/uploads\/sites\/12\/2025\/06\/sevilla-e1750394580290.jpg\"><img loading=\"lazy\" class=\"aligncenter size-full wp-image-45197\" src=\"https:\/\/static-blogs.diariosur.es\/wp-content\/uploads\/sites\/12\/2025\/06\/sevilla-e1750394580290.jpg\" alt=\"\" width=\"1000\" height=\"463\" \/><\/a><\/p>\n<p><a href=\"https:\/\/static-blogs.diariosur.es\/wp-content\/uploads\/sites\/12\/2025\/06\/jaen-e1750394605994.jpg\"><img loading=\"lazy\" class=\"aligncenter size-full wp-image-45198\" src=\"https:\/\/static-blogs.diariosur.es\/wp-content\/uploads\/sites\/12\/2025\/06\/jaen-e1750394605994.jpg\" alt=\"\" width=\"1000\" height=\"453\" \/><\/a><\/p>\n<p>&nbsp;<\/p>\n<p data-pm-slice=\"1 1 []\">Hoy viernes seguir\u00e1 el calor en toda la comunidad y nuevamente por la tarde se pueden producir tormentas en la provincia de Granada; Guadix y Baza est\u00e1n en aviso amarillo. Si os hab\u00e9is fijado, ha bajado mucho la concentraci\u00f3n de polvo en suspensi\u00f3n; ma\u00f1ana y el domingo, m\u00e1s.<\/p>\n<p>Ayer se pudo ver desde M\u00e1laga capital la tormenta que afect\u00f3 a la provincia de Granada; os paso una foto.<\/p>\n<p>&nbsp;<\/p>\n<p><a href=\"https:\/\/static-blogs.diariosur.es\/wp-content\/uploads\/sites\/12\/2025\/06\/DSC1696-scaled-e1750395103719.jpg\"><img loading=\"lazy\" class=\"aligncenter size-full wp-image-45202\" src=\"https:\/\/static-blogs.diariosur.es\/wp-content\/uploads\/sites\/12\/2025\/06\/DSC1696-scaled-e1750395103719.jpg\" alt=\"\" width=\"1000\" height=\"667\" \/><\/a><\/p>\n<p>&nbsp;<\/p>\n<h3 data-pm-slice=\"1 1 []\"><strong>Dana para primeros de semana. \u00bfC\u00f3mo afectar\u00e1 a Andaluc\u00eda y a la provincia de M\u00e1laga?<\/strong><\/h3>\n<p>Empezamos con la incertidumbre de c\u00f3mo afectar\u00e1 a Andaluc\u00eda; daos cuenta de que estamos a 10 d\u00edas de que termine el mes de junio.<\/p>\n<p>Os pongo primeramente los mapas a 500 hPa previstos para el lunes y martes; a continuaci\u00f3n doy un avance de lo que dicen los principales modelos.<\/p>\n<p>&nbsp;<\/p>\n<p>&nbsp;<\/p>\n<p><a href=\"https:\/\/static-blogs.diariosur.es\/wp-content\/uploads\/sites\/12\/2025\/06\/dana-1-1.jpg\"><img loading=\"lazy\" class=\"aligncenter size-full wp-image-45200\" src=\"https:\/\/static-blogs.diariosur.es\/wp-content\/uploads\/sites\/12\/2025\/06\/dana-1-1.jpg\" alt=\"\" width=\"1143\" height=\"1147\" srcset=\"https:\/\/static-blogs.diariosur.es\/wp-content\/uploads\/sites\/12\/2025\/06\/dana-1-1.jpg 1143w, https:\/\/static-blogs.diariosur.es\/wp-content\/uploads\/sites\/12\/2025\/06\/dana-1-1-399x400.jpg 399w, https:\/\/static-blogs.diariosur.es\/wp-content\/uploads\/sites\/12\/2025\/06\/dana-1-1-407x408.jpg 407w, https:\/\/static-blogs.diariosur.es\/wp-content\/uploads\/sites\/12\/2025\/06\/dana-1-1-150x150.jpg 150w, https:\/\/static-blogs.diariosur.es\/wp-content\/uploads\/sites\/12\/2025\/06\/dana-1-1-768x771.jpg 768w\" sizes=\"(max-width: 1143px) 100vw, 1143px\" \/><\/a><\/p>\n<p>&nbsp;<\/p>\n<p><a href=\"https:\/\/static-blogs.diariosur.es\/wp-content\/uploads\/sites\/12\/2025\/06\/dana-2.jpg\"><img loading=\"lazy\" class=\"aligncenter size-full wp-image-45201\" src=\"https:\/\/static-blogs.diariosur.es\/wp-content\/uploads\/sites\/12\/2025\/06\/dana-2.jpg\" alt=\"\" width=\"1141\" height=\"1144\" srcset=\"https:\/\/static-blogs.diariosur.es\/wp-content\/uploads\/sites\/12\/2025\/06\/dana-2.jpg 1141w, https:\/\/static-blogs.diariosur.es\/wp-content\/uploads\/sites\/12\/2025\/06\/dana-2-399x400.jpg 399w, https:\/\/static-blogs.diariosur.es\/wp-content\/uploads\/sites\/12\/2025\/06\/dana-2-407x408.jpg 407w, https:\/\/static-blogs.diariosur.es\/wp-content\/uploads\/sites\/12\/2025\/06\/dana-2-150x150.jpg 150w, https:\/\/static-blogs.diariosur.es\/wp-content\/uploads\/sites\/12\/2025\/06\/dana-2-768x770.jpg 768w\" sizes=\"(max-width: 1141px) 100vw, 1141px\" \/><\/a><\/p>\n<p>&nbsp;<\/p>\n<p>&nbsp;<\/p>\n<p data-pm-slice=\"1 1 []\">Lo m\u00e1s claro es que la dana traer\u00e1 un alivio t\u00e9rmico el martes a las zonas donde estos d\u00edas han sobrepasado los 40 \u00baC, en algunos puntos entre seis y ocho grados. El lunes tambi\u00e9n se notar\u00e1 algo en la zona m\u00e1s occidental de Andaluc\u00eda, como es el caso de la provincia de Huelva y Sevilla.<\/p>\n<p>En la provincia de M\u00e1laga, este alivio t\u00e9rmico se notar\u00e1 tambi\u00e9n m\u00e1s el martes por el interior de la provincia; en la costa malague\u00f1a se notar\u00e1 menos.<\/p>\n<p><strong>La mala noticia es que el lunes vuelve el polvo en suspensi\u00f3n a buena parte de Andaluc\u00eda.<\/strong><\/p>\n<p>Aunque a\u00fan quedan muchos d\u00edas y todo depende del movimiento de la dana, hay probabilidad de terral en el Valle del Guadalhorce el mi\u00e9rcoles; los modelos no lo dan en la capital malague\u00f1a.<\/p>\n<p>Y en cuanto a la precipitaci\u00f3n, os pongo el acumulado en 24 horas del lunes y martes; a\u00fan puede cambiar. De momento, en la provincia de M\u00e1laga no caer\u00eda nada.<\/p>\n<p><strong>LUNES<\/strong><\/p>\n<p><a href=\"https:\/\/static-blogs.diariosur.es\/wp-content\/uploads\/sites\/12\/2025\/06\/1-1.jpg\"><img loading=\"lazy\" class=\"aligncenter size-full wp-image-45203\" src=\"https:\/\/static-blogs.diariosur.es\/wp-content\/uploads\/sites\/12\/2025\/06\/1-1.jpg\" alt=\"\" width=\"1144\" height=\"1138\" srcset=\"https:\/\/static-blogs.diariosur.es\/wp-content\/uploads\/sites\/12\/2025\/06\/1-1.jpg 1144w, https:\/\/static-blogs.diariosur.es\/wp-content\/uploads\/sites\/12\/2025\/06\/1-1-402x400.jpg 402w, https:\/\/static-blogs.diariosur.es\/wp-content\/uploads\/sites\/12\/2025\/06\/1-1-410x408.jpg 410w, https:\/\/static-blogs.diariosur.es\/wp-content\/uploads\/sites\/12\/2025\/06\/1-1-150x150.jpg 150w, https:\/\/static-blogs.diariosur.es\/wp-content\/uploads\/sites\/12\/2025\/06\/1-1-768x764.jpg 768w\" sizes=\"(max-width: 1144px) 100vw, 1144px\" \/><\/a><\/p>\n<p data-pm-slice=\"1 1 []\"><strong>MARTES<\/strong><\/p>\n<p>En esas zonas es donde se espera m\u00e1s precipitaci\u00f3n; ir\u00edan acompa\u00f1adas de tormentas. Esa l\u00ednea de inestabilidad puede desplazarse tanto a la izquierda como a la derecha.<\/p>\n<p>&nbsp;<\/p>\n<p>&nbsp;<\/p>\n<p><a href=\"https:\/\/static-blogs.diariosur.es\/wp-content\/uploads\/sites\/12\/2025\/06\/2-1.jpg\"><img loading=\"lazy\" class=\"aligncenter size-full wp-image-45204\" src=\"https:\/\/static-blogs.diariosur.es\/wp-content\/uploads\/sites\/12\/2025\/06\/2-1.jpg\" alt=\"\" width=\"1132\" height=\"1126\" srcset=\"https:\/\/static-blogs.diariosur.es\/wp-content\/uploads\/sites\/12\/2025\/06\/2-1.jpg 1132w, https:\/\/static-blogs.diariosur.es\/wp-content\/uploads\/sites\/12\/2025\/06\/2-1-402x400.jpg 402w, https:\/\/static-blogs.diariosur.es\/wp-content\/uploads\/sites\/12\/2025\/06\/2-1-410x408.jpg 410w, https:\/\/static-blogs.diariosur.es\/wp-content\/uploads\/sites\/12\/2025\/06\/2-1-150x150.jpg 150w, https:\/\/static-blogs.diariosur.es\/wp-content\/uploads\/sites\/12\/2025\/06\/2-1-768x764.jpg 768w\" sizes=\"(max-width: 1132px) 100vw, 1132px\" \/><\/a><\/p>\n<p>&nbsp;<\/p>\n<p>Nos vemos ma\u00f1ana con la \u00faltima hora de la dana.<\/p>\n","protected":false},"excerpt":{"rendered":"<p>&nbsp; Buenos d\u00edas, amigos de la meteo. Noche y madrugada en conjunto m\u00e1s calurosa desde que empez\u00f3 el verano meteorol\u00f3gico en Andaluc\u00eda. En algunas capitales y pueblos ha sido t\u00f3rrida; han rondado los 27 y 30 \u00baC, como es el caso de Sevilla Aeropuerto, Ja\u00e9n, C\u00e1diz, etc., etc. En M\u00e1laga capital ha sido tropical; hemos [&hellip;]<\/p>\n","protected":false},"author":16,"featured_media":45205,"comment_status":"open","ping_status":"open","sticky":false,"template":"","format":"standard","meta":[],"categories":[2],"tags":[94,100,151,212,307,358,587,800,996],"_links":{"self":[{"href":"https:\/\/blogs.diariosur.es\/tormentas-y-rayos\/wp-json\/wp\/v2\/posts\/45196"}],"collection":[{"href":"https:\/\/blogs.diariosur.es\/tormentas-y-rayos\/wp-json\/wp\/v2\/posts"}],"about":[{"href":"https:\/\/blogs.diariosur.es\/tormentas-y-rayos\/wp-json\/wp\/v2\/types\/post"}],"author":[{"embeddable":true,"href":"https:\/\/blogs.diariosur.es\/tormentas-y-rayos\/wp-json\/wp\/v2\/users\/16"}],"replies":[{"embeddable":true,"href":"https:\/\/blogs.diariosur.es\/tormentas-y-rayos\/wp-json\/wp\/v2\/comments?post=45196"}],"version-history":[{"count":5,"href":"https:\/\/blogs.diariosur.es\/tormentas-y-rayos\/wp-json\/wp\/v2\/posts\/45196\/revisions"}],"predecessor-version":[{"id":46567,"href":"https:\/\/blogs.diariosur.es\/tormentas-y-rayos\/wp-json\/wp\/v2\/posts\/45196\/revisions\/46567"}],"wp:featuredmedia":[{"embeddable":true,"href":"https:\/\/blogs.diariosur.es\/tormentas-y-rayos\/wp-json\/wp\/v2\/media\/45205"}],"wp:attachment":[{"href":"https:\/\/blogs.diariosur.es\/tormentas-y-rayos\/wp-json\/wp\/v2\/media?parent=45196"}],"wp:term":[{"taxonomy":"category","embeddable":true,"href":"https:\/\/blogs.diariosur.es\/tormentas-y-rayos\/wp-json\/wp\/v2\/categories?post=45196"},{"taxonomy":"post_tag","embeddable":true,"href":"https:\/\/blogs.diariosur.es\/tormentas-y-rayos\/wp-json\/wp\/v2\/tags?post=45196"}],"curies":[{"name":"wp","href":"https:\/\/api.w.org\/{rel}","templated":true}]}}