{"id":45209,"date":"2025-06-21T09:10:11","date_gmt":"2025-06-21T07:10:11","guid":{"rendered":"https:\/\/blogs.diariosur.es\/tormentas-y-rayos\/?p=45209"},"modified":"2025-10-05T09:40:24","modified_gmt":"2025-10-05T07:40:24","slug":"seguimiento-de-la-dana-en-andalucia-noche-torrida-en-ronda-la-mar-como-el-caldo-de-puchero","status":"publish","type":"post","link":"https:\/\/blogs.diariosur.es\/tormentas-y-rayos\/2025\/06\/21\/seguimiento-de-la-dana-en-andalucia-noche-torrida-en-ronda-la-mar-como-el-caldo-de-puchero\/","title":{"rendered":"Seguimiento de la dana en Andaluc\u00eda. Noche t\u00f3rrida en Ronda. La mar como el caldo de puchero"},"content":{"rendered":"<p><a href=\"https:\/\/static-blogs.diariosur.es\/wp-content\/uploads\/sites\/12\/2025\/05\/474591997_10231480374091459_5977821584942016476_n.jpg\"><img loading=\"lazy\" class=\"aligncenter size-thumbnail wp-image-44655\" src=\"https:\/\/static-blogs.diariosur.es\/wp-content\/uploads\/sites\/12\/2025\/05\/474591997_10231480374091459_5977821584942016476_n-150x150.jpg\" alt=\"\" width=\"150\" height=\"150\" srcset=\"https:\/\/static-blogs.diariosur.es\/wp-content\/uploads\/sites\/12\/2025\/05\/474591997_10231480374091459_5977821584942016476_n-150x150.jpg 150w, https:\/\/static-blogs.diariosur.es\/wp-content\/uploads\/sites\/12\/2025\/05\/474591997_10231480374091459_5977821584942016476_n-400x400.jpg 400w, https:\/\/static-blogs.diariosur.es\/wp-content\/uploads\/sites\/12\/2025\/05\/474591997_10231480374091459_5977821584942016476_n-408x408.jpg 408w, https:\/\/static-blogs.diariosur.es\/wp-content\/uploads\/sites\/12\/2025\/05\/474591997_10231480374091459_5977821584942016476_n-768x768.jpg 768w, https:\/\/static-blogs.diariosur.es\/wp-content\/uploads\/sites\/12\/2025\/05\/474591997_10231480374091459_5977821584942016476_n.jpg 1000w\" sizes=\"(max-width: 150px) 100vw, 150px\" \/><\/a><\/p>\n<p>&nbsp;<\/p>\n<p data-pm-slice=\"1 1 []\">Buenos d\u00edas, amigos de la meteo. Cuando son las ocho de la ma\u00f1ana en M\u00e1laga capital, mi estaci\u00f3n registra 24,5 \u00b0C, los cielos est\u00e1n poco nubosos y el viento sopla muy flojo de direcci\u00f3n variable. Hoy a las 4:45 ha entrado el verano astron\u00f3mico.<\/p>\n<p>Destacar la temperatura que ha tenido Ronda Instituto esta pasada madrugada; os paso la gr\u00e1fica de la AEMET. Noche y madrugada t\u00f3rrida; no ha bajado de 26 \u00b0C y en algunos momentos han tenido 27 y 28 \u00b0C.<\/p>\n<p>&nbsp;<\/p>\n<p><a href=\"https:\/\/static-blogs.diariosur.es\/wp-content\/uploads\/sites\/12\/2025\/06\/ronda-e1750483141446.jpg\"><img loading=\"lazy\" class=\"aligncenter size-full wp-image-45218\" src=\"https:\/\/static-blogs.diariosur.es\/wp-content\/uploads\/sites\/12\/2025\/06\/ronda-e1750483141446.jpg\" alt=\"\" width=\"1000\" height=\"448\" \/><\/a><\/p>\n<p data-pm-slice=\"1 1 []\">Ayer viernes la boya de M\u00e1laga registr\u00f3 una temperatura de 25,5 \u00b0C; es probable que sea la m\u00e1s alta en junio desde que se puso la boya. Hoy veremos si se sobrepasa nuevamente. Fuente: Puertos del Estado<\/p>\n<p>&nbsp;<\/p>\n<p>&nbsp;<\/p>\n<p>&nbsp;<\/p>\n<p><a href=\"https:\/\/static-blogs.diariosur.es\/wp-content\/uploads\/sites\/12\/2025\/06\/502928714_10233282689388215_8608577158608879937_n-e1750483463154.jpg\"><img loading=\"lazy\" class=\"aligncenter size-full wp-image-45219\" src=\"https:\/\/static-blogs.diariosur.es\/wp-content\/uploads\/sites\/12\/2025\/06\/502928714_10233282689388215_8608577158608879937_n-e1750483463154.jpg\" alt=\"\" width=\"1000\" height=\"924\" \/><\/a><\/p>\n<h3><\/h3>\n<h3 data-pm-slice=\"1 1 []\"><strong>Seguimiento de la dana en Andaluc\u00eda.<\/strong><\/h3>\n<p>Con los modelos actualizados de precipitaci\u00f3n, la probabilidad es muy baja el martes en las provincias de M\u00e1laga, Granada, Almer\u00eda, C\u00f3rdoba y Ja\u00e9n. Las provincias con m\u00e1s probabilidad el martes ser\u00e1n las de Huelva, C\u00e1diz y sobre todo la de Sevilla; el modelo europeo prev\u00e9 una l\u00ednea de inestabilidad en esta provincia. El lunes pueden caer algunas gotas tambi\u00e9n por la tarde.<\/p>\n<p>Hasta el domingo por la noche y con los modelos en mesoescala actualizados, lo tendremos m\u00e1s claro.<\/p>\n<p>En cuanto a las temperaturas m\u00e1ximas, ser\u00e1 el martes cuando se note m\u00e1s el alivio t\u00e9rmico, sobre todo en el Valle del Guadalquivir.<\/p>\n<p><strong>Los modelos siguen dando terral el mi\u00e9rcoles y jueves en algunos puntos de la provincia malague\u00f1a.<\/strong><\/p>\n<p>&nbsp;<\/p>\n<p>Os dejo con esta bonita foto de mi amigo Crist\u00f3bal Gambero.<\/p>\n<p>&nbsp;<\/p>\n<p><a href=\"https:\/\/static-blogs.diariosur.es\/wp-content\/uploads\/sites\/12\/2025\/06\/494379461_9939779139404324_9123004656780050333_n-e1750489632799.jpg\"><img loading=\"lazy\" class=\"aligncenter size-full wp-image-45221\" src=\"https:\/\/static-blogs.diariosur.es\/wp-content\/uploads\/sites\/12\/2025\/06\/494379461_9939779139404324_9123004656780050333_n-e1750489632799.jpg\" alt=\"\" width=\"800\" height=\"1196\" \/><\/a><\/p>\n<p>&nbsp;<\/p>\n<p>&nbsp;<\/p>\n<p>&nbsp;<\/p>\n","protected":false},"excerpt":{"rendered":"<p>&nbsp; Buenos d\u00edas, amigos de la meteo. Cuando son las ocho de la ma\u00f1ana en M\u00e1laga capital, mi estaci\u00f3n registra 24,5 \u00b0C, los cielos est\u00e1n poco nubosos y el viento sopla muy flojo de direcci\u00f3n variable. Hoy a las 4:45 ha entrado el verano astron\u00f3mico. Destacar la temperatura que ha tenido Ronda Instituto esta pasada [&hellip;]<\/p>\n","protected":false},"author":16,"featured_media":45221,"comment_status":"open","ping_status":"open","sticky":false,"template":"","format":"standard","meta":[],"categories":[2],"tags":[94,151,307,358,800,996,1052],"_links":{"self":[{"href":"https:\/\/blogs.diariosur.es\/tormentas-y-rayos\/wp-json\/wp\/v2\/posts\/45209"}],"collection":[{"href":"https:\/\/blogs.diariosur.es\/tormentas-y-rayos\/wp-json\/wp\/v2\/posts"}],"about":[{"href":"https:\/\/blogs.diariosur.es\/tormentas-y-rayos\/wp-json\/wp\/v2\/types\/post"}],"author":[{"embeddable":true,"href":"https:\/\/blogs.diariosur.es\/tormentas-y-rayos\/wp-json\/wp\/v2\/users\/16"}],"replies":[{"embeddable":true,"href":"https:\/\/blogs.diariosur.es\/tormentas-y-rayos\/wp-json\/wp\/v2\/comments?post=45209"}],"version-history":[{"count":13,"href":"https:\/\/blogs.diariosur.es\/tormentas-y-rayos\/wp-json\/wp\/v2\/posts\/45209\/revisions"}],"predecessor-version":[{"id":46565,"href":"https:\/\/blogs.diariosur.es\/tormentas-y-rayos\/wp-json\/wp\/v2\/posts\/45209\/revisions\/46565"}],"wp:featuredmedia":[{"embeddable":true,"href":"https:\/\/blogs.diariosur.es\/tormentas-y-rayos\/wp-json\/wp\/v2\/media\/45221"}],"wp:attachment":[{"href":"https:\/\/blogs.diariosur.es\/tormentas-y-rayos\/wp-json\/wp\/v2\/media?parent=45209"}],"wp:term":[{"taxonomy":"category","embeddable":true,"href":"https:\/\/blogs.diariosur.es\/tormentas-y-rayos\/wp-json\/wp\/v2\/categories?post=45209"},{"taxonomy":"post_tag","embeddable":true,"href":"https:\/\/blogs.diariosur.es\/tormentas-y-rayos\/wp-json\/wp\/v2\/tags?post=45209"}],"curies":[{"name":"wp","href":"https:\/\/api.w.org\/{rel}","templated":true}]}}