{"id":45225,"date":"2025-06-24T08:18:58","date_gmt":"2025-06-24T06:18:58","guid":{"rendered":"https:\/\/blogs.diariosur.es\/tormentas-y-rayos\/?p=45225"},"modified":"2025-10-05T09:37:16","modified_gmt":"2025-10-05T07:37:16","slug":"noche-torrida-en-malaga-capital-cuantos-dias-de-terral-tendremos-en-la-provincia-de-malaga","status":"publish","type":"post","link":"https:\/\/blogs.diariosur.es\/tormentas-y-rayos\/2025\/06\/24\/noche-torrida-en-malaga-capital-cuantos-dias-de-terral-tendremos-en-la-provincia-de-malaga\/","title":{"rendered":"Noche t\u00f3rrida en M\u00e1laga capital. \u00bfCu\u00e1ntos d\u00edas de terral tendremos en la provincia de M\u00e1laga?"},"content":{"rendered":"<p><a href=\"https:\/\/static-blogs.diariosur.es\/wp-content\/uploads\/sites\/12\/2025\/06\/130738248_10221381944997043_6257362087676436516_n-1.jpg\"><img loading=\"lazy\" class=\"aligncenter size-thumbnail wp-image-45057\" src=\"https:\/\/static-blogs.diariosur.es\/wp-content\/uploads\/sites\/12\/2025\/06\/130738248_10221381944997043_6257362087676436516_n-1-150x150.jpg\" alt=\"\" width=\"150\" height=\"150\" srcset=\"https:\/\/static-blogs.diariosur.es\/wp-content\/uploads\/sites\/12\/2025\/06\/130738248_10221381944997043_6257362087676436516_n-1-150x150.jpg 150w, https:\/\/static-blogs.diariosur.es\/wp-content\/uploads\/sites\/12\/2025\/06\/130738248_10221381944997043_6257362087676436516_n-1-400x400.jpg 400w, https:\/\/static-blogs.diariosur.es\/wp-content\/uploads\/sites\/12\/2025\/06\/130738248_10221381944997043_6257362087676436516_n-1-408x408.jpg 408w, https:\/\/static-blogs.diariosur.es\/wp-content\/uploads\/sites\/12\/2025\/06\/130738248_10221381944997043_6257362087676436516_n-1.jpg 768w\" sizes=\"(max-width: 150px) 100vw, 150px\" \/><\/a><\/p>\n<p data-pm-slice=\"1 1 []\">Buenos d\u00edas, amigos de la meteo. Esta semana estoy de vacaciones, pero a vuestras preguntas os informo.<\/p>\n<p>Cuando son las siete de la ma\u00f1ana, registro 15 agradables grados; no quiero daros envidia; en M\u00e1laga capital, 27,9 \u00b0C.<\/p>\n<p>M\u00e1laga capital ha tenido la primera noche y madrugada t\u00f3rrida del verano; la temperatura ha estado entre 26 y 27 \u00b0C.<\/p>\n<p><strong>OS INFORMO DEL TERRAL.<\/strong><\/p>\n<p>Reedito: Se activa el aviso amarillo por temperaturas de 36 \u00baC en el Sol y Guadalhorce para ma\u00f1ana mi\u00e9rcoles.<\/p>\n<p>La subida de latitud de la dana y posteriormente su reintegro en la circulaci\u00f3n general traer\u00e1 consigo el terral a las zonas habituales de la provincia malague\u00f1a. De momento, ma\u00f1ana mi\u00e9rcoles y el jueves, la AEMET no ha activado avisos por altas temperaturas; ya sab\u00e9is que el umbral es a partir de 36\u00b0C. Tendremos casi dos d\u00edas de terral; mi\u00e9rcoles y probablemente el jueves se quite a partir de la una de la tarde.<\/p>\n<p>La buena noticia es que la dana ha dejado una masa de aire m\u00e1s fresca a 850 hpa (1500 m); esto har\u00e1 que las temperaturas m\u00e1ximas, salvo sorpresas, ronden entre 33 y 37 \u00b0C seg\u00fan zonas de la provincia. Ser\u00e1 el interior del Valle del Guadalhorce donde se registren las m\u00e1s altas; en la capital rondar\u00e1 entre los 33 y 34 \u00b0C seg\u00fan zonas.<\/p>\n<p>Ayer la temperatura del agua del mar lleg\u00f3 a casi 26\u00b0C; espero que con el terral baje de temperatura.<\/p>\n<p>Es muy probable que a partir del viernes o el s\u00e1bado tengamos la primera ola de calor del verano 2025; con los modelos actualizados, durar\u00eda hasta los primeros d\u00edas del mes de julio. Si la AEMET activa el aviso por ola de calor, os informar\u00e9.<\/p>\n<p>&nbsp;<\/p>\n<p>&nbsp;<\/p>\n<p>&nbsp;<\/p>\n<p><a href=\"https:\/\/static-blogs.diariosur.es\/wp-content\/uploads\/sites\/12\/2025\/06\/2025-06-24_07-28-13.jpg\"><img loading=\"lazy\" class=\"aligncenter size-full wp-image-45236\" src=\"https:\/\/static-blogs.diariosur.es\/wp-content\/uploads\/sites\/12\/2025\/06\/2025-06-24_07-28-13.jpg\" alt=\"\" width=\"600\" height=\"437\" srcset=\"https:\/\/static-blogs.diariosur.es\/wp-content\/uploads\/sites\/12\/2025\/06\/2025-06-24_07-28-13.jpg 600w, https:\/\/static-blogs.diariosur.es\/wp-content\/uploads\/sites\/12\/2025\/06\/2025-06-24_07-28-13-549x400.jpg 549w, https:\/\/static-blogs.diariosur.es\/wp-content\/uploads\/sites\/12\/2025\/06\/2025-06-24_07-28-13-560x408.jpg 560w\" sizes=\"(max-width: 600px) 100vw, 600px\" \/><\/a><\/p>\n<p>&nbsp;<\/p>\n<p>&nbsp;<\/p>\n<p>&nbsp;<\/p>\n","protected":false},"excerpt":{"rendered":"<p>Buenos d\u00edas, amigos de la meteo. Esta semana estoy de vacaciones, pero a vuestras preguntas os informo. Cuando son las siete de la ma\u00f1ana, registro 15 agradables grados; no quiero daros envidia; en M\u00e1laga capital, 27,9 \u00b0C. M\u00e1laga capital ha tenido la primera noche y madrugada t\u00f3rrida del verano; la temperatura ha estado entre 26 [&hellip;]<\/p>\n","protected":false},"author":16,"featured_media":45236,"comment_status":"open","ping_status":"open","sticky":false,"template":"","format":"standard","meta":[],"categories":[2],"tags":[212,358,587,800,975],"_links":{"self":[{"href":"https:\/\/blogs.diariosur.es\/tormentas-y-rayos\/wp-json\/wp\/v2\/posts\/45225"}],"collection":[{"href":"https:\/\/blogs.diariosur.es\/tormentas-y-rayos\/wp-json\/wp\/v2\/posts"}],"about":[{"href":"https:\/\/blogs.diariosur.es\/tormentas-y-rayos\/wp-json\/wp\/v2\/types\/post"}],"author":[{"embeddable":true,"href":"https:\/\/blogs.diariosur.es\/tormentas-y-rayos\/wp-json\/wp\/v2\/users\/16"}],"replies":[{"embeddable":true,"href":"https:\/\/blogs.diariosur.es\/tormentas-y-rayos\/wp-json\/wp\/v2\/comments?post=45225"}],"version-history":[{"count":19,"href":"https:\/\/blogs.diariosur.es\/tormentas-y-rayos\/wp-json\/wp\/v2\/posts\/45225\/revisions"}],"predecessor-version":[{"id":46563,"href":"https:\/\/blogs.diariosur.es\/tormentas-y-rayos\/wp-json\/wp\/v2\/posts\/45225\/revisions\/46563"}],"wp:featuredmedia":[{"embeddable":true,"href":"https:\/\/blogs.diariosur.es\/tormentas-y-rayos\/wp-json\/wp\/v2\/media\/45236"}],"wp:attachment":[{"href":"https:\/\/blogs.diariosur.es\/tormentas-y-rayos\/wp-json\/wp\/v2\/media?parent=45225"}],"wp:term":[{"taxonomy":"category","embeddable":true,"href":"https:\/\/blogs.diariosur.es\/tormentas-y-rayos\/wp-json\/wp\/v2\/categories?post=45225"},{"taxonomy":"post_tag","embeddable":true,"href":"https:\/\/blogs.diariosur.es\/tormentas-y-rayos\/wp-json\/wp\/v2\/tags?post=45225"}],"curies":[{"name":"wp","href":"https:\/\/api.w.org\/{rel}","templated":true}]}}