{"id":45250,"date":"2025-06-28T07:48:21","date_gmt":"2025-06-28T05:48:21","guid":{"rendered":"https:\/\/blogs.diariosur.es\/tormentas-y-rayos\/?p=45250"},"modified":"2025-10-05T09:34:51","modified_gmt":"2025-10-05T07:34:51","slug":"malaga-un-oasis-en-plena-ola-de-calor","status":"publish","type":"post","link":"https:\/\/blogs.diariosur.es\/tormentas-y-rayos\/2025\/06\/28\/malaga-un-oasis-en-plena-ola-de-calor\/","title":{"rendered":"M\u00e1laga, un oasis en plena ola de calor"},"content":{"rendered":"<p><a href=\"https:\/\/static-blogs.diariosur.es\/wp-content\/uploads\/sites\/12\/2025\/05\/474591997_10231480374091459_5977821584942016476_n.jpg\"><img loading=\"lazy\" class=\"aligncenter size-thumbnail wp-image-44655\" src=\"https:\/\/static-blogs.diariosur.es\/wp-content\/uploads\/sites\/12\/2025\/05\/474591997_10231480374091459_5977821584942016476_n-150x150.jpg\" alt=\"\" width=\"150\" height=\"150\" srcset=\"https:\/\/static-blogs.diariosur.es\/wp-content\/uploads\/sites\/12\/2025\/05\/474591997_10231480374091459_5977821584942016476_n-150x150.jpg 150w, https:\/\/static-blogs.diariosur.es\/wp-content\/uploads\/sites\/12\/2025\/05\/474591997_10231480374091459_5977821584942016476_n-400x400.jpg 400w, https:\/\/static-blogs.diariosur.es\/wp-content\/uploads\/sites\/12\/2025\/05\/474591997_10231480374091459_5977821584942016476_n-408x408.jpg 408w, https:\/\/static-blogs.diariosur.es\/wp-content\/uploads\/sites\/12\/2025\/05\/474591997_10231480374091459_5977821584942016476_n-768x768.jpg 768w, https:\/\/static-blogs.diariosur.es\/wp-content\/uploads\/sites\/12\/2025\/05\/474591997_10231480374091459_5977821584942016476_n.jpg 1000w\" sizes=\"(max-width: 150px) 100vw, 150px\" \/><\/a><\/p>\n<p>&nbsp;<\/p>\n<p data-pm-slice=\"1 1 []\">Buenos d\u00edas, amigos de la meteo. Ya de vuelta en M\u00e1laga capital y echando de menos las temperaturas fresquitas de la provincia de Le\u00f3n por la noche y primera hora de la ma\u00f1ana, concretamente en el pueblo de La Ba\u00f1eza. El mi\u00e9rcoles pasado dimos una m\u00ednima de 11,7 \u00b0C; tambi\u00e9n nos llovi\u00f3 un poco, vi rayos, as\u00ed que, pilas cargadas para terminar el mes.<\/p>\n<h3><strong>M\u00e1laga, un oasis en plena ola de calor<\/strong><\/h3>\n<p>No soy exagerado, amigos de la meteo. Comparando la provincia de M\u00e1laga con otras provincias andaluzas y otras zonas de Espa\u00f1a que llegar\u00e1n a los 42 \u00b0C e incluso m\u00e1s, me atrevo a decir que los malague\u00f1os estaremos en un oasis, sobre todo en zonas de costa.<\/p>\n<p>Ayer viernes, la Estaci\u00f3n del Aeropuerto de M\u00e1laga registr\u00f3 la temperatura m\u00e1s baja de las ocho capitales andaluzas con 29,9 \u00b0C, Antequera 33,5 \u00b0C y Ronda 34,4 \u00b0C; destacar C\u00f3rdoba Aeropuerto con <strong>41,2 \u00b0C<\/strong> y El Granado en Huelva con <strong>42,7 \u00b0C<\/strong>.<\/p>\n<p>De momento no se activan avisos por\u00a0altas temperaturas en la provincia malague\u00f1a; har\u00e1 calor, pero lo normal.<\/p>\n<p>El mes lo terminaremos sin llegar a los 40 \u00b0C; ya iremos viendo qu\u00e9 pasar\u00e1 en julio, pero es muy probable que los primeros d\u00edas tampoco lleguemos a los 40 \u00b0C.<\/p>\n<p>Os paso los avisos por altas temperaturas activados por la Aemet para hoy s\u00e1bado, ma\u00f1ana domingo y el lunes. En algunos puntos se acercar\u00e1n a los 43 \u00baC.<\/p>\n<p>&nbsp;<\/p>\n<p><a href=\"https:\/\/static-blogs.diariosur.es\/wp-content\/uploads\/sites\/12\/2025\/06\/1-2.jpg\"><img loading=\"lazy\" class=\"aligncenter size-full wp-image-45258\" src=\"https:\/\/static-blogs.diariosur.es\/wp-content\/uploads\/sites\/12\/2025\/06\/1-2.jpg\" alt=\"\" width=\"1054\" height=\"820\" srcset=\"https:\/\/static-blogs.diariosur.es\/wp-content\/uploads\/sites\/12\/2025\/06\/1-2.jpg 1054w, https:\/\/static-blogs.diariosur.es\/wp-content\/uploads\/sites\/12\/2025\/06\/1-2-514x400.jpg 514w, https:\/\/static-blogs.diariosur.es\/wp-content\/uploads\/sites\/12\/2025\/06\/1-2-524x408.jpg 524w, https:\/\/static-blogs.diariosur.es\/wp-content\/uploads\/sites\/12\/2025\/06\/1-2-768x597.jpg 768w\" sizes=\"(max-width: 1054px) 100vw, 1054px\" \/><\/a><\/p>\n<p>&nbsp;<\/p>\n<p>&nbsp;<\/p>\n<p><a href=\"https:\/\/static-blogs.diariosur.es\/wp-content\/uploads\/sites\/12\/2025\/06\/2-2.jpg\"><img loading=\"lazy\" class=\"aligncenter size-full wp-image-45259\" src=\"https:\/\/static-blogs.diariosur.es\/wp-content\/uploads\/sites\/12\/2025\/06\/2-2.jpg\" alt=\"\" width=\"1048\" height=\"823\" srcset=\"https:\/\/static-blogs.diariosur.es\/wp-content\/uploads\/sites\/12\/2025\/06\/2-2.jpg 1048w, https:\/\/static-blogs.diariosur.es\/wp-content\/uploads\/sites\/12\/2025\/06\/2-2-509x400.jpg 509w, https:\/\/static-blogs.diariosur.es\/wp-content\/uploads\/sites\/12\/2025\/06\/2-2-520x408.jpg 520w, https:\/\/static-blogs.diariosur.es\/wp-content\/uploads\/sites\/12\/2025\/06\/2-2-768x603.jpg 768w\" sizes=\"(max-width: 1048px) 100vw, 1048px\" \/><\/a><\/p>\n<p>&nbsp;<\/p>\n<p>&nbsp;<\/p>\n<p><a href=\"https:\/\/static-blogs.diariosur.es\/wp-content\/uploads\/sites\/12\/2025\/06\/3-1.jpg\"><img loading=\"lazy\" class=\"aligncenter size-full wp-image-45261\" src=\"https:\/\/static-blogs.diariosur.es\/wp-content\/uploads\/sites\/12\/2025\/06\/3-1.jpg\" alt=\"\" width=\"1041\" height=\"844\" srcset=\"https:\/\/static-blogs.diariosur.es\/wp-content\/uploads\/sites\/12\/2025\/06\/3-1.jpg 1041w, https:\/\/static-blogs.diariosur.es\/wp-content\/uploads\/sites\/12\/2025\/06\/3-1-493x400.jpg 493w, https:\/\/static-blogs.diariosur.es\/wp-content\/uploads\/sites\/12\/2025\/06\/3-1-503x408.jpg 503w, https:\/\/static-blogs.diariosur.es\/wp-content\/uploads\/sites\/12\/2025\/06\/3-1-768x623.jpg 768w\" sizes=\"(max-width: 1041px) 100vw, 1041px\" \/><\/a><\/p>\n<p>Os dejo con esta foto que he hecho esta ma\u00f1ana cuando sal\u00eda el sol. Lo que yo digo, un oasis.<\/p>\n<p>&nbsp;<\/p>\n<p><a href=\"https:\/\/static-blogs.diariosur.es\/wp-content\/uploads\/sites\/12\/2025\/06\/511045027_10233390922533976_2898363139935241817_n-e1751089256561.jpg\"><img loading=\"lazy\" class=\"aligncenter size-full wp-image-45260\" src=\"https:\/\/static-blogs.diariosur.es\/wp-content\/uploads\/sites\/12\/2025\/06\/511045027_10233390922533976_2898363139935241817_n-e1751089256561.jpg\" alt=\"\" width=\"1200\" height=\"900\" \/><\/a><\/p>\n","protected":false},"excerpt":{"rendered":"<p>&nbsp; Buenos d\u00edas, amigos de la meteo. Ya de vuelta en M\u00e1laga capital y echando de menos las temperaturas fresquitas de la provincia de Le\u00f3n por la noche y primera hora de la ma\u00f1ana, concretamente en el pueblo de La Ba\u00f1eza. El mi\u00e9rcoles pasado dimos una m\u00ednima de 11,7 \u00b0C; tambi\u00e9n nos llovi\u00f3 un poco, [&hellip;]<\/p>\n","protected":false},"author":16,"featured_media":45260,"comment_status":"open","ping_status":"open","sticky":false,"template":"","format":"standard","meta":[],"categories":[2],"tags":[100,212,358,375,587,732],"_links":{"self":[{"href":"https:\/\/blogs.diariosur.es\/tormentas-y-rayos\/wp-json\/wp\/v2\/posts\/45250"}],"collection":[{"href":"https:\/\/blogs.diariosur.es\/tormentas-y-rayos\/wp-json\/wp\/v2\/posts"}],"about":[{"href":"https:\/\/blogs.diariosur.es\/tormentas-y-rayos\/wp-json\/wp\/v2\/types\/post"}],"author":[{"embeddable":true,"href":"https:\/\/blogs.diariosur.es\/tormentas-y-rayos\/wp-json\/wp\/v2\/users\/16"}],"replies":[{"embeddable":true,"href":"https:\/\/blogs.diariosur.es\/tormentas-y-rayos\/wp-json\/wp\/v2\/comments?post=45250"}],"version-history":[{"count":12,"href":"https:\/\/blogs.diariosur.es\/tormentas-y-rayos\/wp-json\/wp\/v2\/posts\/45250\/revisions"}],"predecessor-version":[{"id":46562,"href":"https:\/\/blogs.diariosur.es\/tormentas-y-rayos\/wp-json\/wp\/v2\/posts\/45250\/revisions\/46562"}],"wp:featuredmedia":[{"embeddable":true,"href":"https:\/\/blogs.diariosur.es\/tormentas-y-rayos\/wp-json\/wp\/v2\/media\/45260"}],"wp:attachment":[{"href":"https:\/\/blogs.diariosur.es\/tormentas-y-rayos\/wp-json\/wp\/v2\/media?parent=45250"}],"wp:term":[{"taxonomy":"category","embeddable":true,"href":"https:\/\/blogs.diariosur.es\/tormentas-y-rayos\/wp-json\/wp\/v2\/categories?post=45250"},{"taxonomy":"post_tag","embeddable":true,"href":"https:\/\/blogs.diariosur.es\/tormentas-y-rayos\/wp-json\/wp\/v2\/tags?post=45250"}],"curies":[{"name":"wp","href":"https:\/\/api.w.org\/{rel}","templated":true}]}}