{"id":45266,"date":"2025-06-29T07:53:05","date_gmt":"2025-06-29T05:53:05","guid":{"rendered":"https:\/\/blogs.diariosur.es\/tormentas-y-rayos\/?p=45266"},"modified":"2025-06-29T07:53:05","modified_gmt":"2025-06-29T05:53:05","slug":"record-nacional-de-temperatura-maxima-para-un-mes-de-junio-en-espana","status":"publish","type":"post","link":"https:\/\/blogs.diariosur.es\/tormentas-y-rayos\/2025\/06\/29\/record-nacional-de-temperatura-maxima-para-un-mes-de-junio-en-espana\/","title":{"rendered":"R\u00e9cord nacional de temperatura m\u00e1xima para un mes de junio en Espa\u00f1a"},"content":{"rendered":"<p><a href=\"https:\/\/static-blogs.diariosur.es\/wp-content\/uploads\/sites\/12\/2025\/06\/130738248_10221381944997043_6257362087676436516_n-1.jpg\"><img loading=\"lazy\" class=\"aligncenter size-thumbnail wp-image-45057\" src=\"https:\/\/static-blogs.diariosur.es\/wp-content\/uploads\/sites\/12\/2025\/06\/130738248_10221381944997043_6257362087676436516_n-1-150x150.jpg\" alt=\"\" width=\"150\" height=\"150\" srcset=\"https:\/\/static-blogs.diariosur.es\/wp-content\/uploads\/sites\/12\/2025\/06\/130738248_10221381944997043_6257362087676436516_n-1-150x150.jpg 150w, https:\/\/static-blogs.diariosur.es\/wp-content\/uploads\/sites\/12\/2025\/06\/130738248_10221381944997043_6257362087676436516_n-1-400x400.jpg 400w, https:\/\/static-blogs.diariosur.es\/wp-content\/uploads\/sites\/12\/2025\/06\/130738248_10221381944997043_6257362087676436516_n-1-408x408.jpg 408w, https:\/\/static-blogs.diariosur.es\/wp-content\/uploads\/sites\/12\/2025\/06\/130738248_10221381944997043_6257362087676436516_n-1.jpg 768w\" sizes=\"(max-width: 150px) 100vw, 150px\" \/><\/a><\/p>\n<p>Buenos d\u00edas, amigos de la meteo. Cuando son las siete y media de la ma\u00f1ana en M\u00e1laga capital mi estaci\u00f3n registra 24,8 \u00baC, los cielos est\u00e1n despejados y el viento sopla muy flojo de direcci\u00f3n variable. Como comente ayer, <a href=\"https:\/\/blogs.diariosur.es\/tormentas-y-rayos\/2025\/06\/28\/malaga-un-oasis-en-plena-ola-de-calor\/\"><strong>M\u00e1laga sigue en un oasis en plena ola de calor\u00a0<\/strong><\/a><\/p>\n<p>Ayer nuevamente de las ocho capitales andaluzas, M\u00e1laga capital registro la m\u00e1xima mas baja. Os paso algunos datos de la aemet.<\/p>\n<p><span style=\"color: #0000ff;\">M\u00e1laga Aeropuerto\u00a0 31,8 \u00baC<\/span><\/p>\n<p><span style=\"color: #0000ff;\">M\u00e1laga Centro Meteorol\u00f3gico 32,2 \u00baC<\/span><\/p>\n<p><span style=\"color: #0000ff;\">M\u00e1laga Puerto\u00a0 29,4 \u00ba<\/span><\/p>\n<p><span style=\"color: #0000ff;\">Antequera 35 \u00baC<\/span><\/p>\n<p><span style=\"color: #0000ff;\">Ronda 35,4 \u00baC<\/span><\/p>\n<p>Almer\u00eda Aeropuerto 33,3 \u00baC<\/p>\n<p>Ja\u00e9n 40 \u00baC<\/p>\n<p>C\u00f3rdoba Aeropuerto\u00a0 42,8 \u00baC<\/p>\n<p>Sevilla Aeropuerto\u00a0 43,1 \u00baC<\/p>\n<p>C\u00e1diz 34,9 \u00baC<\/p>\n<p>Huelva 40,1 \u00baC<\/p>\n<p>Granada Aeropuerto\u00a0 40,5 \u00baC<\/p>\n<p><span style=\"color: #ff0000;\"><strong>Destacar El Granado (Huelva) con 46 \u00baC, r\u00e9cord nacional de temperatura m\u00e1xima para un mes de junio. El anterior se dio en Sevilla Aeropuerto en 1965 con 45 \u00baC un 27 de junio.<\/strong><\/span><\/p>\n<p>Montoro C\u00f3rdoba\u00a0 44 \u00baC<\/p>\n<p>Fuentes de Andaluc\u00eda\u00a0 43,9 \u00baC<\/p>\n<p>Mor\u00f3n de la Frontera\u00a0 43,5 \u00baC<\/p>\n<p>And\u00fajar\u00a0 43,4 \u00baC<\/p>\n<p>&nbsp;<\/p>\n<p>&nbsp;<\/p>\n<p>&nbsp;<\/p>\n<p><a href=\"https:\/\/static-blogs.diariosur.es\/wp-content\/uploads\/sites\/12\/2025\/06\/GujVJ1yXIAAXVe_-e1751174688636.jpg\"><img loading=\"lazy\" class=\"aligncenter size-full wp-image-45267\" src=\"https:\/\/static-blogs.diariosur.es\/wp-content\/uploads\/sites\/12\/2025\/06\/GujVJ1yXIAAXVe_-e1751174688636.jpg\" alt=\"\" width=\"960\" height=\"1200\" \/><\/a><\/p>\n<p>&nbsp;<\/p>\n<p>Nos vemos ma\u00f1ana<\/p>\n","protected":false},"excerpt":{"rendered":"<p>Buenos d\u00edas, amigos de la meteo. Cuando son las siete y media de la ma\u00f1ana en M\u00e1laga capital mi estaci\u00f3n registra 24,8 \u00baC, los cielos est\u00e1n despejados y el viento sopla muy flojo de direcci\u00f3n variable. Como comente ayer, M\u00e1laga sigue en un oasis en plena ola de calor\u00a0 Ayer nuevamente de las ocho capitales [&hellip;]<\/p>\n","protected":false},"author":16,"featured_media":45268,"comment_status":"open","ping_status":"open","sticky":false,"template":"","format":"standard","meta":[],"categories":[2],"tags":[80,2051,1725,539,672,849,961,1846],"_links":{"self":[{"href":"https:\/\/blogs.diariosur.es\/tormentas-y-rayos\/wp-json\/wp\/v2\/posts\/45266"}],"collection":[{"href":"https:\/\/blogs.diariosur.es\/tormentas-y-rayos\/wp-json\/wp\/v2\/posts"}],"about":[{"href":"https:\/\/blogs.diariosur.es\/tormentas-y-rayos\/wp-json\/wp\/v2\/types\/post"}],"author":[{"embeddable":true,"href":"https:\/\/blogs.diariosur.es\/tormentas-y-rayos\/wp-json\/wp\/v2\/users\/16"}],"replies":[{"embeddable":true,"href":"https:\/\/blogs.diariosur.es\/tormentas-y-rayos\/wp-json\/wp\/v2\/comments?post=45266"}],"version-history":[{"count":1,"href":"https:\/\/blogs.diariosur.es\/tormentas-y-rayos\/wp-json\/wp\/v2\/posts\/45266\/revisions"}],"predecessor-version":[{"id":45269,"href":"https:\/\/blogs.diariosur.es\/tormentas-y-rayos\/wp-json\/wp\/v2\/posts\/45266\/revisions\/45269"}],"wp:featuredmedia":[{"embeddable":true,"href":"https:\/\/blogs.diariosur.es\/tormentas-y-rayos\/wp-json\/wp\/v2\/media\/45268"}],"wp:attachment":[{"href":"https:\/\/blogs.diariosur.es\/tormentas-y-rayos\/wp-json\/wp\/v2\/media?parent=45266"}],"wp:term":[{"taxonomy":"category","embeddable":true,"href":"https:\/\/blogs.diariosur.es\/tormentas-y-rayos\/wp-json\/wp\/v2\/categories?post=45266"},{"taxonomy":"post_tag","embeddable":true,"href":"https:\/\/blogs.diariosur.es\/tormentas-y-rayos\/wp-json\/wp\/v2\/tags?post=45266"}],"curies":[{"name":"wp","href":"https:\/\/api.w.org\/{rel}","templated":true}]}}