{"id":45270,"date":"2025-06-30T10:46:45","date_gmt":"2025-06-30T08:46:45","guid":{"rendered":"https:\/\/blogs.diariosur.es\/tormentas-y-rayos\/?p=45270"},"modified":"2025-10-05T09:32:39","modified_gmt":"2025-10-05T07:32:39","slug":"mijas-pueblo-registra-el-junio-mas-caluroso-de-los-ultimos-20-anos","status":"publish","type":"post","link":"https:\/\/blogs.diariosur.es\/tormentas-y-rayos\/2025\/06\/30\/mijas-pueblo-registra-el-junio-mas-caluroso-de-los-ultimos-20-anos\/","title":{"rendered":"Mijas Pueblo registra el junio m\u00e1s caluroso de los \u00faltimos 20 a\u00f1os"},"content":{"rendered":"<p><a href=\"https:\/\/static-blogs.diariosur.es\/wp-content\/uploads\/sites\/12\/2025\/06\/130738248_10221381944997043_6257362087676436516_n-1.jpg\"><img loading=\"lazy\" class=\"aligncenter size-thumbnail wp-image-45057\" src=\"https:\/\/static-blogs.diariosur.es\/wp-content\/uploads\/sites\/12\/2025\/06\/130738248_10221381944997043_6257362087676436516_n-1-150x150.jpg\" alt=\"\" width=\"150\" height=\"150\" srcset=\"https:\/\/static-blogs.diariosur.es\/wp-content\/uploads\/sites\/12\/2025\/06\/130738248_10221381944997043_6257362087676436516_n-1-150x150.jpg 150w, https:\/\/static-blogs.diariosur.es\/wp-content\/uploads\/sites\/12\/2025\/06\/130738248_10221381944997043_6257362087676436516_n-1-400x400.jpg 400w, https:\/\/static-blogs.diariosur.es\/wp-content\/uploads\/sites\/12\/2025\/06\/130738248_10221381944997043_6257362087676436516_n-1-408x408.jpg 408w, https:\/\/static-blogs.diariosur.es\/wp-content\/uploads\/sites\/12\/2025\/06\/130738248_10221381944997043_6257362087676436516_n-1.jpg 768w\" sizes=\"(max-width: 150px) 100vw, 150px\" \/><\/a><\/p>\n<p>&nbsp;<\/p>\n<p data-pm-slice=\"1 1 []\">Hola, amigos de la meteo. Os dejo con mi amigo Crist\u00f3bal Gambero; desde hace veinte a\u00f1os ha tomado datos con su estaci\u00f3n meteorol\u00f3gica en Mijas Pueblo.<br \/>\nBuenos d\u00edas, 7 de la ma\u00f1ana y 20 minutos, 25,1 \u00baC de temperatura tenemos ahora mismo en Mijas Pueblo, 24,8 \u00baC en Los Espartales, 22,9 \u00baC en Las Lagunas y 22,3 \u00baC en La Cala, los cielos completamente despejados y viento en calma.<\/p>\n<p>\u00daltimo d\u00eda de un mes de junio que deja datos hist\u00f3ricos a nivel nacional y local; el pasado s\u00e1bado 28 de junio, se registraba la temperatura m\u00e1xima absoluta m\u00e1s alta registrada hasta la fecha para un mes de junio en la Espa\u00f1a peninsular. Fue en la localidad de El Granado, provincia de Huelva; all\u00ed se registr\u00f3 una m\u00e1xima de 46 \u00baC a las 16 h 40 m, una aut\u00e9ntica barbaridad\u2026 El anterior registro tan alto para un mes de junio hab\u00eda que buscarlo muy lejos en el tiempo, concretamente un 27 de junio de 1965, cuando se registr\u00f3 en Sevilla una temperatura m\u00e1xima absoluta de 45,2 \u00baC, es decir, que se ha superado con creces este registro, 60 a\u00f1os despu\u00e9s.<br \/>\nSeg\u00fan AEMET, en el conjunto de la pen\u00ednsula ya es el mes de junio m\u00e1s caluroso desde que se tienen registros.<\/p>\n<p>A nivel local, aqu\u00ed en Mijas Pueblo tambi\u00e9n hemos tenido un caluroso mes de junio, registr\u00e1ndose una temperatura media de 25,2 \u00baC, frente a los 22,6 \u00baC de media que ven\u00edamos registrando en los \u00faltimos 20 a\u00f1os (es decir, +2,6 \u00baC por encima de lo normal); es, por tanto, el mes de junio m\u00e1s caluroso de los \u00faltimos 20 a\u00f1os. Y aunque las temperaturas diurnas no han sido excesivamente altas, aqu\u00ed en el pueblo la m\u00e1xima fue de 32,8 \u00baC, han sido las nocturnas las que han marcado esa tendencia al alza. De las 30 noches de junio, en 22 ocasiones no hemos bajado de los 20 \u00b0C, y en 3 ocasiones de los 25 \u00b0C, y ah\u00ed se explica que la media haya sido tan alta.<br \/>\nOtro aspecto a destacar del porqu\u00e9 de este c\u00e1lido junio radica en la direcci\u00f3n del viento. Podr\u00edamos pensar que las temperaturas han sido altas porque hubo Terr\u00e1, pero no es as\u00ed; el Terr\u00e1 apenas hizo su aparici\u00f3n durante el mes en 2 ocasiones. Ha sido el constante viento de sur-sureste el que ha predominado durante todo el mes, un viento c\u00e1lido que adem\u00e1s trajo calimas.<br \/>\nHe elaborado este gr\u00e1fico con datos propios de las temperaturas medias en el pueblo del periodo comprendido de 2005 a 2025 incluido.<br \/>\nEstos datos se podr\u00edan extrapolar a pr\u00e1cticamente todo el municipio, siendo la zona de Entrerrios la que ha registrado las temperaturas m\u00e1ximas absolutas m\u00e1s altas de toda Mijas, llegando a los 36 \u00b0C.<\/p>\n<p>Muchas gracias, amigo, por los datos.<\/p>\n<p><a href=\"https:\/\/static-blogs.diariosur.es\/wp-content\/uploads\/sites\/12\/2025\/06\/FB_IMG_1751273031543-e1751273125925.jpg\"><img loading=\"lazy\" class=\"aligncenter size-full wp-image-45272\" src=\"https:\/\/static-blogs.diariosur.es\/wp-content\/uploads\/sites\/12\/2025\/06\/FB_IMG_1751273031543-e1751273125925.jpg\" alt=\"\" width=\"1200\" height=\"746\" \/><\/a><\/p>\n","protected":false},"excerpt":{"rendered":"<p>&nbsp; Hola, amigos de la meteo. Os dejo con mi amigo Crist\u00f3bal Gambero; desde hace veinte a\u00f1os ha tomado datos con su estaci\u00f3n meteorol\u00f3gica en Mijas Pueblo. Buenos d\u00edas, 7 de la ma\u00f1ana y 20 minutos, 25,1 \u00baC de temperatura tenemos ahora mismo en Mijas Pueblo, 24,8 \u00baC en Los Espartales, 22,9 \u00baC en Las [&hellip;]<\/p>\n","protected":false},"author":16,"featured_media":45272,"comment_status":"open","ping_status":"open","sticky":false,"template":"","format":"standard","meta":[],"categories":[2],"tags":[],"_links":{"self":[{"href":"https:\/\/blogs.diariosur.es\/tormentas-y-rayos\/wp-json\/wp\/v2\/posts\/45270"}],"collection":[{"href":"https:\/\/blogs.diariosur.es\/tormentas-y-rayos\/wp-json\/wp\/v2\/posts"}],"about":[{"href":"https:\/\/blogs.diariosur.es\/tormentas-y-rayos\/wp-json\/wp\/v2\/types\/post"}],"author":[{"embeddable":true,"href":"https:\/\/blogs.diariosur.es\/tormentas-y-rayos\/wp-json\/wp\/v2\/users\/16"}],"replies":[{"embeddable":true,"href":"https:\/\/blogs.diariosur.es\/tormentas-y-rayos\/wp-json\/wp\/v2\/comments?post=45270"}],"version-history":[{"count":3,"href":"https:\/\/blogs.diariosur.es\/tormentas-y-rayos\/wp-json\/wp\/v2\/posts\/45270\/revisions"}],"predecessor-version":[{"id":46561,"href":"https:\/\/blogs.diariosur.es\/tormentas-y-rayos\/wp-json\/wp\/v2\/posts\/45270\/revisions\/46561"}],"wp:featuredmedia":[{"embeddable":true,"href":"https:\/\/blogs.diariosur.es\/tormentas-y-rayos\/wp-json\/wp\/v2\/media\/45272"}],"wp:attachment":[{"href":"https:\/\/blogs.diariosur.es\/tormentas-y-rayos\/wp-json\/wp\/v2\/media?parent=45270"}],"wp:term":[{"taxonomy":"category","embeddable":true,"href":"https:\/\/blogs.diariosur.es\/tormentas-y-rayos\/wp-json\/wp\/v2\/categories?post=45270"},{"taxonomy":"post_tag","embeddable":true,"href":"https:\/\/blogs.diariosur.es\/tormentas-y-rayos\/wp-json\/wp\/v2\/tags?post=45270"}],"curies":[{"name":"wp","href":"https:\/\/api.w.org\/{rel}","templated":true}]}}