{"id":45274,"date":"2025-07-01T07:44:34","date_gmt":"2025-07-01T05:44:34","guid":{"rendered":"https:\/\/blogs.diariosur.es\/tormentas-y-rayos\/?p=45274"},"modified":"2025-10-05T09:30:48","modified_gmt":"2025-10-05T07:30:48","slug":"malaga-centro-meteorologico-registra-la-temperatura-media-mas-alta-en-junio-desde-que-se-tienen-registros","status":"publish","type":"post","link":"https:\/\/blogs.diariosur.es\/tormentas-y-rayos\/2025\/07\/01\/malaga-centro-meteorologico-registra-la-temperatura-media-mas-alta-en-junio-desde-que-se-tienen-registros\/","title":{"rendered":"M\u00e1laga Centro Meteorol\u00f3gico registra la temperatura media m\u00e1s alta en junio desde que se tienen registros"},"content":{"rendered":"<p><a href=\"https:\/\/static-blogs.diariosur.es\/wp-content\/uploads\/sites\/12\/2025\/06\/130738248_10221381944997043_6257362087676436516_n-1.jpg\"><img loading=\"lazy\" class=\"aligncenter size-thumbnail wp-image-45057\" src=\"https:\/\/static-blogs.diariosur.es\/wp-content\/uploads\/sites\/12\/2025\/06\/130738248_10221381944997043_6257362087676436516_n-1-150x150.jpg\" alt=\"\" width=\"150\" height=\"150\" srcset=\"https:\/\/static-blogs.diariosur.es\/wp-content\/uploads\/sites\/12\/2025\/06\/130738248_10221381944997043_6257362087676436516_n-1-150x150.jpg 150w, https:\/\/static-blogs.diariosur.es\/wp-content\/uploads\/sites\/12\/2025\/06\/130738248_10221381944997043_6257362087676436516_n-1-400x400.jpg 400w, https:\/\/static-blogs.diariosur.es\/wp-content\/uploads\/sites\/12\/2025\/06\/130738248_10221381944997043_6257362087676436516_n-1-408x408.jpg 408w, https:\/\/static-blogs.diariosur.es\/wp-content\/uploads\/sites\/12\/2025\/06\/130738248_10221381944997043_6257362087676436516_n-1.jpg 768w\" sizes=\"(max-width: 150px) 100vw, 150px\" \/><\/a><\/p>\n<p>&nbsp;<\/p>\n<p data-pm-slice=\"1 1 []\">Buenos d\u00edas, amigos de la meteo. Como muchos sab\u00e9is, la estaci\u00f3n de la Aemet del Aeropuerto es la oficial para hacer los res\u00famenes climatol\u00f3gicos del mes; esta estaci\u00f3n tiene datos desde 1942. En esta ocasi\u00f3n ha tenido varios d\u00edas que no ha dado datos, y no he podido ver la temperatura media. Dentro de unos d\u00edas sabremos la temperatura media, que promete ser muy alta. Recordar que el valor extremo de temperatura media de esta estaci\u00f3n en junio es de 26,1 \u00baC, a\u00f1o 2022; ya veremos si hay nuevo valor extremo.<\/p>\n<p>La del Centro Meteorol\u00f3gico s\u00ed he podido recoger todos los datos de junio; ha tenido una temperatura media de <strong>26,2 \u00baC<\/strong>, siendo la media m\u00e1s alta desde que tiene registros la estaci\u00f3n. Destacar tambi\u00e9n la temperatura media de las m\u00ednimas, que ha sido de <strong>21,2 \u00baC<\/strong>.<\/p>\n<h3><strong>Os paso unos datos muy interesantes de esta estaci\u00f3n en junio.\u00a0<\/strong><\/h3>\n<p>Ha sobrepasado los 30 \u00baC veinti\u00fan d\u00edas; la temperatura m\u00e1s alta se registr\u00f3 el 25 de junio con 37,4 \u00baC.<\/p>\n<p>Hemos tenido 23 noches tropicales.<\/p>\n<p>Una racha de viento de 88 km\/h el 11 de junio.<\/p>\n<p>Y por \u00faltimo, han ca\u00eddo en el mes 4,6 mm.<\/p>\n<p>S\u00e9 que muchos me comentar\u00e9is que no hab\u00e9is tenido tanto calor como otros junios; en parte llev\u00e1is raz\u00f3n. Pero os digo el porqu\u00e9, muy f\u00e1cil de comprender (sensaci\u00f3n t\u00e9rmica). Este mes pasado ha sido curiosamente un mes en que la humedad no ha sido muy alta; los que sudamos lo sabemos muy bien. Ha soplado en muchas ocasiones sur sureste, pero con poca humedad. Nos ha afectado muchos d\u00edas una masa de aire muy seca, que ha contribuido a que la sensaci\u00f3n t\u00e9rmica sea de menos calor. Ayer, por ejemplo, el aeropuerto mantuvo una humedad del 44% hasta las ocho de la tarde. Destacar tambi\u00e9n la temperatura del agua del mar con 25,7 \u00baC, la m\u00e1s alta desde que tiene registros la boya.<\/p>\n<p>Nos vemos ma\u00f1ana.<\/p>\n<p><a href=\"https:\/\/static-blogs.diariosur.es\/wp-content\/uploads\/sites\/12\/2025\/06\/506605962_10233141170050320_701920130971959964_n-e1749834997670.jpg\"><img loading=\"lazy\" class=\"aligncenter size-full wp-image-45141\" src=\"https:\/\/static-blogs.diariosur.es\/wp-content\/uploads\/sites\/12\/2025\/06\/506605962_10233141170050320_701920130971959964_n-e1749834997670.jpg\" alt=\"\" width=\"1000\" height=\"1000\" \/><\/a><\/p>\n<p>&nbsp;<\/p>\n<p>&nbsp;<\/p>\n<p>&nbsp;<\/p>\n","protected":false},"excerpt":{"rendered":"<p>&nbsp; Buenos d\u00edas, amigos de la meteo. Como muchos sab\u00e9is, la estaci\u00f3n de la Aemet del Aeropuerto es la oficial para hacer los res\u00famenes climatol\u00f3gicos del mes; esta estaci\u00f3n tiene datos desde 1942. En esta ocasi\u00f3n ha tenido varios d\u00edas que no ha dado datos, y no he podido ver la temperatura media. Dentro de [&hellip;]<\/p>\n","protected":false},"author":16,"featured_media":45275,"comment_status":"open","ping_status":"open","sticky":false,"template":"","format":"standard","meta":[],"categories":[2],"tags":[358,587,1724,800,961],"_links":{"self":[{"href":"https:\/\/blogs.diariosur.es\/tormentas-y-rayos\/wp-json\/wp\/v2\/posts\/45274"}],"collection":[{"href":"https:\/\/blogs.diariosur.es\/tormentas-y-rayos\/wp-json\/wp\/v2\/posts"}],"about":[{"href":"https:\/\/blogs.diariosur.es\/tormentas-y-rayos\/wp-json\/wp\/v2\/types\/post"}],"author":[{"embeddable":true,"href":"https:\/\/blogs.diariosur.es\/tormentas-y-rayos\/wp-json\/wp\/v2\/users\/16"}],"replies":[{"embeddable":true,"href":"https:\/\/blogs.diariosur.es\/tormentas-y-rayos\/wp-json\/wp\/v2\/comments?post=45274"}],"version-history":[{"count":3,"href":"https:\/\/blogs.diariosur.es\/tormentas-y-rayos\/wp-json\/wp\/v2\/posts\/45274\/revisions"}],"predecessor-version":[{"id":46560,"href":"https:\/\/blogs.diariosur.es\/tormentas-y-rayos\/wp-json\/wp\/v2\/posts\/45274\/revisions\/46560"}],"wp:featuredmedia":[{"embeddable":true,"href":"https:\/\/blogs.diariosur.es\/tormentas-y-rayos\/wp-json\/wp\/v2\/media\/45275"}],"wp:attachment":[{"href":"https:\/\/blogs.diariosur.es\/tormentas-y-rayos\/wp-json\/wp\/v2\/media?parent=45274"}],"wp:term":[{"taxonomy":"category","embeddable":true,"href":"https:\/\/blogs.diariosur.es\/tormentas-y-rayos\/wp-json\/wp\/v2\/categories?post=45274"},{"taxonomy":"post_tag","embeddable":true,"href":"https:\/\/blogs.diariosur.es\/tormentas-y-rayos\/wp-json\/wp\/v2\/tags?post=45274"}],"curies":[{"name":"wp","href":"https:\/\/api.w.org\/{rel}","templated":true}]}}