{"id":45278,"date":"2025-07-02T07:12:40","date_gmt":"2025-07-02T05:12:40","guid":{"rendered":"https:\/\/blogs.diariosur.es\/tormentas-y-rayos\/?p=45278"},"modified":"2025-07-02T07:12:40","modified_gmt":"2025-07-02T05:12:40","slug":"junio-de-2025-ha-pulverizado-records-el-mas-caluroso-en-espana-desde-que-se-tienen-registros","status":"publish","type":"post","link":"https:\/\/blogs.diariosur.es\/tormentas-y-rayos\/2025\/07\/02\/junio-de-2025-ha-pulverizado-records-el-mas-caluroso-en-espana-desde-que-se-tienen-registros\/","title":{"rendered":"Junio de 2025 ha pulverizado r\u00e9cords. El m\u00e1s caluroso en Espa\u00f1a desde que se tienen registros"},"content":{"rendered":"<p><a href=\"https:\/\/static-blogs.diariosur.es\/wp-content\/uploads\/sites\/12\/2025\/07\/72999690_10217709542349272_7908844429161529344_n.jpg\"><img loading=\"lazy\" class=\"aligncenter size-thumbnail wp-image-45292\" src=\"https:\/\/static-blogs.diariosur.es\/wp-content\/uploads\/sites\/12\/2025\/07\/72999690_10217709542349272_7908844429161529344_n-150x150.jpg\" alt=\"\" width=\"150\" height=\"150\" \/><\/a><\/p>\n<p>Buenos d\u00edas, amigos de la meteo. Cuando son las seis y media de la ma\u00f1ana, mi estaci\u00f3n meteorol\u00f3gica registra 25,3 \u00b0C, el cielo esta despejado y el viento sopla flojo de direcci\u00f3n variable. Nuevamente madrugada t\u00f3rrida en zonas de la capital, mi estaci\u00f3n no ha bajado de los 25\u00a0 \u00baC, en la estaci\u00f3n de la Aemet del Puerto durante toda la madrugada tampoco ha bajado de los 25 \u00baC, en la del Aeropuerto y Centro Meteorol\u00f3gico han rondado los 24 \u00baC<\/p>\n<p><strong>Junio de 2025 ha pulverizado r\u00e9cords. El m\u00e1s caluroso en Espa\u00f1a desde que se tienen registros. Fuente Aemet<\/strong><\/p>\n<p>Temperatura media de 23.6 \u00b0C. Supera por 0.8 \u00b0C al anterior junio m\u00e1s c\u00e1lido: el de 2017.<\/p>\n<p>Su car\u00e1cter ha sido extremadamente c\u00e1lido. Supera en nada menos que 3.5 \u00b0C el promedio del per\u00edodo 1991-2020.<\/p>\n<p>&nbsp;<\/p>\n<p><a href=\"https:\/\/static-blogs.diariosur.es\/wp-content\/uploads\/sites\/12\/2025\/07\/20250701_200635.jpg\"><img loading=\"lazy\" class=\"aligncenter size-full wp-image-45283\" src=\"https:\/\/static-blogs.diariosur.es\/wp-content\/uploads\/sites\/12\/2025\/07\/20250701_200635.jpg\" alt=\"\" width=\"1080\" height=\"982\" srcset=\"https:\/\/static-blogs.diariosur.es\/wp-content\/uploads\/sites\/12\/2025\/07\/20250701_200635.jpg 1080w, https:\/\/static-blogs.diariosur.es\/wp-content\/uploads\/sites\/12\/2025\/07\/20250701_200635-440x400.jpg 440w, https:\/\/static-blogs.diariosur.es\/wp-content\/uploads\/sites\/12\/2025\/07\/20250701_200635-449x408.jpg 449w, https:\/\/static-blogs.diariosur.es\/wp-content\/uploads\/sites\/12\/2025\/07\/20250701_200635-768x698.jpg 768w\" sizes=\"(max-width: 1080px) 100vw, 1080px\" \/><\/a><\/p>\n<p>&nbsp;<\/p>\n<p>Junio de 2025 es, adem\u00e1s, el mes m\u00e1s an\u00f3malamente c\u00e1lido de la serie hist\u00f3rica (Datos provisionales).<\/p>\n<p>Ning\u00fan mes, hasta ahora, hab\u00eda estado 3,5 \u00b0C por encima de su promedio normal. Supera as\u00ed a octubre de 2022 y a febrero de 2020, los m\u00e1s an\u00f3malamente c\u00e1lidos hasta ahora.<\/p>\n<p>La temperatura media de junio de 2025 (23.6 \u00b0C) es superior al promedio normal de julio y agosto (23.1 \u00b0C y 23 \u00b0C, respectivamente). Es la primera vez que esto sucede.<\/p>\n<p>&nbsp;<\/p>\n<p><a href=\"https:\/\/static-blogs.diariosur.es\/wp-content\/uploads\/sites\/12\/2025\/07\/20250701_202122.jpg\"><img loading=\"lazy\" class=\"aligncenter size-full wp-image-45284\" src=\"https:\/\/static-blogs.diariosur.es\/wp-content\/uploads\/sites\/12\/2025\/07\/20250701_202122.jpg\" alt=\"\" width=\"1080\" height=\"982\" srcset=\"https:\/\/static-blogs.diariosur.es\/wp-content\/uploads\/sites\/12\/2025\/07\/20250701_202122.jpg 1080w, https:\/\/static-blogs.diariosur.es\/wp-content\/uploads\/sites\/12\/2025\/07\/20250701_202122-440x400.jpg 440w, https:\/\/static-blogs.diariosur.es\/wp-content\/uploads\/sites\/12\/2025\/07\/20250701_202122-449x408.jpg 449w, https:\/\/static-blogs.diariosur.es\/wp-content\/uploads\/sites\/12\/2025\/07\/20250701_202122-768x698.jpg 768w\" sizes=\"(max-width: 1080px) 100vw, 1080px\" \/><\/a><\/p>\n<p>La temperatura media de junio de 2025 (23.6 \u00b0C) es superior al promedio normal de julio y agosto (23.1 \u00b0C y 23 \u00b0C, respectivamente). Es la primera vez que esto sucede.<\/p>\n<p>Si un julio o agosto tuvieran una temperatura media de 23.6 \u00b0C, su car\u00e1cter ser\u00eda c\u00e1lido.<\/p>\n<p>&nbsp;<\/p>\n<p><a href=\"https:\/\/static-blogs.diariosur.es\/wp-content\/uploads\/sites\/12\/2025\/07\/20250701_202725.jpg\"><img loading=\"lazy\" class=\"aligncenter size-full wp-image-45287\" src=\"https:\/\/static-blogs.diariosur.es\/wp-content\/uploads\/sites\/12\/2025\/07\/20250701_202725.jpg\" alt=\"\" width=\"1080\" height=\"982\" srcset=\"https:\/\/static-blogs.diariosur.es\/wp-content\/uploads\/sites\/12\/2025\/07\/20250701_202725.jpg 1080w, https:\/\/static-blogs.diariosur.es\/wp-content\/uploads\/sites\/12\/2025\/07\/20250701_202725-440x400.jpg 440w, https:\/\/static-blogs.diariosur.es\/wp-content\/uploads\/sites\/12\/2025\/07\/20250701_202725-449x408.jpg 449w, https:\/\/static-blogs.diariosur.es\/wp-content\/uploads\/sites\/12\/2025\/07\/20250701_202725-768x698.jpg 768w\" sizes=\"(max-width: 1080px) 100vw, 1080px\" \/><\/a><\/p>\n<p>Con datos a\u00fan provisionales, nueve d\u00edas de junio de 2025 han sido r\u00e9cord de d\u00eda c\u00e1lido para sus respectivas fechas.<\/p>\n<p>En un clima no alterado, ser\u00edan esperables alrededor de cinco r\u00e9cords de d\u00edas c\u00e1lidos (y otros cinco de d\u00edas fr\u00edos) en el a\u00f1o completo.<\/p>\n<p>&nbsp;<\/p>\n<p><a href=\"https:\/\/static-blogs.diariosur.es\/wp-content\/uploads\/sites\/12\/2025\/07\/20250701_203214.jpg\"><img loading=\"lazy\" class=\"aligncenter size-full wp-image-45289\" src=\"https:\/\/static-blogs.diariosur.es\/wp-content\/uploads\/sites\/12\/2025\/07\/20250701_203214.jpg\" alt=\"\" width=\"1080\" height=\"982\" srcset=\"https:\/\/static-blogs.diariosur.es\/wp-content\/uploads\/sites\/12\/2025\/07\/20250701_203214.jpg 1080w, https:\/\/static-blogs.diariosur.es\/wp-content\/uploads\/sites\/12\/2025\/07\/20250701_203214-440x400.jpg 440w, https:\/\/static-blogs.diariosur.es\/wp-content\/uploads\/sites\/12\/2025\/07\/20250701_203214-449x408.jpg 449w, https:\/\/static-blogs.diariosur.es\/wp-content\/uploads\/sites\/12\/2025\/07\/20250701_203214-768x698.jpg 768w\" sizes=\"(max-width: 1080px) 100vw, 1080px\" \/><\/a><\/p>\n<p>&nbsp;<\/p>\n<p>NOTA: En el resumen clim\u00e1tico de junio de 2017, disponible en nuestra web, se otorga a ese mes una temperatura de 24.1 \u00b0C, en teor\u00eda superior a la de junio de 2025. Esto sucede porque se calcul\u00f3 con una metodolog\u00eda diferente.<\/p>\n<p>Aqu\u00ed se explica<\/p>\n<h3 class=\"amp-wp-title\"><a href=\"https:\/\/aemetblog.es\/2024\/07\/27\/como-se-calcula-la-temperatura-media-en-espana\/?amp=1\" rel=\"external nofollow\">\u00bfC\u00f3mo se calcula la temperatura media en Espa\u00f1a?<\/a><\/h3>\n<p>&nbsp;<\/p>\n<h3>R\u00e9cords<\/h3>\n<p>&nbsp;<\/p>\n<p><a href=\"https:\/\/static-blogs.diariosur.es\/wp-content\/uploads\/sites\/12\/2025\/07\/record-e1751431963510.jpg\"><img loading=\"lazy\" class=\"aligncenter size-full wp-image-45294\" src=\"https:\/\/static-blogs.diariosur.es\/wp-content\/uploads\/sites\/12\/2025\/07\/record-e1751431963510.jpg\" alt=\"\" width=\"900\" height=\"1125\" \/><\/a><\/p>\n<p>&nbsp;<\/p>\n<p><a href=\"https:\/\/static-blogs.diariosur.es\/wp-content\/uploads\/sites\/12\/2025\/07\/GuweDqmXQAAaGMu-e1751431979809.jpg\"><img loading=\"lazy\" class=\"aligncenter size-full wp-image-45295\" src=\"https:\/\/static-blogs.diariosur.es\/wp-content\/uploads\/sites\/12\/2025\/07\/GuweDqmXQAAaGMu-e1751431979809.jpg\" alt=\"\" width=\"900\" height=\"1125\" \/><\/a><\/p>\n<p>&nbsp;<\/p>\n<p><a href=\"https:\/\/static-blogs.diariosur.es\/wp-content\/uploads\/sites\/12\/2025\/07\/z-e1751431884159.jpg\"><img loading=\"lazy\" class=\"aligncenter size-full wp-image-45296\" src=\"https:\/\/static-blogs.diariosur.es\/wp-content\/uploads\/sites\/12\/2025\/07\/z-e1751431884159.jpg\" alt=\"\" width=\"900\" height=\"1125\" \/><\/a><\/p>\n<p>&nbsp;<\/p>\n<p><a href=\"https:\/\/static-blogs.diariosur.es\/wp-content\/uploads\/sites\/12\/2025\/07\/z4-e1751432077783.jpg\"><img loading=\"lazy\" class=\"aligncenter size-full wp-image-45297\" src=\"https:\/\/static-blogs.diariosur.es\/wp-content\/uploads\/sites\/12\/2025\/07\/z4-e1751432077783.jpg\" alt=\"\" width=\"900\" height=\"1125\" \/><\/a><\/p>\n<p>&nbsp;<\/p>\n<p>&nbsp;<\/p>\n<p>&nbsp;<\/p>\n<p>&nbsp;<\/p>\n<p>&nbsp;<\/p>\n<p>&nbsp;<\/p>\n<p>&nbsp;<\/p>\n<p>&nbsp;<\/p>\n<p>&nbsp;<\/p>\n","protected":false},"excerpt":{"rendered":"<p>Buenos d\u00edas, amigos de la meteo. Cuando son las seis y media de la ma\u00f1ana, mi estaci\u00f3n meteorol\u00f3gica registra 25,3 \u00b0C, el cielo esta despejado y el viento sopla flojo de direcci\u00f3n variable. Nuevamente madrugada t\u00f3rrida en zonas de la capital, mi estaci\u00f3n no ha bajado de los 25\u00a0 \u00baC, en la estaci\u00f3n de la [&hellip;]<\/p>\n","protected":false},"author":16,"featured_media":44947,"comment_status":"open","ping_status":"open","sticky":false,"template":"","format":"standard","meta":[],"categories":[2],"tags":[],"_links":{"self":[{"href":"https:\/\/blogs.diariosur.es\/tormentas-y-rayos\/wp-json\/wp\/v2\/posts\/45278"}],"collection":[{"href":"https:\/\/blogs.diariosur.es\/tormentas-y-rayos\/wp-json\/wp\/v2\/posts"}],"about":[{"href":"https:\/\/blogs.diariosur.es\/tormentas-y-rayos\/wp-json\/wp\/v2\/types\/post"}],"author":[{"embeddable":true,"href":"https:\/\/blogs.diariosur.es\/tormentas-y-rayos\/wp-json\/wp\/v2\/users\/16"}],"replies":[{"embeddable":true,"href":"https:\/\/blogs.diariosur.es\/tormentas-y-rayos\/wp-json\/wp\/v2\/comments?post=45278"}],"version-history":[{"count":11,"href":"https:\/\/blogs.diariosur.es\/tormentas-y-rayos\/wp-json\/wp\/v2\/posts\/45278\/revisions"}],"predecessor-version":[{"id":45298,"href":"https:\/\/blogs.diariosur.es\/tormentas-y-rayos\/wp-json\/wp\/v2\/posts\/45278\/revisions\/45298"}],"wp:featuredmedia":[{"embeddable":true,"href":"https:\/\/blogs.diariosur.es\/tormentas-y-rayos\/wp-json\/wp\/v2\/media\/44947"}],"wp:attachment":[{"href":"https:\/\/blogs.diariosur.es\/tormentas-y-rayos\/wp-json\/wp\/v2\/media?parent=45278"}],"wp:term":[{"taxonomy":"category","embeddable":true,"href":"https:\/\/blogs.diariosur.es\/tormentas-y-rayos\/wp-json\/wp\/v2\/categories?post=45278"},{"taxonomy":"post_tag","embeddable":true,"href":"https:\/\/blogs.diariosur.es\/tormentas-y-rayos\/wp-json\/wp\/v2\/tags?post=45278"}],"curies":[{"name":"wp","href":"https:\/\/api.w.org\/{rel}","templated":true}]}}