{"id":45299,"date":"2025-07-03T07:32:08","date_gmt":"2025-07-03T05:32:08","guid":{"rendered":"https:\/\/blogs.diariosur.es\/tormentas-y-rayos\/?p=45299"},"modified":"2025-07-03T09:58:06","modified_gmt":"2025-07-03T07:58:06","slug":"muy-curioso-lo-que-esta-pasando-este-verano-en-la-costa-malaguena-toca-leer","status":"publish","type":"post","link":"https:\/\/blogs.diariosur.es\/tormentas-y-rayos\/2025\/07\/03\/muy-curioso-lo-que-esta-pasando-este-verano-en-la-costa-malaguena-toca-leer\/","title":{"rendered":"Muy curioso lo que esta pasando este verano en la costa malague\u00f1a, toca leer"},"content":{"rendered":"<p><a href=\"https:\/\/static-blogs.diariosur.es\/wp-content\/uploads\/sites\/12\/2025\/07\/72999690_10217709542349272_7908844429161529344_n.jpg\"><img loading=\"lazy\" class=\"aligncenter size-thumbnail wp-image-45292\" src=\"https:\/\/static-blogs.diariosur.es\/wp-content\/uploads\/sites\/12\/2025\/07\/72999690_10217709542349272_7908844429161529344_n-150x150.jpg\" alt=\"\" width=\"150\" height=\"150\" \/><\/a><\/p>\n<p>Muy buenos d\u00edas, amigos de la meteo. Cuando son las siete menos cuarto de la ma\u00f1ana en M\u00e1laga capital, mi estaci\u00f3n registra 25,8 \u00b0C, los cielos est\u00e1n poco nubosos y el viento sopla flojo de direcci\u00f3n variable. Nuevamente noche y madrugada t\u00f3rrida en la estaci\u00f3n del Puerto de la Aemet en M\u00e1laga capital, en el Centro Meteorol\u00f3gico y Aeropuerto bajaron de los 25 \u00baC a partir de las 4:30 de la madrugada. Destacar tambi\u00e9n en la provincia a Antequera, Ronda, Alpandeire y Marbella que tampoco han bajado de 25 \u00baC.<\/p>\n<h3><span style=\"color: #ff0000;\"><strong>Muy curioso lo que esta pasando este verano en la costa malague\u00f1a<\/strong><\/span><\/h3>\n<p>En todos los a\u00f1os que llevo con mi afici\u00f3n a la meteorolog\u00eda, no recuerdo lo que esta pasando este verano tantos d\u00edas seguidos en la costa malague\u00f1a.<\/p>\n<p>Os cuento.<\/p>\n<p>Muchos sab\u00e9is que en la costa malague\u00f1a soplando viento de componente este y sur la humedad sube mucho y m\u00e1s por la noche, esto trae consigo que sudemos mucho y la sensaci\u00f3n t\u00e9rmica sea de m\u00e1s calor. Pues desde que comenz\u00f3 el verano meteorol\u00f3gico, salvo un d\u00eda que tuvimos poniente aterralado en junio, la mayor\u00eda de los d\u00edas la humedad ha sido muy baja durante el dia e incluso por la noche y de madrugada. Muchos seguidores del barrio me han parado para preguntarme si hacia terral y les he comentado que no, que ten\u00edamos el fen\u00f3meno de subsidencia.<\/p>\n<p>Mi amigo Mario me explicaba esto hace unos siete a\u00f1os.<\/p>\n<p>&nbsp;<\/p>\n<p><a href=\"https:\/\/static-blogs.diariosur.es\/wp-content\/uploads\/sites\/12\/2025\/07\/514337079_10233456169205102_4666883931495452193_n.jpg\"><img loading=\"lazy\" class=\"aligncenter size-full wp-image-45303\" src=\"https:\/\/static-blogs.diariosur.es\/wp-content\/uploads\/sites\/12\/2025\/07\/514337079_10233456169205102_4666883931495452193_n.jpg\" alt=\"\" width=\"797\" height=\"574\" srcset=\"https:\/\/static-blogs.diariosur.es\/wp-content\/uploads\/sites\/12\/2025\/07\/514337079_10233456169205102_4666883931495452193_n.jpg 797w, https:\/\/static-blogs.diariosur.es\/wp-content\/uploads\/sites\/12\/2025\/07\/514337079_10233456169205102_4666883931495452193_n-555x400.jpg 555w, https:\/\/static-blogs.diariosur.es\/wp-content\/uploads\/sites\/12\/2025\/07\/514337079_10233456169205102_4666883931495452193_n-567x408.jpg 567w, https:\/\/static-blogs.diariosur.es\/wp-content\/uploads\/sites\/12\/2025\/07\/514337079_10233456169205102_4666883931495452193_n-768x553.jpg 768w\" sizes=\"(max-width: 797px) 100vw, 797px\" \/><\/a><\/p>\n<p><em>En la atm\u00f3sfera hay dos tipos de movimiento verticales: corrientes ascendentes que se producen en las bajas y otro descendentes que se originan en crestas anticicl\u00f3nicas o anticiclones en altura. Al bajar el aire se comprimen y esto hace que el aire se caliente, pues en ocasiones este aire llega hasta la zona m\u00e1s baja, con lo cual tenemos aire caliente y sin soplar terral.<\/em><\/p>\n<p><em>B\u00e1sicamente hay que contemplarlo todo( el juego de altas y bajas en superficie y\/o altura) como un conjunto. En superficie el aire va desde las altas a las bajas presiones. Un anticicl\u00f3n se destruir\u00eda si s\u00f3lo se da en superficie porque el aire en \u00e9l tiende a escapar hacia las bajas presiones que lo succionan pero los anticiclones permanecen muchos d\u00edas en algunos casos y eso implica que tienen que recibir aire de alg\u00fan sitio para seguir reparti\u00e9ndolo. Este aire lo recibe de l<span class=\"text_exposed_show\">as capas altas donde hay convergencia, acumulaci\u00f3n de aire arriba. El aire tender\u00e1 por tanto a descender a trav\u00e9s de la vertical del A.\u00a0<\/span><\/em><\/p>\n<p><em>En el caso de las bajas o vaguadas el razonamiento es el mismo. Una baja se destruir\u00eda ya que al succionar aire procedente del alta a nivel de superficie hay afluencia de aire a la misma y subir\u00eda la presi\u00f3n. Como hay bajas que perduran d\u00edas, esto implica que la baja va perdiendo el aire que le llega de alg\u00fan modo. El \u00fanico modo es que el aire ascienda en su vertical. Al ascender el aire condensa, forma nubes, etc, etc\u2026Este ascenso es posible porque a niveles altos hay d\u00e9ficit o falta del mismo. Se da una especie de vac\u00edo arriba que succiona el aire en la vertical de la baja.<\/em><\/p>\n<p>Muchas gracias Mario<\/p>\n<p>Por este motivo la humedad es muy baja amigos de la meteo y en ocasiones el aire es un poco caliente.<\/p>\n<p>Yo, particularmente, firmaba estos 31 y 33\u00ba C todo el verano pero acompa\u00f1ado de una humedad muy baja durante el dia y la noche. Pero lo mas seguro es que ya mismo empiece a subir la humedad y llegue la plasta.<\/p>\n<p>&nbsp;<\/p>\n<p>&nbsp;<\/p>\n<p>&nbsp;<\/p>\n<p>&nbsp;<\/p>\n","protected":false},"excerpt":{"rendered":"<p>Muy buenos d\u00edas, amigos de la meteo. Cuando son las siete menos cuarto de la ma\u00f1ana en M\u00e1laga capital, mi estaci\u00f3n registra 25,8 \u00b0C, los cielos est\u00e1n poco nubosos y el viento sopla flojo de direcci\u00f3n variable. Nuevamente noche y madrugada t\u00f3rrida en la estaci\u00f3n del Puerto de la Aemet en M\u00e1laga capital, en el [&hellip;]<\/p>\n","protected":false},"author":16,"featured_media":45303,"comment_status":"open","ping_status":"open","sticky":false,"template":"","format":"standard","meta":[],"categories":[2],"tags":[212,358,494,587,1333],"_links":{"self":[{"href":"https:\/\/blogs.diariosur.es\/tormentas-y-rayos\/wp-json\/wp\/v2\/posts\/45299"}],"collection":[{"href":"https:\/\/blogs.diariosur.es\/tormentas-y-rayos\/wp-json\/wp\/v2\/posts"}],"about":[{"href":"https:\/\/blogs.diariosur.es\/tormentas-y-rayos\/wp-json\/wp\/v2\/types\/post"}],"author":[{"embeddable":true,"href":"https:\/\/blogs.diariosur.es\/tormentas-y-rayos\/wp-json\/wp\/v2\/users\/16"}],"replies":[{"embeddable":true,"href":"https:\/\/blogs.diariosur.es\/tormentas-y-rayos\/wp-json\/wp\/v2\/comments?post=45299"}],"version-history":[{"count":4,"href":"https:\/\/blogs.diariosur.es\/tormentas-y-rayos\/wp-json\/wp\/v2\/posts\/45299\/revisions"}],"predecessor-version":[{"id":45305,"href":"https:\/\/blogs.diariosur.es\/tormentas-y-rayos\/wp-json\/wp\/v2\/posts\/45299\/revisions\/45305"}],"wp:featuredmedia":[{"embeddable":true,"href":"https:\/\/blogs.diariosur.es\/tormentas-y-rayos\/wp-json\/wp\/v2\/media\/45303"}],"wp:attachment":[{"href":"https:\/\/blogs.diariosur.es\/tormentas-y-rayos\/wp-json\/wp\/v2\/media?parent=45299"}],"wp:term":[{"taxonomy":"category","embeddable":true,"href":"https:\/\/blogs.diariosur.es\/tormentas-y-rayos\/wp-json\/wp\/v2\/categories?post=45299"},{"taxonomy":"post_tag","embeddable":true,"href":"https:\/\/blogs.diariosur.es\/tormentas-y-rayos\/wp-json\/wp\/v2\/tags?post=45299"}],"curies":[{"name":"wp","href":"https:\/\/api.w.org\/{rel}","templated":true}]}}