{"id":4530,"date":"2012-12-31T10:06:40","date_gmt":"2012-12-31T09:06:40","guid":{"rendered":"http:\/\/blogs.diariosur.es\/tormentas-y-rayos\/?p=4530"},"modified":"2012-12-31T10:06:40","modified_gmt":"2012-12-31T09:06:40","slug":"posibles-chubascos-esta-madrugada-fotos-ultimo-amanecer-2012-feliz-ano-2013-amigos-de-la-meteo","status":"publish","type":"post","link":"https:\/\/blogs.diariosur.es\/tormentas-y-rayos\/2012\/12\/31\/posibles-chubascos-esta-madrugada-fotos-ultimo-amanecer-2012-feliz-ano-2013-amigos-de-la-meteo\/","title":{"rendered":"Posibles chubascos esta madrugada. Fotos ultimo amanecer 2012. Feliz a\u00f1o 2013 amigos de la meteo."},"content":{"rendered":"<p><strong>Buenos dias amigos de la meteo. Registro 8 grados, los cielos\u00a0est\u00e1n\u00a0algo \u00a0nubosos y el viento en calma.<\/strong><\/p>\n<p><strong> Con esta foto de portada os deseo un feliz a\u00f1o 2013.<\/strong><\/p>\n<p><strong>Esta\u00a0pr\u00f3xima\u00a0madrugada llegara a\u00a0nuestra\u00a0provincia el frente frio. En esta imagen reciente ya podeis verlo. Fuente eumetsat , meteogalicia.<\/strong><\/p>\n<p><a href=\"https:\/\/blogs.diariosur.es\/tormentas-y-rayos\/2012\/12\/31\/posibles-chubascos-esta-madrugada-fotos-ultimo-amanecer-2012-feliz-ano-2013-amigos-de-la-meteo\/frente-11\/\" rel=\"attachment wp-att-4531\"><img loading=\"lazy\" class=\"aligncenter size-medium wp-image-4531\" title=\"frente\" src=\"\/tormentas-y-rayos\/wp-content\/uploads\/sites\/12\/2012\/12\/frente1.jpg\" alt=\"\" width=\"578\" height=\"400\" srcset=\"https:\/\/static-blogs.diariosur.es\/wp-content\/uploads\/sites\/12\/2012\/12\/frente1.jpg 749w, https:\/\/static-blogs.diariosur.es\/wp-content\/uploads\/sites\/12\/2012\/12\/frente1-578x400.jpg 578w\" sizes=\"(max-width: 578px) 100vw, 578px\" \/><\/a><\/p>\n<p><strong>El frente calculo que llegara entre las dos de la madrugada y las cinco, puede atrasarse o adelantarse. No creo que \u00a0durante las campanadas llueva en M\u00e1laga Capital. La zona occidental de la Regi\u00f3n Andaluza ser\u00eda la primera en recibir los chubascos y poco a poco ir\u00edan afectando a las dem\u00e1s provincias. Hay posibilidad de que el frente se reactive un poco y en la zona del Estrecho los chubascos puedan tener origen tormentoso. <\/strong><\/p>\n<p><strong>Hoy por la ma\u00f1ana y por la tarde en M\u00e1laga, soplara un poco de levante, que traer\u00e1 nubes bajas.\u00a0 Las temperaturas rozaran los 17 grados y las m\u00ednimas subir\u00e1n ma\u00f1ana. El viento de terral de invierno soplara moderado a partir de esta madrugada y as\u00ed seguir\u00eda hasta el dia 2.<\/strong><\/p>\n<p><strong>Amigo Epa, no creo que te haga fatal las cadenas, si sales el\u00a0mi\u00e9rcoles.\u00a0<\/strong><\/p>\n<p><strong>Poco mas que contar amigos. \u00a0 Os dejo con un par de fotos del ultimo amanecer del 2012. Un fuerte abrazo a todosssssssssssssssssssssssss<\/strong><\/p>\n<p><a href=\"https:\/\/blogs.diariosur.es\/tormentas-y-rayos\/2012\/12\/31\/posibles-chubascos-esta-madrugada-fotos-ultimo-amanecer-2012-feliz-ano-2013-amigos-de-la-meteo\/olympus-digital-camera-1017\/\" rel=\"attachment wp-att-4532\"><img loading=\"lazy\" class=\"aligncenter size-full wp-image-4532\" title=\"OLYMPUS DIGITAL CAMERA\" src=\"\/tormentas-y-rayos\/wp-content\/uploads\/sites\/12\/2012\/12\/072.jpg\" alt=\"\" width=\"690\" height=\"518\" srcset=\"https:\/\/static-blogs.diariosur.es\/wp-content\/uploads\/sites\/12\/2012\/12\/072.jpg 690w, https:\/\/static-blogs.diariosur.es\/wp-content\/uploads\/sites\/12\/2012\/12\/072-533x400.jpg 533w\" sizes=\"(max-width: 690px) 100vw, 690px\" \/><\/a><\/p>\n<p>&nbsp;<\/p>\n<p><a href=\"https:\/\/blogs.diariosur.es\/tormentas-y-rayos\/2012\/12\/31\/posibles-chubascos-esta-madrugada-fotos-ultimo-amanecer-2012-feliz-ano-2013-amigos-de-la-meteo\/olympus-digital-camera-1018\/\" rel=\"attachment wp-att-4533\"><img loading=\"lazy\" class=\"aligncenter size-full wp-image-4533\" title=\"OLYMPUS DIGITAL CAMERA\" src=\"\/tormentas-y-rayos\/wp-content\/uploads\/sites\/12\/2012\/12\/0961.jpg\" alt=\"\" width=\"600\" height=\"800\" srcset=\"https:\/\/static-blogs.diariosur.es\/wp-content\/uploads\/sites\/12\/2012\/12\/0961.jpg 600w, https:\/\/static-blogs.diariosur.es\/wp-content\/uploads\/sites\/12\/2012\/12\/0961-300x400.jpg 300w\" sizes=\"(max-width: 600px) 100vw, 600px\" \/><\/a><\/p>\n<p>&nbsp;<\/p>\n<p><a href=\"https:\/\/blogs.diariosur.es\/tormentas-y-rayos\/2012\/12\/31\/posibles-chubascos-esta-madrugada-fotos-ultimo-amanecer-2012-feliz-ano-2013-amigos-de-la-meteo\/olympus-digital-camera-1019\/\" rel=\"attachment wp-att-4534\"><img loading=\"lazy\" class=\"aligncenter size-full wp-image-4534\" title=\"OLYMPUS DIGITAL CAMERA\" src=\"\/tormentas-y-rayos\/wp-content\/uploads\/sites\/12\/2012\/12\/110.jpg\" alt=\"\" width=\"690\" height=\"518\" srcset=\"https:\/\/static-blogs.diariosur.es\/wp-content\/uploads\/sites\/12\/2012\/12\/110.jpg 690w, https:\/\/static-blogs.diariosur.es\/wp-content\/uploads\/sites\/12\/2012\/12\/110-533x400.jpg 533w\" sizes=\"(max-width: 690px) 100vw, 690px\" \/><\/a><\/p>\n<p>&nbsp;<\/p>\n<p>&nbsp;<\/p>\n","protected":false},"excerpt":{"rendered":"<p>Buenos dias amigos de la meteo. Registro 8 grados, los cielos\u00a0est\u00e1n\u00a0algo \u00a0nubosos y el viento en calma. Con esta foto de portada os deseo un feliz a\u00f1o 2013. Esta\u00a0pr\u00f3xima\u00a0madrugada llegara a\u00a0nuestra\u00a0provincia el frente frio. En esta imagen reciente ya podeis verlo. Fuente eumetsat , meteogalicia. El frente calculo que llegara entre las dos de la [&hellip;]<\/p>\n","protected":false},"author":16,"featured_media":4535,"comment_status":"open","ping_status":"closed","sticky":false,"template":"","format":"standard","meta":[],"categories":[2],"tags":[13,89,109,249,404,424,1032],"_links":{"self":[{"href":"https:\/\/blogs.diariosur.es\/tormentas-y-rayos\/wp-json\/wp\/v2\/posts\/4530"}],"collection":[{"href":"https:\/\/blogs.diariosur.es\/tormentas-y-rayos\/wp-json\/wp\/v2\/posts"}],"about":[{"href":"https:\/\/blogs.diariosur.es\/tormentas-y-rayos\/wp-json\/wp\/v2\/types\/post"}],"author":[{"embeddable":true,"href":"https:\/\/blogs.diariosur.es\/tormentas-y-rayos\/wp-json\/wp\/v2\/users\/16"}],"replies":[{"embeddable":true,"href":"https:\/\/blogs.diariosur.es\/tormentas-y-rayos\/wp-json\/wp\/v2\/comments?post=4530"}],"version-history":[{"count":0,"href":"https:\/\/blogs.diariosur.es\/tormentas-y-rayos\/wp-json\/wp\/v2\/posts\/4530\/revisions"}],"wp:featuredmedia":[{"embeddable":true,"href":"https:\/\/blogs.diariosur.es\/tormentas-y-rayos\/wp-json\/wp\/v2\/media\/4535"}],"wp:attachment":[{"href":"https:\/\/blogs.diariosur.es\/tormentas-y-rayos\/wp-json\/wp\/v2\/media?parent=4530"}],"wp:term":[{"taxonomy":"category","embeddable":true,"href":"https:\/\/blogs.diariosur.es\/tormentas-y-rayos\/wp-json\/wp\/v2\/categories?post=4530"},{"taxonomy":"post_tag","embeddable":true,"href":"https:\/\/blogs.diariosur.es\/tormentas-y-rayos\/wp-json\/wp\/v2\/tags?post=4530"}],"curies":[{"name":"wp","href":"https:\/\/api.w.org\/{rel}","templated":true}]}}