{"id":45310,"date":"2025-07-04T08:09:19","date_gmt":"2025-07-04T06:09:19","guid":{"rendered":"https:\/\/blogs.diariosur.es\/tormentas-y-rayos\/?p=45310"},"modified":"2025-10-04T11:34:13","modified_gmt":"2025-10-04T09:34:13","slug":"el-tiempo-el-fin-de-semana-se-espera-terral-la-semana-que-viene-en-la-provincia-de-malaga","status":"publish","type":"post","link":"https:\/\/blogs.diariosur.es\/tormentas-y-rayos\/2025\/07\/04\/el-tiempo-el-fin-de-semana-se-espera-terral-la-semana-que-viene-en-la-provincia-de-malaga\/","title":{"rendered":"El tiempo el fin de semana. \u00bfSe espera terral la semana que viene en la provincia de M\u00e1laga?"},"content":{"rendered":"<p><a href=\"https:\/\/static-blogs.diariosur.es\/wp-content\/uploads\/sites\/12\/2025\/07\/72999690_10217709542349272_7908844429161529344_n.jpg\"><img loading=\"lazy\" class=\"aligncenter size-thumbnail wp-image-45292\" src=\"https:\/\/static-blogs.diariosur.es\/wp-content\/uploads\/sites\/12\/2025\/07\/72999690_10217709542349272_7908844429161529344_n-150x150.jpg\" alt=\"\" width=\"150\" height=\"150\" \/><\/a><\/p>\n<p data-pm-slice=\"1 1 []\">Buenos d\u00edas, por decir algo, amigos de la meteo. Acabo de salir de la ducha y no paro de sudar; al final he cogido el ventilador grande de suelo; lo tengo detr\u00e1s de m\u00ed para parar el sudor.<\/p>\n<p>Mi estaci\u00f3n meteorol\u00f3gica situada en Ortega y Gasset no ha bajado durante toda la madrugada de 25 \u00baC y, lo peor, que la humedad ha rondado el 80%.<\/p>\n<p>Este fin de semana seguiremos con el calor y la humedad. La temperatura del agua del mar en la costa malague\u00f1a rondar\u00e1 los 25 y 26 \u00baC. No se esperan rachas fuertes de viento.<\/p>\n<p>Os paso las temperaturas m\u00ednimas y m\u00e1ximas que prev\u00e9 la Aemet para ma\u00f1ana y el domingo. Interior del Valle del Guadalhorce y comarca de Antequera ser\u00e1n las zonas donde m\u00e1s calor har\u00e1.<\/p>\n<p>&nbsp;<\/p>\n<p><a href=\"https:\/\/static-blogs.diariosur.es\/wp-content\/uploads\/sites\/12\/2025\/07\/sabado.jpg\"><img loading=\"lazy\" class=\"aligncenter size-full wp-image-45313\" src=\"https:\/\/static-blogs.diariosur.es\/wp-content\/uploads\/sites\/12\/2025\/07\/sabado.jpg\" alt=\"\" width=\"1039\" height=\"825\" srcset=\"https:\/\/static-blogs.diariosur.es\/wp-content\/uploads\/sites\/12\/2025\/07\/sabado.jpg 1039w, https:\/\/static-blogs.diariosur.es\/wp-content\/uploads\/sites\/12\/2025\/07\/sabado-504x400.jpg 504w, https:\/\/static-blogs.diariosur.es\/wp-content\/uploads\/sites\/12\/2025\/07\/sabado-514x408.jpg 514w, https:\/\/static-blogs.diariosur.es\/wp-content\/uploads\/sites\/12\/2025\/07\/sabado-768x610.jpg 768w\" sizes=\"(max-width: 1039px) 100vw, 1039px\" \/><\/a><\/p>\n<p>&nbsp;<\/p>\n<p><a href=\"https:\/\/static-blogs.diariosur.es\/wp-content\/uploads\/sites\/12\/2025\/07\/domingo.jpg\"><img loading=\"lazy\" class=\"aligncenter size-full wp-image-45314\" src=\"https:\/\/static-blogs.diariosur.es\/wp-content\/uploads\/sites\/12\/2025\/07\/domingo.jpg\" alt=\"\" width=\"1050\" height=\"810\" srcset=\"https:\/\/static-blogs.diariosur.es\/wp-content\/uploads\/sites\/12\/2025\/07\/domingo.jpg 1050w, https:\/\/static-blogs.diariosur.es\/wp-content\/uploads\/sites\/12\/2025\/07\/domingo-519x400.jpg 519w, https:\/\/static-blogs.diariosur.es\/wp-content\/uploads\/sites\/12\/2025\/07\/domingo-529x408.jpg 529w, https:\/\/static-blogs.diariosur.es\/wp-content\/uploads\/sites\/12\/2025\/07\/domingo-768x592.jpg 768w\" sizes=\"(max-width: 1050px) 100vw, 1050px\" \/><\/a><\/p>\n<h3><\/h3>\n<p>&nbsp;<\/p>\n<h3 data-pm-slice=\"1 1 []\"><span style=\"color: #ff0000;\">\u00bfSe espera terral la semana que viene en la provincia de M\u00e1laga?<\/span><\/h3>\n<p>Con los modelos actualizados, no se espera terral los primeros d\u00edas de la semana que viene.<\/p>\n<p>En la comarca de Antequera pueden llegar a los<strong> 38 \u00baC;<\/strong> ya veremos si el lunes activan el aviso amarillo.<\/p>\n<p>En el interior del Valle del Guadalhorce pueden llegar a los 37 \u00baC y 38 \u00b0C, como es el caso de \u00c1lora y Pizarra.<\/p>\n<p>En las dem\u00e1s zonas de la provincia rondar\u00e1n los 28 y 33 \u00baC.<\/p>\n<p>Ma\u00f1ana s\u00e1bado por la tarde, dar\u00e9 la \u00faltima hora del lunes.<\/p>\n<p>&nbsp;<\/p>\n<p>Os dejo con esta bonita foto de mi amigo Crist\u00f3bal Gambero.<\/p>\n<p>&nbsp;<\/p>\n<p>&nbsp;<\/p>\n<p><a href=\"https:\/\/static-blogs.diariosur.es\/wp-content\/uploads\/sites\/12\/2025\/07\/506818798_9920538607995044_8119512495614949542_n.jpg\"><img loading=\"lazy\" class=\"aligncenter size-full wp-image-45315\" src=\"https:\/\/static-blogs.diariosur.es\/wp-content\/uploads\/sites\/12\/2025\/07\/506818798_9920538607995044_8119512495614949542_n.jpg\" alt=\"\" width=\"960\" height=\"720\" srcset=\"https:\/\/static-blogs.diariosur.es\/wp-content\/uploads\/sites\/12\/2025\/07\/506818798_9920538607995044_8119512495614949542_n.jpg 960w, https:\/\/static-blogs.diariosur.es\/wp-content\/uploads\/sites\/12\/2025\/07\/506818798_9920538607995044_8119512495614949542_n-533x400.jpg 533w, https:\/\/static-blogs.diariosur.es\/wp-content\/uploads\/sites\/12\/2025\/07\/506818798_9920538607995044_8119512495614949542_n-544x408.jpg 544w, https:\/\/static-blogs.diariosur.es\/wp-content\/uploads\/sites\/12\/2025\/07\/506818798_9920538607995044_8119512495614949542_n-768x576.jpg 768w\" sizes=\"(max-width: 960px) 100vw, 960px\" \/><\/a><\/p>\n","protected":false},"excerpt":{"rendered":"<p>Buenos d\u00edas, por decir algo, amigos de la meteo. Acabo de salir de la ducha y no paro de sudar; al final he cogido el ventilador grande de suelo; lo tengo detr\u00e1s de m\u00ed para parar el sudor. Mi estaci\u00f3n meteorol\u00f3gica situada en Ortega y Gasset no ha bajado durante toda la madrugada de 25 [&hellip;]<\/p>\n","protected":false},"author":16,"featured_media":45315,"comment_status":"open","ping_status":"open","sticky":false,"template":"","format":"standard","meta":[],"categories":[2],"tags":[],"_links":{"self":[{"href":"https:\/\/blogs.diariosur.es\/tormentas-y-rayos\/wp-json\/wp\/v2\/posts\/45310"}],"collection":[{"href":"https:\/\/blogs.diariosur.es\/tormentas-y-rayos\/wp-json\/wp\/v2\/posts"}],"about":[{"href":"https:\/\/blogs.diariosur.es\/tormentas-y-rayos\/wp-json\/wp\/v2\/types\/post"}],"author":[{"embeddable":true,"href":"https:\/\/blogs.diariosur.es\/tormentas-y-rayos\/wp-json\/wp\/v2\/users\/16"}],"replies":[{"embeddable":true,"href":"https:\/\/blogs.diariosur.es\/tormentas-y-rayos\/wp-json\/wp\/v2\/comments?post=45310"}],"version-history":[{"count":6,"href":"https:\/\/blogs.diariosur.es\/tormentas-y-rayos\/wp-json\/wp\/v2\/posts\/45310\/revisions"}],"predecessor-version":[{"id":46546,"href":"https:\/\/blogs.diariosur.es\/tormentas-y-rayos\/wp-json\/wp\/v2\/posts\/45310\/revisions\/46546"}],"wp:featuredmedia":[{"embeddable":true,"href":"https:\/\/blogs.diariosur.es\/tormentas-y-rayos\/wp-json\/wp\/v2\/media\/45315"}],"wp:attachment":[{"href":"https:\/\/blogs.diariosur.es\/tormentas-y-rayos\/wp-json\/wp\/v2\/media?parent=45310"}],"wp:term":[{"taxonomy":"category","embeddable":true,"href":"https:\/\/blogs.diariosur.es\/tormentas-y-rayos\/wp-json\/wp\/v2\/categories?post=45310"},{"taxonomy":"post_tag","embeddable":true,"href":"https:\/\/blogs.diariosur.es\/tormentas-y-rayos\/wp-json\/wp\/v2\/tags?post=45310"}],"curies":[{"name":"wp","href":"https:\/\/api.w.org\/{rel}","templated":true}]}}