{"id":45319,"date":"2025-07-05T07:25:18","date_gmt":"2025-07-05T05:25:18","guid":{"rendered":"https:\/\/blogs.diariosur.es\/tormentas-y-rayos\/?p=45319"},"modified":"2025-07-05T07:25:18","modified_gmt":"2025-07-05T05:25:18","slug":"el-cuarenta-y-seis-el-sombrero","status":"publish","type":"post","link":"https:\/\/blogs.diariosur.es\/tormentas-y-rayos\/2025\/07\/05\/el-cuarenta-y-seis-el-sombrero\/","title":{"rendered":"El cuarenta y seis, el sombrero"},"content":{"rendered":"<p><a href=\"https:\/\/static-blogs.diariosur.es\/wp-content\/uploads\/sites\/12\/2025\/07\/72999690_10217709542349272_7908844429161529344_n.jpg\"><img loading=\"lazy\" class=\"aligncenter size-thumbnail wp-image-45292\" src=\"https:\/\/static-blogs.diariosur.es\/wp-content\/uploads\/sites\/12\/2025\/07\/72999690_10217709542349272_7908844429161529344_n-150x150.jpg\" alt=\"\" width=\"150\" height=\"150\" \/><\/a><\/p>\n<p>Muy buenos d\u00edas, amigos de la meteo. Hoy toca leer a mi amigo Enrique Salvo Tierra, Director de la C\u00e1tedra sobre cambio clim\u00e1tico en la Universidad de M\u00e1laga. Me ha encantado tu articulo.<\/p>\n<h3><span style=\"color: #ff0000;\"><strong>Cuarenta y seis, el sombrero<\/strong><\/span><\/h3>\n<p>Hace unas semanas, haci\u00e9ndome eco de los informes que advert\u00edan que para 2050 el sur peninsular ser\u00eda una tierra inhabitable, acud\u00eda para explicarlo al s\u00edmil de la estrategia de las abejas mel\u00edferas japonesas. Estos peque\u00f1os insectos tienen un enemigo que les triplica en tama\u00f1o, fuerza y malas ideas. Es el avisp\u00f3n asesino, tan grande como una tarjeta bancaria, y tambi\u00e9n con un veneno neurot\u00f3xico capaz de acabar con la vida de un ser humano. Al avisp\u00f3n le gusta incordiar en el panal de las niponas abejas y, como el m\u00e1s perverso de los monstruos, decapitar a las adultas y devorar sus larvas. Pero las abejitas, tan buenas como Maya, han dise\u00f1ado una elaborada estrategia para su defensa. Envolver en masa al invasor y agitando sus alas elevar la temperatura interior hasta los 46\u00baC. En ese punto del term\u00f3metro, el mal\u00e9fico avisp\u00f3n muere, a la par que el ejercito nip\u00f3n, gracias al toque de corneta de un est\u00edmulo neurol\u00f3gico producido por esa temperatura, se bate en retirada. El caso me sirve para reflexionar acerca de que, en ese punto, en los 46\u00baC est\u00e1 el l\u00edmite t\u00e9rmico para el desarrollo de la vida, en especial de las actividades humanas, y el momento para abandonar los asentamientos. Llegados a ese punto, se desencadenan toda una serie de desprop\u00f3sitos que van desde la degradaci\u00f3n de amino\u00e1cidos b\u00e1sicos hasta el colapso de la informaci\u00f3n digital.<\/p>\n<p>Lo que barruntaba para 2050 se adelant\u00f3 a esta semana, y en <strong>El Granado<\/strong>, tan cerca nuestra, se alcanzaron los grados en el que las abejas mel\u00edferas japonesas reciben la se\u00f1al de abandonar su doloroso trabajo.<\/p>\n<p>Aun retumba en mis o\u00eddos la peculiar forma que ten\u00eda Manolo el de los cupones, all\u00e1 por los sesenta, de despertar al vecindario de los alrededores del Mercado. Con su atiplada voz en grito cada ma\u00f1ana cantaba el nombre del boleto para el sorteo de cada noche, que por entonces era de s\u00f3lo tres cifras, para mayor alegr\u00eda de muchos, aunque tocasen premios menores. Pero Manolo no cantaba n\u00fameros, sino vociferaba aquellos nombres que la historia les hab\u00eda concedido. Siempre me llamo la atenci\u00f3n que al 46 se le llamase el sombrero.<\/p>\n<p>Vaya usted a saber por qu\u00e9. El caso es que le segu\u00eda el 47 al que llamaba el mundo, el 48 la negra y el 49 la breva. La trilog\u00eda no deja de ser hoy esperanzadora: es tiempo para que caigan brevas negras sobre el mundo, antes de llegar al 50.<\/p>\n<p>Salvo Tierra<\/p>\n<p>Andaluc\u00eda Informaci\u00f3n.<\/p>\n<p>&nbsp;<\/p>\n<p><a href=\"https:\/\/static-blogs.diariosur.es\/wp-content\/uploads\/sites\/12\/2025\/07\/53478893182_d16ebc6731_o-scaled-e1751692704872.jpg\"><img loading=\"lazy\" class=\"aligncenter size-full wp-image-45321\" src=\"https:\/\/static-blogs.diariosur.es\/wp-content\/uploads\/sites\/12\/2025\/07\/53478893182_d16ebc6731_o-scaled-e1751692704872.jpg\" alt=\"\" width=\"1000\" height=\"629\" \/><\/a><\/p>\n","protected":false},"excerpt":{"rendered":"<p>Muy buenos d\u00edas, amigos de la meteo. Hoy toca leer a mi amigo Enrique Salvo Tierra, Director de la C\u00e1tedra sobre cambio clim\u00e1tico en la Universidad de M\u00e1laga. Me ha encantado tu articulo. Cuarenta y seis, el sombrero Hace unas semanas, haci\u00e9ndome eco de los informes que advert\u00edan que para 2050 el sur peninsular ser\u00eda [&hellip;]<\/p>\n","protected":false},"author":16,"featured_media":45321,"comment_status":"open","ping_status":"open","sticky":false,"template":"","format":"standard","meta":[],"categories":[2],"tags":[297,2053,2054,2052],"_links":{"self":[{"href":"https:\/\/blogs.diariosur.es\/tormentas-y-rayos\/wp-json\/wp\/v2\/posts\/45319"}],"collection":[{"href":"https:\/\/blogs.diariosur.es\/tormentas-y-rayos\/wp-json\/wp\/v2\/posts"}],"about":[{"href":"https:\/\/blogs.diariosur.es\/tormentas-y-rayos\/wp-json\/wp\/v2\/types\/post"}],"author":[{"embeddable":true,"href":"https:\/\/blogs.diariosur.es\/tormentas-y-rayos\/wp-json\/wp\/v2\/users\/16"}],"replies":[{"embeddable":true,"href":"https:\/\/blogs.diariosur.es\/tormentas-y-rayos\/wp-json\/wp\/v2\/comments?post=45319"}],"version-history":[{"count":2,"href":"https:\/\/blogs.diariosur.es\/tormentas-y-rayos\/wp-json\/wp\/v2\/posts\/45319\/revisions"}],"predecessor-version":[{"id":45322,"href":"https:\/\/blogs.diariosur.es\/tormentas-y-rayos\/wp-json\/wp\/v2\/posts\/45319\/revisions\/45322"}],"wp:featuredmedia":[{"embeddable":true,"href":"https:\/\/blogs.diariosur.es\/tormentas-y-rayos\/wp-json\/wp\/v2\/media\/45321"}],"wp:attachment":[{"href":"https:\/\/blogs.diariosur.es\/tormentas-y-rayos\/wp-json\/wp\/v2\/media?parent=45319"}],"wp:term":[{"taxonomy":"category","embeddable":true,"href":"https:\/\/blogs.diariosur.es\/tormentas-y-rayos\/wp-json\/wp\/v2\/categories?post=45319"},{"taxonomy":"post_tag","embeddable":true,"href":"https:\/\/blogs.diariosur.es\/tormentas-y-rayos\/wp-json\/wp\/v2\/tags?post=45319"}],"curies":[{"name":"wp","href":"https:\/\/api.w.org\/{rel}","templated":true}]}}