{"id":45328,"date":"2025-07-06T08:18:07","date_gmt":"2025-07-06T06:18:07","guid":{"rendered":"https:\/\/blogs.diariosur.es\/tormentas-y-rayos\/?p=45328"},"modified":"2025-10-04T11:31:53","modified_gmt":"2025-10-04T09:31:53","slug":"donde-hara-manana-lunes-mas-calor-en-la-provincia-de-malaga","status":"publish","type":"post","link":"https:\/\/blogs.diariosur.es\/tormentas-y-rayos\/2025\/07\/06\/donde-hara-manana-lunes-mas-calor-en-la-provincia-de-malaga\/","title":{"rendered":"\u00bfD\u00f3nde hara ma\u00f1ana lunes m\u00e1s calor en la provincia de M\u00e1laga?"},"content":{"rendered":"<p><a href=\"https:\/\/static-blogs.diariosur.es\/wp-content\/uploads\/sites\/12\/2025\/07\/72999690_10217709542349272_7908844429161529344_n.jpg\"><img loading=\"lazy\" class=\"aligncenter size-thumbnail wp-image-45292\" src=\"https:\/\/static-blogs.diariosur.es\/wp-content\/uploads\/sites\/12\/2025\/07\/72999690_10217709542349272_7908844429161529344_n-150x150.jpg\" alt=\"\" width=\"150\" height=\"150\" \/><\/a><\/p>\n<p data-pm-slice=\"1 1 []\">Buenos d\u00edas, amigos de la meteo. Aunque de momento no hay avisos por altas temperaturas en la provincia de M\u00e1laga, es muy probable que el interior del Valle del Guadalhorce registre m\u00e1ximas de 36, 37 y 38 \u00baC, siendo m\u00e1s probables estos registros de 38 \u00baC en \u00c1lora y Pizarra.<\/p>\n<p>En el Valle del Genal\u00a0tambi\u00e9n se esperan m\u00e1ximas entre 34 y 35 \u00baC, como es el caso de Alpandeire, Gauc\u00edn y Cortes de la Frontera.<\/p>\n<p>La comarca de Antequera, sobre todo en su zona norte, tambi\u00e9n puede llegar a los 38 \u00baC.<\/p>\n<p>En las dem\u00e1s zonas de la provincia malague\u00f1a, las temperaturas m\u00e1ximas rondar\u00e1n los 29 y 34 \u00baC; en la capital espero una m\u00e1xima de 33 \u00baC.<\/p>\n<p>Nos vemos ma\u00f1ana con valores extremos de temperatura del agua del mar m\u00e1s alta y m\u00e1s baja en M\u00e1laga capital desde que se tienen registros.<\/p>\n<p>&nbsp;<\/p>\n<p>&nbsp;<\/p>\n","protected":false},"excerpt":{"rendered":"<p>Buenos d\u00edas, amigos de la meteo. Aunque de momento no hay avisos por altas temperaturas en la provincia de M\u00e1laga, es muy probable que el interior del Valle del Guadalhorce registre m\u00e1ximas de 36, 37 y 38 \u00baC, siendo m\u00e1s probables estos registros de 38 \u00baC en \u00c1lora y Pizarra. En el Valle del Genal\u00a0tambi\u00e9n [&hellip;]<\/p>\n","protected":false},"author":16,"featured_media":45329,"comment_status":"open","ping_status":"open","sticky":false,"template":"","format":"standard","meta":[],"categories":[2],"tags":[],"_links":{"self":[{"href":"https:\/\/blogs.diariosur.es\/tormentas-y-rayos\/wp-json\/wp\/v2\/posts\/45328"}],"collection":[{"href":"https:\/\/blogs.diariosur.es\/tormentas-y-rayos\/wp-json\/wp\/v2\/posts"}],"about":[{"href":"https:\/\/blogs.diariosur.es\/tormentas-y-rayos\/wp-json\/wp\/v2\/types\/post"}],"author":[{"embeddable":true,"href":"https:\/\/blogs.diariosur.es\/tormentas-y-rayos\/wp-json\/wp\/v2\/users\/16"}],"replies":[{"embeddable":true,"href":"https:\/\/blogs.diariosur.es\/tormentas-y-rayos\/wp-json\/wp\/v2\/comments?post=45328"}],"version-history":[{"count":3,"href":"https:\/\/blogs.diariosur.es\/tormentas-y-rayos\/wp-json\/wp\/v2\/posts\/45328\/revisions"}],"predecessor-version":[{"id":46545,"href":"https:\/\/blogs.diariosur.es\/tormentas-y-rayos\/wp-json\/wp\/v2\/posts\/45328\/revisions\/46545"}],"wp:featuredmedia":[{"embeddable":true,"href":"https:\/\/blogs.diariosur.es\/tormentas-y-rayos\/wp-json\/wp\/v2\/media\/45329"}],"wp:attachment":[{"href":"https:\/\/blogs.diariosur.es\/tormentas-y-rayos\/wp-json\/wp\/v2\/media?parent=45328"}],"wp:term":[{"taxonomy":"category","embeddable":true,"href":"https:\/\/blogs.diariosur.es\/tormentas-y-rayos\/wp-json\/wp\/v2\/categories?post=45328"},{"taxonomy":"post_tag","embeddable":true,"href":"https:\/\/blogs.diariosur.es\/tormentas-y-rayos\/wp-json\/wp\/v2\/tags?post=45328"}],"curies":[{"name":"wp","href":"https:\/\/api.w.org\/{rel}","templated":true}]}}