{"id":4537,"date":"2013-01-02T07:34:59","date_gmt":"2013-01-02T06:34:59","guid":{"rendered":"http:\/\/blogs.diariosur.es\/tormentas-y-rayos\/?p=4537"},"modified":"2013-01-02T07:34:59","modified_gmt":"2013-01-02T06:34:59","slug":"prediccion-del-tiempo-dia-2-y-3-de-enero-el-levante-tomara-protagonismo-a-partir-del-jueves-impresionantes-fotos-del-ultimo-amanecer-y-atardecer-del-2012","status":"publish","type":"post","link":"https:\/\/blogs.diariosur.es\/tormentas-y-rayos\/2013\/01\/02\/prediccion-del-tiempo-dia-2-y-3-de-enero-el-levante-tomara-protagonismo-a-partir-del-jueves-impresionantes-fotos-del-ultimo-amanecer-y-atardecer-del-2012\/","title":{"rendered":"Predicci\u00f3n del tiempo dia 2 y 3 de Enero.El levante tomara protagonismo a partir del jueves. Impresionantes fotos del ultimo amanecer y atardecer del 2012."},"content":{"rendered":"<p><strong>Buenos d\u00edas amigos de la meteo. Son las seis y media de la ma\u00f1ana, registro 9,8 grados y los cielos est\u00e1n algo nubosos. Lo mismo tenemos un bonito amanecer hoy.<\/strong><\/p>\n<p><strong><span style=\"color: #0000ff;\"><em>Antes de nada, daros a todos las gracias por seguir mi blog. Desde el 1 de Septiembre del 2010 que le puse el contador de visitas hasta hoy, llevo mas de medio mill\u00f3n de visitas. Espero seguir dando los\u00a0pron\u00f3sticos del tiempo y que\u00a0disfrut\u00e9is\u00a0de las fotos de mis amigos y\u00a0m\u00edas.\u00a0<\/em><\/span><\/strong><\/p>\n<p><strong> Se cumplieron los pron\u00f3sticos para el dia de a\u00f1o nuevo y los chubascos entraron a partir de las dos de la ma\u00f1ana en nuestra provincia. En algunos puntos se llegaron a los cinco litros, yo recog\u00ed en mi pluvi\u00f3metro menos de medio litro.<\/strong><\/p>\n<p><strong>El dia 31 fotografi\u00e9 el ultimo amanecer y atardecer del 2012. \u00a0El dia 1 Enero del 2013 en compa\u00f1\u00eda de unos buenos amigos ( Paqui Carnero, Pedro Toro, Joaquin Alberto, Antonio Portillo y Miguel Angel \u00c1vila), \u00a0fotografiamos el primer amanecer. Os paso un collage de fotos donde pod\u00e9is ver \u00a0el el ultimo amanecer y atardecer, as\u00ed como el primer amanecer y atardecer del 2013. \u00a0Gracias a todos por ayudarme con el collage. El atardecer esta tomado desde casa, ya no pod\u00eda mas con mi cuerpo je je je.\u00a0<\/strong><\/p>\n<p><a href=\"https:\/\/blogs.diariosur.es\/tormentas-y-rayos\/2013\/01\/02\/prediccion-del-tiempo-dia-2-y-3-de-enero-el-levante-tomara-protagonismo-a-partir-del-jueves-impresionantes-fotos-del-ultimo-amanecer-y-atardecer-del-2012\/page\/\" rel=\"attachment wp-att-4542\"><img loading=\"lazy\" class=\"aligncenter size-full wp-image-4542\" title=\"page\" src=\"\/tormentas-y-rayos\/wp-content\/uploads\/sites\/12\/2013\/01\/page.jpg\" alt=\"\" width=\"680\" height=\"520\" srcset=\"https:\/\/static-blogs.diariosur.es\/wp-content\/uploads\/sites\/12\/2013\/01\/page.jpg 680w, https:\/\/static-blogs.diariosur.es\/wp-content\/uploads\/sites\/12\/2013\/01\/page-523x400.jpg 523w\" sizes=\"(max-width: 680px) 100vw, 680px\" \/><\/a><\/p>\n<p><strong>Os paso unas fotos de Miguel Angel, Antonio Portillo, Paqui Carnero y Joaquin Alberto. Nuestro amigo Pedro no pudo hacer fotos, la c\u00e1mara se le estropeo en el peor momento.<\/strong><\/p>\n<p><strong>La primera foto esta tomada por Miguel Angel \u00c1vila.<\/strong><\/p>\n<p><a href=\"https:\/\/blogs.diariosur.es\/tormentas-y-rayos\/2013\/01\/02\/prediccion-del-tiempo-dia-2-y-3-de-enero-el-levante-tomara-protagonismo-a-partir-del-jueves-impresionantes-fotos-del-ultimo-amanecer-y-atardecer-del-2012\/miguel-anagel-avila\/\" rel=\"attachment wp-att-4538\"><img loading=\"lazy\" class=\"aligncenter size-full wp-image-4538\" title=\"miguel anagel avila\" src=\"\/tormentas-y-rayos\/wp-content\/uploads\/sites\/12\/2013\/01\/miguel-anagel-avila.jpg\" alt=\"\" width=\"670\" height=\"447\" srcset=\"https:\/\/static-blogs.diariosur.es\/wp-content\/uploads\/sites\/12\/2013\/01\/miguel-anagel-avila.jpg 670w, https:\/\/static-blogs.diariosur.es\/wp-content\/uploads\/sites\/12\/2013\/01\/miguel-anagel-avila-600x400.jpg 600w\" sizes=\"(max-width: 670px) 100vw, 670px\" \/><\/a><\/p>\n<p>&nbsp;<\/p>\n<p><strong>La segunda por Joaquin Alberto<\/strong><\/p>\n<p><a href=\"https:\/\/blogs.diariosur.es\/tormentas-y-rayos\/2013\/01\/02\/prediccion-del-tiempo-dia-2-y-3-de-enero-el-levante-tomara-protagonismo-a-partir-del-jueves-impresionantes-fotos-del-ultimo-amanecer-y-atardecer-del-2012\/joaquin-alberto\/\" rel=\"attachment wp-att-4539\"><img loading=\"lazy\" class=\"aligncenter size-full wp-image-4539\" title=\"joaquin alberto\" src=\"\/tormentas-y-rayos\/wp-content\/uploads\/sites\/12\/2013\/01\/joaquin-alberto.jpg\" alt=\"\" width=\"670\" height=\"447\" srcset=\"https:\/\/static-blogs.diariosur.es\/wp-content\/uploads\/sites\/12\/2013\/01\/joaquin-alberto.jpg 670w, https:\/\/static-blogs.diariosur.es\/wp-content\/uploads\/sites\/12\/2013\/01\/joaquin-alberto-600x400.jpg 600w\" sizes=\"(max-width: 670px) 100vw, 670px\" \/><\/a><\/p>\n<p><strong>Este precioso collage por Antonio Portillo<\/strong>.<\/p>\n<p><a href=\"https:\/\/blogs.diariosur.es\/tormentas-y-rayos\/2013\/01\/02\/prediccion-del-tiempo-dia-2-y-3-de-enero-el-levante-tomara-protagonismo-a-partir-del-jueves-impresionantes-fotos-del-ultimo-amanecer-y-atardecer-del-2012\/738403_3659168137042_964170892_o\/\" rel=\"attachment wp-att-4540\"><img loading=\"lazy\" class=\"aligncenter size-full wp-image-4540\" title=\"738403_3659168137042_964170892_o\" src=\"\/tormentas-y-rayos\/wp-content\/uploads\/sites\/12\/2013\/01\/738403_3659168137042_964170892_o.jpg\" alt=\"\" width=\"690\" height=\"410\" srcset=\"https:\/\/static-blogs.diariosur.es\/wp-content\/uploads\/sites\/12\/2013\/01\/738403_3659168137042_964170892_o.jpg 690w, https:\/\/static-blogs.diariosur.es\/wp-content\/uploads\/sites\/12\/2013\/01\/738403_3659168137042_964170892_o-640x380.jpg 640w\" sizes=\"(max-width: 690px) 100vw, 690px\" \/><\/a><\/p>\n<p>&nbsp;<\/p>\n<p>&nbsp;<\/p>\n<p><a href=\"https:\/\/blogs.diariosur.es\/tormentas-y-rayos\/2013\/01\/02\/prediccion-del-tiempo-dia-2-y-3-de-enero-el-levante-tomara-protagonismo-a-partir-del-jueves-impresionantes-fotos-del-ultimo-amanecer-y-atardecer-del-2012\/antonio-portillo-8\/\" rel=\"attachment wp-att-4559\"><img loading=\"lazy\" class=\"aligncenter size-full wp-image-4559\" title=\"antonio portillo\" src=\"\/tormentas-y-rayos\/wp-content\/uploads\/sites\/12\/2013\/01\/antonio-portillo1.jpg\" alt=\"\" width=\"680\" height=\"454\" srcset=\"https:\/\/static-blogs.diariosur.es\/wp-content\/uploads\/sites\/12\/2013\/01\/antonio-portillo1.jpg 680w, https:\/\/static-blogs.diariosur.es\/wp-content\/uploads\/sites\/12\/2013\/01\/antonio-portillo1-599x400.jpg 599w\" sizes=\"(max-width: 680px) 100vw, 680px\" \/><\/a><\/p>\n<p>&nbsp;<\/p>\n<p><strong>Y la ultima por Paqui Carnero<\/strong><\/p>\n<p><a href=\"https:\/\/blogs.diariosur.es\/tormentas-y-rayos\/2013\/01\/02\/prediccion-del-tiempo-dia-2-y-3-de-enero-el-levante-tomara-protagonismo-a-partir-del-jueves-impresionantes-fotos-del-ultimo-amanecer-y-atardecer-del-2012\/394925_4031640280341_922901829_n\/\" rel=\"attachment wp-att-4541\"><img loading=\"lazy\" class=\"aligncenter size-full wp-image-4541\" title=\"394925_4031640280341_922901829_n\" src=\"\/tormentas-y-rayos\/wp-content\/uploads\/sites\/12\/2013\/01\/394925_4031640280341_922901829_n.jpg\" alt=\"\" width=\"690\" height=\"388\" srcset=\"https:\/\/static-blogs.diariosur.es\/wp-content\/uploads\/sites\/12\/2013\/01\/394925_4031640280341_922901829_n.jpg 690w, https:\/\/static-blogs.diariosur.es\/wp-content\/uploads\/sites\/12\/2013\/01\/394925_4031640280341_922901829_n-640x360.jpg 640w\" sizes=\"(max-width: 690px) 100vw, 690px\" \/><\/a><\/p>\n<p><span style=\"color: #ff00ff;\"><strong>Aunque el amanecer fue sosillo, para mi ha sido el mas bonito que he disfrutado y todo gracias a vuestra\u00a0compa\u00f1\u00eda\u00a0amigos<\/strong><\/span><\/p>\n<p><span style=\"color: #ff0000;\"><strong>Os hago un peque\u00f1o resumen del ultimo dia del \u00a0del a\u00f1o y primer dia del 2013.<\/strong><\/span><\/p>\n<p><span style=\"color: #008000;\"><strong>El amanecer del dia 31 fue precioso.<\/strong><\/span><\/p>\n<p><a href=\"https:\/\/blogs.diariosur.es\/tormentas-y-rayos\/2013\/01\/02\/prediccion-del-tiempo-dia-2-y-3-de-enero-el-levante-tomara-protagonismo-a-partir-del-jueves-impresionantes-fotos-del-ultimo-amanecer-y-atardecer-del-2012\/olympus-digital-camera-1027\/\" rel=\"attachment wp-att-4549\"><img loading=\"lazy\" class=\"aligncenter size-full wp-image-4549\" title=\"OLYMPUS DIGITAL CAMERA\" src=\"\/tormentas-y-rayos\/wp-content\/uploads\/sites\/12\/2013\/01\/110.jpg\" alt=\"\" width=\"690\" height=\"518\" srcset=\"https:\/\/static-blogs.diariosur.es\/wp-content\/uploads\/sites\/12\/2013\/01\/110.jpg 690w, https:\/\/static-blogs.diariosur.es\/wp-content\/uploads\/sites\/12\/2013\/01\/110-533x400.jpg 533w\" sizes=\"(max-width: 690px) 100vw, 690px\" \/><\/a><\/p>\n<p>&nbsp;<\/p>\n<p>&nbsp;<\/p>\n<p><span style=\"color: #008000;\"><strong>A\u00a0partir\u00a0del\u00a0mediod\u00eda, las primeras nubes altas y bajas del\u00a0acercamiento\u00a0del frente, dejaban unos cielos impresionantes.<\/strong><\/span><\/p>\n<p>&nbsp;<\/p>\n<p><a href=\"https:\/\/blogs.diariosur.es\/tormentas-y-rayos\/2013\/01\/02\/prediccion-del-tiempo-dia-2-y-3-de-enero-el-levante-tomara-protagonismo-a-partir-del-jueves-impresionantes-fotos-del-ultimo-amanecer-y-atardecer-del-2012\/attachment\/119\/\" rel=\"attachment wp-att-4550\"><img loading=\"lazy\" class=\"aligncenter size-full wp-image-4550\" title=\"119\" src=\"\/tormentas-y-rayos\/wp-content\/uploads\/sites\/12\/2013\/01\/119.jpg\" alt=\"\" width=\"680\" height=\"454\" srcset=\"https:\/\/static-blogs.diariosur.es\/wp-content\/uploads\/sites\/12\/2013\/01\/119.jpg 680w, https:\/\/static-blogs.diariosur.es\/wp-content\/uploads\/sites\/12\/2013\/01\/119-599x400.jpg 599w\" sizes=\"(max-width: 680px) 100vw, 680px\" \/><\/a><\/p>\n<p>&nbsp;<\/p>\n<p>&nbsp;<\/p>\n<p><span style=\"color: #008000;\"><strong>Por la tarde noche tire para el espig\u00f3n de la\u00a0t\u00e9rmica, y\u00a0all\u00ed\u00a0disfrute de ultimo atardecer del 2012.<\/strong><\/span><\/p>\n<p><a href=\"https:\/\/blogs.diariosur.es\/tormentas-y-rayos\/2013\/01\/02\/prediccion-del-tiempo-dia-2-y-3-de-enero-el-levante-tomara-protagonismo-a-partir-del-jueves-impresionantes-fotos-del-ultimo-amanecer-y-atardecer-del-2012\/294091_4484705074678_960366515_n\/\" rel=\"attachment wp-att-4552\"><img loading=\"lazy\" class=\"aligncenter size-full wp-image-4552\" title=\"294091_4484705074678_960366515_n\" src=\"\/tormentas-y-rayos\/wp-content\/uploads\/sites\/12\/2013\/01\/294091_4484705074678_960366515_n.jpg\" alt=\"\" width=\"680\" height=\"510\" srcset=\"https:\/\/static-blogs.diariosur.es\/wp-content\/uploads\/sites\/12\/2013\/01\/294091_4484705074678_960366515_n.jpg 680w, https:\/\/static-blogs.diariosur.es\/wp-content\/uploads\/sites\/12\/2013\/01\/294091_4484705074678_960366515_n-533x400.jpg 533w\" sizes=\"(max-width: 680px) 100vw, 680px\" \/><\/a><\/p>\n<p>&nbsp;<\/p>\n<p><a href=\"https:\/\/blogs.diariosur.es\/tormentas-y-rayos\/2013\/01\/02\/prediccion-del-tiempo-dia-2-y-3-de-enero-el-levante-tomara-protagonismo-a-partir-del-jueves-impresionantes-fotos-del-ultimo-amanecer-y-atardecer-del-2012\/olympus-digital-camera-1029\/\" rel=\"attachment wp-att-4553\"><img loading=\"lazy\" class=\"aligncenter size-full wp-image-4553\" title=\"OLYMPUS DIGITAL CAMERA\" src=\"\/tormentas-y-rayos\/wp-content\/uploads\/sites\/12\/2013\/01\/1441.jpg\" alt=\"\" width=\"680\" height=\"510\" srcset=\"https:\/\/static-blogs.diariosur.es\/wp-content\/uploads\/sites\/12\/2013\/01\/1441.jpg 680w, https:\/\/static-blogs.diariosur.es\/wp-content\/uploads\/sites\/12\/2013\/01\/1441-533x400.jpg 533w\" sizes=\"(max-width: 680px) 100vw, 680px\" \/><\/a><\/p>\n<p>&nbsp;<\/p>\n<p><span style=\"color: #0000ff;\"><strong>Como antes os comente , el amanecer del dia 1 Enero estuvo soso, la cantidad de nubes que hab\u00eda no dieron lugar a un candilazo.<\/strong><\/span><\/p>\n<p><strong>\u00a0<\/strong><a href=\"https:\/\/blogs.diariosur.es\/tormentas-y-rayos\/2013\/01\/02\/prediccion-del-tiempo-dia-2-y-3-de-enero-el-levante-tomara-protagonismo-a-partir-del-jueves-impresionantes-fotos-del-ultimo-amanecer-y-atardecer-del-2012\/olympus-digital-camera-1021\/\" rel=\"attachment wp-att-4543\"><img loading=\"lazy\" class=\"aligncenter size-full wp-image-4543\" title=\"OLYMPUS DIGITAL CAMERA\" src=\"\/tormentas-y-rayos\/wp-content\/uploads\/sites\/12\/2013\/01\/052.jpg\" alt=\"\" width=\"680\" height=\"510\" srcset=\"https:\/\/static-blogs.diariosur.es\/wp-content\/uploads\/sites\/12\/2013\/01\/052.jpg 680w, https:\/\/static-blogs.diariosur.es\/wp-content\/uploads\/sites\/12\/2013\/01\/052-533x400.jpg 533w\" sizes=\"(max-width: 680px) 100vw, 680px\" \/><\/a><\/p>\n<p><span style=\"color: #0000ff;\"><strong>Sobre las once de la ma\u00f1ana, un chubasco que cruzaba M\u00e1laga Capital dejaba un arco\u00edris y bonitos cielos.<\/strong><\/span><\/p>\n<p><a href=\"https:\/\/blogs.diariosur.es\/tormentas-y-rayos\/2013\/01\/02\/prediccion-del-tiempo-dia-2-y-3-de-enero-el-levante-tomara-protagonismo-a-partir-del-jueves-impresionantes-fotos-del-ultimo-amanecer-y-atardecer-del-2012\/olympus-digital-camera-1023\/\" rel=\"attachment wp-att-4545\"><img loading=\"lazy\" class=\"aligncenter size-full wp-image-4545\" title=\"OLYMPUS DIGITAL CAMERA\" src=\"\/tormentas-y-rayos\/wp-content\/uploads\/sites\/12\/2013\/01\/060.jpg\" alt=\"\" width=\"680\" height=\"510\" srcset=\"https:\/\/static-blogs.diariosur.es\/wp-content\/uploads\/sites\/12\/2013\/01\/060.jpg 680w, https:\/\/static-blogs.diariosur.es\/wp-content\/uploads\/sites\/12\/2013\/01\/060-533x400.jpg 533w\" sizes=\"(max-width: 680px) 100vw, 680px\" \/><\/a><\/p>\n<p>&nbsp;<\/p>\n<p>&nbsp;<\/p>\n<p>&nbsp;<\/p>\n<p><a href=\"https:\/\/blogs.diariosur.es\/tormentas-y-rayos\/2013\/01\/02\/prediccion-del-tiempo-dia-2-y-3-de-enero-el-levante-tomara-protagonismo-a-partir-del-jueves-impresionantes-fotos-del-ultimo-amanecer-y-atardecer-del-2012\/olympus-digital-camera-1031\/\" rel=\"attachment wp-att-4560\"><img loading=\"lazy\" class=\"aligncenter size-full wp-image-4560\" title=\"OLYMPUS DIGITAL CAMERA\" src=\"\/tormentas-y-rayos\/wp-content\/uploads\/sites\/12\/2013\/01\/054.jpg\" alt=\"\" width=\"680\" height=\"510\" srcset=\"https:\/\/static-blogs.diariosur.es\/wp-content\/uploads\/sites\/12\/2013\/01\/054.jpg 680w, https:\/\/static-blogs.diariosur.es\/wp-content\/uploads\/sites\/12\/2013\/01\/054-533x400.jpg 533w\" sizes=\"(max-width: 680px) 100vw, 680px\" \/><\/a><\/p>\n<p>&nbsp;<\/p>\n<p>&nbsp;<\/p>\n<p><a href=\"https:\/\/blogs.diariosur.es\/tormentas-y-rayos\/2013\/01\/02\/prediccion-del-tiempo-dia-2-y-3-de-enero-el-levante-tomara-protagonismo-a-partir-del-jueves-impresionantes-fotos-del-ultimo-amanecer-y-atardecer-del-2012\/olympus-digital-camera-1032\/\" rel=\"attachment wp-att-4561\"><img loading=\"lazy\" class=\"aligncenter size-full wp-image-4561\" title=\"OLYMPUS DIGITAL CAMERA\" src=\"\/tormentas-y-rayos\/wp-content\/uploads\/sites\/12\/2013\/01\/058.jpg\" alt=\"\" width=\"680\" height=\"510\" srcset=\"https:\/\/static-blogs.diariosur.es\/wp-content\/uploads\/sites\/12\/2013\/01\/058.jpg 680w, https:\/\/static-blogs.diariosur.es\/wp-content\/uploads\/sites\/12\/2013\/01\/058-533x400.jpg 533w\" sizes=\"(max-width: 680px) 100vw, 680px\" \/><\/a><\/p>\n<p><strong><span style=\"color: #0000ff;\">Al mediod\u00eda tire de nuevo para la playa,\u00a0as\u00ed\u00a0estoy de \u00a0molio ji ji. Pero mereci\u00f3 la pena, los cielos estaban preciosos.<\/span><\/strong><\/p>\n<p><a href=\"https:\/\/blogs.diariosur.es\/tormentas-y-rayos\/2013\/01\/02\/prediccion-del-tiempo-dia-2-y-3-de-enero-el-levante-tomara-protagonismo-a-partir-del-jueves-impresionantes-fotos-del-ultimo-amanecer-y-atardecer-del-2012\/olympus-digital-camera-1024\/\" rel=\"attachment wp-att-4546\"><img loading=\"lazy\" class=\"aligncenter size-full wp-image-4546\" title=\"OLYMPUS DIGITAL CAMERA\" src=\"\/tormentas-y-rayos\/wp-content\/uploads\/sites\/12\/2013\/01\/070.jpg\" alt=\"\" width=\"680\" height=\"510\" srcset=\"https:\/\/static-blogs.diariosur.es\/wp-content\/uploads\/sites\/12\/2013\/01\/070.jpg 680w, https:\/\/static-blogs.diariosur.es\/wp-content\/uploads\/sites\/12\/2013\/01\/070-533x400.jpg 533w\" sizes=\"(max-width: 680px) 100vw, 680px\" \/><\/a><\/p>\n<p>&nbsp;<\/p>\n<p><a href=\"https:\/\/blogs.diariosur.es\/tormentas-y-rayos\/2013\/01\/02\/prediccion-del-tiempo-dia-2-y-3-de-enero-el-levante-tomara-protagonismo-a-partir-del-jueves-impresionantes-fotos-del-ultimo-amanecer-y-atardecer-del-2012\/olympus-digital-camera-1025\/\" rel=\"attachment wp-att-4547\"><img loading=\"lazy\" class=\"aligncenter size-full wp-image-4547\" title=\"OLYMPUS DIGITAL CAMERA\" src=\"\/tormentas-y-rayos\/wp-content\/uploads\/sites\/12\/2013\/01\/076.jpg\" alt=\"\" width=\"680\" height=\"510\" srcset=\"https:\/\/static-blogs.diariosur.es\/wp-content\/uploads\/sites\/12\/2013\/01\/076.jpg 680w, https:\/\/static-blogs.diariosur.es\/wp-content\/uploads\/sites\/12\/2013\/01\/076-533x400.jpg 533w\" sizes=\"(max-width: 680px) 100vw, 680px\" \/><\/a><\/p>\n<p>&nbsp;<\/p>\n<p><a href=\"https:\/\/blogs.diariosur.es\/tormentas-y-rayos\/2013\/01\/02\/prediccion-del-tiempo-dia-2-y-3-de-enero-el-levante-tomara-protagonismo-a-partir-del-jueves-impresionantes-fotos-del-ultimo-amanecer-y-atardecer-del-2012\/olympus-digital-camera-1026\/\" rel=\"attachment wp-att-4548\"><img loading=\"lazy\" class=\"aligncenter size-full wp-image-4548\" title=\"OLYMPUS DIGITAL CAMERA\" src=\"\/tormentas-y-rayos\/wp-content\/uploads\/sites\/12\/2013\/01\/077.jpg\" alt=\"\" width=\"680\" height=\"510\" srcset=\"https:\/\/static-blogs.diariosur.es\/wp-content\/uploads\/sites\/12\/2013\/01\/077.jpg 680w, https:\/\/static-blogs.diariosur.es\/wp-content\/uploads\/sites\/12\/2013\/01\/077-533x400.jpg 533w\" sizes=\"(max-width: 680px) 100vw, 680px\" \/><\/a><\/p>\n<p><span style=\"color: #0000ff;\"><strong>Por la tarde noche, ya no\u00a0pod\u00eda\u00a0mas con mi cuerpo, asi que el primer atardecer lo tome desde la casa ji ji ji.\u00a0<\/strong><\/span><\/p>\n<p><a href=\"https:\/\/blogs.diariosur.es\/tormentas-y-rayos\/2013\/01\/02\/prediccion-del-tiempo-dia-2-y-3-de-enero-el-levante-tomara-protagonismo-a-partir-del-jueves-impresionantes-fotos-del-ultimo-amanecer-y-atardecer-del-2012\/olympus-digital-camera-1030\/\" rel=\"attachment wp-att-4554\"><img loading=\"lazy\" class=\"aligncenter size-full wp-image-4554\" title=\"OLYMPUS DIGITAL CAMERA\" src=\"\/tormentas-y-rayos\/wp-content\/uploads\/sites\/12\/2013\/01\/094.jpg\" alt=\"\" width=\"680\" height=\"510\" srcset=\"https:\/\/static-blogs.diariosur.es\/wp-content\/uploads\/sites\/12\/2013\/01\/094.jpg 680w, https:\/\/static-blogs.diariosur.es\/wp-content\/uploads\/sites\/12\/2013\/01\/094-533x400.jpg 533w\" sizes=\"(max-width: 680px) 100vw, 680px\" \/><\/a><\/p>\n<p>&nbsp;<\/p>\n<p><span style=\"color: #ff00ff;\"><strong>Predicci\u00f3n del tiempo mi\u00e9rcoles 2 y 3 de Enero.<\/strong><\/span><\/p>\n<p>&nbsp;<\/p>\n<p><strong>Hoy mi\u00e9rcoles el viento de terral de invierno ira aflojando, dando paso durante la tarde noche al levante. La m\u00e1xima estar\u00e1 cercana a los 18 grados y los cielos\u00a0estar\u00e1n algo nubosos.<\/strong><\/p>\n<p><strong>El jueves dia 3 el levante tomara protagonismo y soplara con rachas fuertes en el Mar de Albor\u00e1n y Estrecho. Por este motivo la AEMET, activa la alerta amarilla por fen\u00f3menos costeros en la zona del estrecho. Incluso debido a las nubes bajas de levante, en algunos puntos de la Costa Mediterr\u00e1nea Andaluza pueden tener alg\u00fan chubasco espor\u00e1dico, <span style=\"color: #ff0000;\">incluso en la Costa Malague\u00f1a podemos\u00a0tenerlos\u00a0ma\u00f1ana a primeras horas.<\/span> Si se dan estos chubascos, seria por un peque\u00f1o embolsamiento de aire frio en la vertical de Argelia. Fuente Aemet Hirlam.\u00a0<\/strong><\/p>\n<p><a href=\"https:\/\/blogs.diariosur.es\/tormentas-y-rayos\/2013\/01\/02\/prediccion-del-tiempo-dia-2-y-3-de-enero-el-levante-tomara-protagonismo-a-partir-del-jueves-impresionantes-fotos-del-ultimo-amanecer-y-atardecer-del-2012\/bolsa-4\/\" rel=\"attachment wp-att-4556\"><img loading=\"lazy\" class=\"aligncenter size-medium wp-image-4556\" title=\"bolsa\" src=\"\/tormentas-y-rayos\/wp-content\/uploads\/sites\/12\/2013\/01\/bolsa.jpg\" alt=\"\" width=\"562\" height=\"400\" srcset=\"https:\/\/static-blogs.diariosur.es\/wp-content\/uploads\/sites\/12\/2013\/01\/bolsa.jpg 760w, https:\/\/static-blogs.diariosur.es\/wp-content\/uploads\/sites\/12\/2013\/01\/bolsa-563x400.jpg 563w\" sizes=\"(max-width: 562px) 100vw, 562px\" \/><\/a><\/p>\n<p><strong>Las\u00a0m\u00e1ximas\u00a0el jueves no\u00a0ser\u00e1n\u00a0muy altas, que unido al viento de levante, har\u00e1\u00a0que la sensaci\u00f3n\u00a0t\u00e9rmica\u00a0sea de mas fr\u00edo. Las temeparturas a 850 hpa ma\u00f1ana jueves\u00a0estar\u00e1n\u00a0cercanas a los 0 y 5 grados. Fuente Gfs.<\/strong><\/p>\n<p><a href=\"https:\/\/blogs.diariosur.es\/tormentas-y-rayos\/2013\/01\/02\/prediccion-del-tiempo-dia-2-y-3-de-enero-el-levante-tomara-protagonismo-a-partir-del-jueves-impresionantes-fotos-del-ultimo-amanecer-y-atardecer-del-2012\/attachment\/850\/\" rel=\"attachment wp-att-4557\"><img loading=\"lazy\" class=\"aligncenter size-medium wp-image-4557\" title=\"850\" src=\"\/tormentas-y-rayos\/wp-content\/uploads\/sites\/12\/2013\/01\/850.jpg\" alt=\"\" width=\"514\" height=\"400\" srcset=\"https:\/\/static-blogs.diariosur.es\/wp-content\/uploads\/sites\/12\/2013\/01\/850.jpg 724w, https:\/\/static-blogs.diariosur.es\/wp-content\/uploads\/sites\/12\/2013\/01\/850-514x400.jpg 514w\" sizes=\"(max-width: 514px) 100vw, 514px\" \/><\/a><\/p>\n<p>&nbsp;<\/p>\n<p><strong>Sobre el fin de semana, hablaremos el viernes. Si nada cambia el anticicl\u00f3n sera el protagonista. Y las\u00a0m\u00e1ximas\u00a0rondaran los 20 grados entre el\u00a0s\u00e1bado\u00a0y el domingo. Os dejo que en un rato tiro para el curro, poco tiempo\u00a0tendr\u00e9\u00a0para estar con vosotros. Esta ultima semana y la que viene sean las mas duras, pero\u00a0sacaren\u00a0tiempo para ir actualizando el blog.<\/strong><\/p>\n<p>Un fuerte abrazo a todos.<\/p>\n<p><strong>\u00a0<\/strong><\/p>\n","protected":false},"excerpt":{"rendered":"<p>Buenos d\u00edas amigos de la meteo. Son las seis y media de la ma\u00f1ana, registro 9,8 grados y los cielos est\u00e1n algo nubosos. Lo mismo tenemos un bonito amanecer hoy. Antes de nada, daros a todos las gracias por seguir mi blog. Desde el 1 de Septiembre del 2010 que le puse el contador de [&hellip;]<\/p>\n","protected":false},"author":16,"featured_media":4558,"comment_status":"open","ping_status":"closed","sticky":false,"template":"","format":"standard","meta":[],"categories":[2],"tags":[89,139,424,553,800,980,1032],"_links":{"self":[{"href":"https:\/\/blogs.diariosur.es\/tormentas-y-rayos\/wp-json\/wp\/v2\/posts\/4537"}],"collection":[{"href":"https:\/\/blogs.diariosur.es\/tormentas-y-rayos\/wp-json\/wp\/v2\/posts"}],"about":[{"href":"https:\/\/blogs.diariosur.es\/tormentas-y-rayos\/wp-json\/wp\/v2\/types\/post"}],"author":[{"embeddable":true,"href":"https:\/\/blogs.diariosur.es\/tormentas-y-rayos\/wp-json\/wp\/v2\/users\/16"}],"replies":[{"embeddable":true,"href":"https:\/\/blogs.diariosur.es\/tormentas-y-rayos\/wp-json\/wp\/v2\/comments?post=4537"}],"version-history":[{"count":0,"href":"https:\/\/blogs.diariosur.es\/tormentas-y-rayos\/wp-json\/wp\/v2\/posts\/4537\/revisions"}],"wp:featuredmedia":[{"embeddable":true,"href":"https:\/\/blogs.diariosur.es\/tormentas-y-rayos\/wp-json\/wp\/v2\/media\/4558"}],"wp:attachment":[{"href":"https:\/\/blogs.diariosur.es\/tormentas-y-rayos\/wp-json\/wp\/v2\/media?parent=4537"}],"wp:term":[{"taxonomy":"category","embeddable":true,"href":"https:\/\/blogs.diariosur.es\/tormentas-y-rayos\/wp-json\/wp\/v2\/categories?post=4537"},{"taxonomy":"post_tag","embeddable":true,"href":"https:\/\/blogs.diariosur.es\/tormentas-y-rayos\/wp-json\/wp\/v2\/tags?post=4537"}],"curies":[{"name":"wp","href":"https:\/\/api.w.org\/{rel}","templated":true}]}}