{"id":45377,"date":"2025-07-09T07:50:03","date_gmt":"2025-07-09T05:50:03","guid":{"rendered":"https:\/\/blogs.diariosur.es\/tormentas-y-rayos\/?p=45377"},"modified":"2025-10-04T11:19:37","modified_gmt":"2025-10-04T09:19:37","slug":"aprovechar-el-agua-calentita-28-oc-que-el-fin-de-semana-se-noche-torrida-en-malaga-capital","status":"publish","type":"post","link":"https:\/\/blogs.diariosur.es\/tormentas-y-rayos\/2025\/07\/09\/aprovechar-el-agua-calentita-28-oc-que-el-fin-de-semana-se-noche-torrida-en-malaga-capital\/","title":{"rendered":"Aprovechar el agua calentita (28 \u00baC), que el fin de semana se&#8230;. Noche t\u00f3rrida en M\u00e1laga capital."},"content":{"rendered":"<p><a href=\"https:\/\/static-blogs.diariosur.es\/wp-content\/uploads\/sites\/12\/2025\/07\/72999690_10217709542349272_7908844429161529344_n.jpg\"><img loading=\"lazy\" class=\"aligncenter size-thumbnail wp-image-45292\" src=\"https:\/\/static-blogs.diariosur.es\/wp-content\/uploads\/sites\/12\/2025\/07\/72999690_10217709542349272_7908844429161529344_n-150x150.jpg\" alt=\"\" width=\"150\" height=\"150\" \/><\/a><\/p>\n<p>Buenos d\u00edas, amigos de la meteo. Cuando son las siete menos cuarto de la ma\u00f1ana en M\u00e1laga capital, mi estaci\u00f3n registra 25,6 \u00baC, los cielos est\u00e1n nubosos, la humedad ronda el 80 % y el viento sopla flojo de sureste.<\/p>\n<p>Os pongo un video de las nubes bajas que afectan a M\u00e1laga capital.<\/p>\n<p>&nbsp;<\/p>\n<p><iframe loading=\"lazy\" title=\"Nubes bajas de levante, hoy 9 de julio en M\u00e1laga capital\" width=\"500\" height=\"281\" src=\"https:\/\/www.youtube.com\/embed\/E6qKYN8RRgs?feature=oembed\" frameborder=\"0\" allow=\"accelerometer; autoplay; clipboard-write; encrypted-media; gyroscope; picture-in-picture; web-share\" referrerpolicy=\"strict-origin-when-cross-origin\" allowfullscreen><\/iframe><\/p>\n<p>&nbsp;<\/p>\n<p data-pm-slice=\"1 1 []\">Las tres estaciones de la Aemet de M\u00e1laga capital no han bajado de los 26 \u00baC; nuevamente hemos tenido una noche y madrugada t\u00f3rrida. En V\u00e9lez M\u00e1laga, Rinc\u00f3n de la Victoria, Torremolinos y Marbella tambi\u00e9n han sufrido estas temperaturas.<\/p>\n<h3>Aprovechar el agua calentita (28 \u00baC), que el fin de semana se&#8230;<\/h3>\n<p>Si no pongo el t\u00edtulo del post as\u00ed, muchos no entran y solo leen el encabezado.<\/p>\n<p>Ayer martes nuevamente batimos el extremo absoluto de temperatura m\u00e1s alta del agua del mar en M\u00e1laga capital; llegamos a los 28 \u00baC; el anterior r\u00e9cord estaba en julio de 2015 con 27,7 \u00baC.<\/p>\n<p><a href=\"https:\/\/blogs.diariosur.es\/tormentas-y-rayos\/2025\/07\/07\/temperaturas-extremas-del-agua-del-mar-en-malaga-capital-desde-hace-40-anos\/\"><strong> En lo que va de a\u00f1o lo hemos batido tambi\u00e9n en mayo y junio.<\/strong><\/a><\/p>\n<p>&nbsp;<\/p>\n<p><a href=\"https:\/\/static-blogs.diariosur.es\/wp-content\/uploads\/sites\/12\/2025\/07\/Screenshot_20250708_215750_Chrome-e1752005127563.jpg\"><img loading=\"lazy\" class=\"aligncenter size-full wp-image-45382\" src=\"https:\/\/static-blogs.diariosur.es\/wp-content\/uploads\/sites\/12\/2025\/07\/Screenshot_20250708_215750_Chrome-e1752005127563.jpg\" alt=\"\" width=\"1100\" height=\"1054\" \/><\/a><\/p>\n<p data-pm-slice=\"1 1 []\">Aprovechar el agua caliente que tenemos en toda la costa, porque el s\u00e1bado y el domingo puede rondar los 18\u00b0C. La formaci\u00f3n de una dana puede traer viento de poniente con rachas fuertes a todo el litoral malague\u00f1o el viernes y s\u00e1bado.<\/p>\n<p>Ma\u00f1ana veremos c\u00f3mo afectar\u00e1 la DANA a Andaluc\u00eda y sobre todo a la provincia malague\u00f1a en cuanto a temperatura.<\/p>\n<p>&nbsp;<\/p>\n<p>&nbsp;<\/p>\n","protected":false},"excerpt":{"rendered":"<p>Buenos d\u00edas, amigos de la meteo. Cuando son las siete menos cuarto de la ma\u00f1ana en M\u00e1laga capital, mi estaci\u00f3n registra 25,6 \u00baC, los cielos est\u00e1n nubosos, la humedad ronda el 80 % y el viento sopla flojo de sureste. Os pongo un video de las nubes bajas que afectan a M\u00e1laga capital. &nbsp; &nbsp; [&hellip;]<\/p>\n","protected":false},"author":16,"featured_media":45384,"comment_status":"open","ping_status":"open","sticky":false,"template":"","format":"standard","meta":[],"categories":[2],"tags":[100,358,440,587,791,800,840,975,1059],"_links":{"self":[{"href":"https:\/\/blogs.diariosur.es\/tormentas-y-rayos\/wp-json\/wp\/v2\/posts\/45377"}],"collection":[{"href":"https:\/\/blogs.diariosur.es\/tormentas-y-rayos\/wp-json\/wp\/v2\/posts"}],"about":[{"href":"https:\/\/blogs.diariosur.es\/tormentas-y-rayos\/wp-json\/wp\/v2\/types\/post"}],"author":[{"embeddable":true,"href":"https:\/\/blogs.diariosur.es\/tormentas-y-rayos\/wp-json\/wp\/v2\/users\/16"}],"replies":[{"embeddable":true,"href":"https:\/\/blogs.diariosur.es\/tormentas-y-rayos\/wp-json\/wp\/v2\/comments?post=45377"}],"version-history":[{"count":6,"href":"https:\/\/blogs.diariosur.es\/tormentas-y-rayos\/wp-json\/wp\/v2\/posts\/45377\/revisions"}],"predecessor-version":[{"id":46540,"href":"https:\/\/blogs.diariosur.es\/tormentas-y-rayos\/wp-json\/wp\/v2\/posts\/45377\/revisions\/46540"}],"wp:featuredmedia":[{"embeddable":true,"href":"https:\/\/blogs.diariosur.es\/tormentas-y-rayos\/wp-json\/wp\/v2\/media\/45384"}],"wp:attachment":[{"href":"https:\/\/blogs.diariosur.es\/tormentas-y-rayos\/wp-json\/wp\/v2\/media?parent=45377"}],"wp:term":[{"taxonomy":"category","embeddable":true,"href":"https:\/\/blogs.diariosur.es\/tormentas-y-rayos\/wp-json\/wp\/v2\/categories?post=45377"},{"taxonomy":"post_tag","embeddable":true,"href":"https:\/\/blogs.diariosur.es\/tormentas-y-rayos\/wp-json\/wp\/v2\/tags?post=45377"}],"curies":[{"name":"wp","href":"https:\/\/api.w.org\/{rel}","templated":true}]}}