{"id":45388,"date":"2025-07-10T07:48:13","date_gmt":"2025-07-10T05:48:13","guid":{"rendered":"https:\/\/blogs.diariosur.es\/tormentas-y-rayos\/?p=45388"},"modified":"2025-10-04T11:16:39","modified_gmt":"2025-10-04T09:16:39","slug":"llega-el-terral-malagueno-que-temperaturas-alcanzaremos","status":"publish","type":"post","link":"https:\/\/blogs.diariosur.es\/tormentas-y-rayos\/2025\/07\/10\/llega-el-terral-malagueno-que-temperaturas-alcanzaremos\/","title":{"rendered":"Llega el terral malague\u00f1o. \u00bfQu\u00e9 temperaturas alcanzaremos? Aviso amarillo por fen\u00f3menos costeros"},"content":{"rendered":"<p><a href=\"https:\/\/static-blogs.diariosur.es\/wp-content\/uploads\/sites\/12\/2025\/07\/72999690_10217709542349272_7908844429161529344_n.jpg\"><img loading=\"lazy\" class=\"aligncenter size-thumbnail wp-image-45292\" src=\"https:\/\/static-blogs.diariosur.es\/wp-content\/uploads\/sites\/12\/2025\/07\/72999690_10217709542349272_7908844429161529344_n-150x150.jpg\" alt=\"\" width=\"150\" height=\"150\" \/><\/a><\/p>\n<p data-pm-slice=\"1 1 []\">Buenos d\u00edas, amigos de la meteo. Cuando son las siete de la ma\u00f1ana en M\u00e1laga capital, mi estaci\u00f3n registra 25,4 \u00b0C, los cielos est\u00e1n poco nubosos, la humedad ronda el 88% y el viento sopla flojo de direcci\u00f3n variable. Nuevamente hemos tenido una noche y madrugada t\u00f3rrida en las tres estaciones de la Aemet de M\u00e1laga capital; en la provincia, destacar tambi\u00e9n V\u00e9lez M\u00e1laga y Marbella. En otras zonas de la provincia malague\u00f1a, la noche y madrugada han sido tropicales.<\/p>\n<p>Reedito aviso amarillo por fen\u00f3menos costeros en la costa malague\u00f1a para ma\u00f1ana viernes y el s\u00e1bado. Viento del oeste y suroeste de 50 km\/h (fuerza 7) y olas de 2 m.<\/p>\n<h3><strong>Llega el terral malague\u00f1o. \u00bfQu\u00e9 temperaturas alcanzaremos?<\/strong><\/h3>\n<p>Por favor, leer la explicaci\u00f3n.<\/p>\n<p>Primeramente, os explico que el cambio de viento se debe a una dana, que pod\u00e9is ver en este mapa a 500 hpa del modelo europeo previsto para ma\u00f1ana. La probabilidad de tormentas en Andaluc\u00eda es baja.<\/p>\n<p>&nbsp;<\/p>\n<p>&nbsp;<\/p>\n<p>&nbsp;<\/p>\n<p><a href=\"https:\/\/static-blogs.diariosur.es\/wp-content\/uploads\/sites\/12\/2025\/07\/dana.jpg\"><img loading=\"lazy\" class=\"aligncenter size-full wp-image-45394\" src=\"https:\/\/static-blogs.diariosur.es\/wp-content\/uploads\/sites\/12\/2025\/07\/dana.jpg\" alt=\"\" width=\"1165\" height=\"1162\" srcset=\"https:\/\/static-blogs.diariosur.es\/wp-content\/uploads\/sites\/12\/2025\/07\/dana.jpg 1165w, https:\/\/static-blogs.diariosur.es\/wp-content\/uploads\/sites\/12\/2025\/07\/dana-401x400.jpg 401w, https:\/\/static-blogs.diariosur.es\/wp-content\/uploads\/sites\/12\/2025\/07\/dana-409x408.jpg 409w, https:\/\/static-blogs.diariosur.es\/wp-content\/uploads\/sites\/12\/2025\/07\/dana-150x150.jpg 150w, https:\/\/static-blogs.diariosur.es\/wp-content\/uploads\/sites\/12\/2025\/07\/dana-768x766.jpg 768w\" sizes=\"(max-width: 1165px) 100vw, 1165px\" \/><\/a><\/p>\n<p>&nbsp;<\/p>\n<p>Esta dana trae consigo una masa de aire fresca que afectar\u00e1 toda Andaluc\u00eda ma\u00f1ana viernes, y sobre todo el s\u00e1bado. Os pongo el mapa de anomal\u00edas de temperatura a 850 hpa, fijaros en el s\u00e1bado en las anomal\u00edas y la temperatura a 850 hpa..<\/p>\n<p>&nbsp;<\/p>\n<p>&nbsp;<\/p>\n<p><a href=\"https:\/\/static-blogs.diariosur.es\/wp-content\/uploads\/sites\/12\/2025\/07\/a1-1.jpg\"><img loading=\"lazy\" class=\"aligncenter size-full wp-image-45395\" src=\"https:\/\/static-blogs.diariosur.es\/wp-content\/uploads\/sites\/12\/2025\/07\/a1-1.jpg\" alt=\"\" width=\"1161\" height=\"1165\" srcset=\"https:\/\/static-blogs.diariosur.es\/wp-content\/uploads\/sites\/12\/2025\/07\/a1-1.jpg 1161w, https:\/\/static-blogs.diariosur.es\/wp-content\/uploads\/sites\/12\/2025\/07\/a1-1-399x400.jpg 399w, https:\/\/static-blogs.diariosur.es\/wp-content\/uploads\/sites\/12\/2025\/07\/a1-1-407x408.jpg 407w, https:\/\/static-blogs.diariosur.es\/wp-content\/uploads\/sites\/12\/2025\/07\/a1-1-150x150.jpg 150w, https:\/\/static-blogs.diariosur.es\/wp-content\/uploads\/sites\/12\/2025\/07\/a1-1-768x771.jpg 768w\" sizes=\"(max-width: 1161px) 100vw, 1161px\" \/><\/a><\/p>\n<p>&nbsp;<\/p>\n<p><a href=\"https:\/\/static-blogs.diariosur.es\/wp-content\/uploads\/sites\/12\/2025\/07\/a2.jpg\"><img loading=\"lazy\" class=\"aligncenter size-full wp-image-45396\" src=\"https:\/\/static-blogs.diariosur.es\/wp-content\/uploads\/sites\/12\/2025\/07\/a2.jpg\" alt=\"\" width=\"1147\" height=\"1162\" srcset=\"https:\/\/static-blogs.diariosur.es\/wp-content\/uploads\/sites\/12\/2025\/07\/a2.jpg 1147w, https:\/\/static-blogs.diariosur.es\/wp-content\/uploads\/sites\/12\/2025\/07\/a2-395x400.jpg 395w, https:\/\/static-blogs.diariosur.es\/wp-content\/uploads\/sites\/12\/2025\/07\/a2-403x408.jpg 403w, https:\/\/static-blogs.diariosur.es\/wp-content\/uploads\/sites\/12\/2025\/07\/a2-768x778.jpg 768w\" sizes=\"(max-width: 1147px) 100vw, 1147px\" \/><\/a><\/p>\n<p>&nbsp;<\/p>\n<p>&nbsp;<\/p>\n<p><a href=\"https:\/\/static-blogs.diariosur.es\/wp-content\/uploads\/sites\/12\/2025\/07\/Captura-de-pantalla-2025-07-10-064635.jpg\"><img loading=\"lazy\" class=\"aligncenter size-full wp-image-45397\" src=\"https:\/\/static-blogs.diariosur.es\/wp-content\/uploads\/sites\/12\/2025\/07\/Captura-de-pantalla-2025-07-10-064635.jpg\" alt=\"\" width=\"1152\" height=\"1167\" srcset=\"https:\/\/static-blogs.diariosur.es\/wp-content\/uploads\/sites\/12\/2025\/07\/Captura-de-pantalla-2025-07-10-064635.jpg 1152w, https:\/\/static-blogs.diariosur.es\/wp-content\/uploads\/sites\/12\/2025\/07\/Captura-de-pantalla-2025-07-10-064635-395x400.jpg 395w, https:\/\/static-blogs.diariosur.es\/wp-content\/uploads\/sites\/12\/2025\/07\/Captura-de-pantalla-2025-07-10-064635-403x408.jpg 403w, https:\/\/static-blogs.diariosur.es\/wp-content\/uploads\/sites\/12\/2025\/07\/Captura-de-pantalla-2025-07-10-064635-768x778.jpg 768w\" sizes=\"(max-width: 1152px) 100vw, 1152px\" \/><\/a><\/p>\n<p>&nbsp;<\/p>\n<p data-pm-slice=\"1 1 []\">Dicho esto, el terral que nos afectar\u00e1 ma\u00f1ana a las zonas habituales de la provincia y sobre todo el s\u00e1bado ser\u00e1 con temperaturas no muy altas, humedad baja y rachas de viento de moderadas a fuertes. Los modelos prev\u00e9n para ma\u00f1ana temperaturas m\u00e1ximas que rondar\u00e1n entre los 34 y 36 \u00baC, siendo el Valle del Guadalhorce donde se alcancen m\u00e1ximas m\u00e1s altas. En la capital, en algunos momentos tendremos poniente aterralado; la m\u00e1xima puede sobrepasar los 34 \u00baC y acercarse a los 36 en Campanillas, Churriana, Aeropuerto y Teatinos. En la Axarqu\u00eda, entre los 34 y 35 \u00baC.\u00a0 De momento, la Aemet no ha activado el aviso amarillo por altas temperaturas; ya sab\u00e9is que el umbral es a partir de 36 \u00baC.<\/p>\n<p><strong>El s\u00e1bado,<\/strong> aunque tengamos terral, ser\u00e1 m\u00e1s suave a\u00fan en cuanto a temperaturas. Seguiremos con rachas fuertes de viento en toda la costa; esto har\u00e1 que la temperatura del agua del mar baje bastante; el domingo puede rondar los 18 y 19 \u00baC.<\/p>\n<p>Os pongo las temperaturas m\u00e1ximas y m\u00ednimas que prev\u00e9 la Aemet en la provincia de M\u00e1laga. En las comarcas de Ronda y Antequera no llegar\u00e1n a los 30 \u00baC.<\/p>\n<p>&nbsp;<\/p>\n<p><a href=\"https:\/\/static-blogs.diariosur.es\/wp-content\/uploads\/sites\/12\/2025\/07\/tt.jpg\"><img loading=\"lazy\" class=\"aligncenter size-full wp-image-45398\" src=\"https:\/\/static-blogs.diariosur.es\/wp-content\/uploads\/sites\/12\/2025\/07\/tt.jpg\" alt=\"\" width=\"1051\" height=\"814\" srcset=\"https:\/\/static-blogs.diariosur.es\/wp-content\/uploads\/sites\/12\/2025\/07\/tt.jpg 1051w, https:\/\/static-blogs.diariosur.es\/wp-content\/uploads\/sites\/12\/2025\/07\/tt-516x400.jpg 516w, https:\/\/static-blogs.diariosur.es\/wp-content\/uploads\/sites\/12\/2025\/07\/tt-527x408.jpg 527w, https:\/\/static-blogs.diariosur.es\/wp-content\/uploads\/sites\/12\/2025\/07\/tt-768x595.jpg 768w\" sizes=\"(max-width: 1051px) 100vw, 1051px\" \/><\/a><\/p>\n<p>&nbsp;<\/p>\n<p>La previsi\u00f3n del domingo la dar\u00e9 ma\u00f1ana con los modelos actualizados, es muy probable que se quite el terral.<\/p>\n<p>Nos vemos ma\u00f1ana.<\/p>\n","protected":false},"excerpt":{"rendered":"<p>Buenos d\u00edas, amigos de la meteo. Cuando son las siete de la ma\u00f1ana en M\u00e1laga capital, mi estaci\u00f3n registra 25,4 \u00b0C, los cielos est\u00e1n poco nubosos, la humedad ronda el 88% y el viento sopla flojo de direcci\u00f3n variable. Nuevamente hemos tenido una noche y madrugada t\u00f3rrida en las tres estaciones de la Aemet de [&hellip;]<\/p>\n","protected":false},"author":16,"featured_media":44947,"comment_status":"open","ping_status":"open","sticky":false,"template":"","format":"standard","meta":[],"categories":[2],"tags":[81,94,151,212,358,587,962,975],"_links":{"self":[{"href":"https:\/\/blogs.diariosur.es\/tormentas-y-rayos\/wp-json\/wp\/v2\/posts\/45388"}],"collection":[{"href":"https:\/\/blogs.diariosur.es\/tormentas-y-rayos\/wp-json\/wp\/v2\/posts"}],"about":[{"href":"https:\/\/blogs.diariosur.es\/tormentas-y-rayos\/wp-json\/wp\/v2\/types\/post"}],"author":[{"embeddable":true,"href":"https:\/\/blogs.diariosur.es\/tormentas-y-rayos\/wp-json\/wp\/v2\/users\/16"}],"replies":[{"embeddable":true,"href":"https:\/\/blogs.diariosur.es\/tormentas-y-rayos\/wp-json\/wp\/v2\/comments?post=45388"}],"version-history":[{"count":12,"href":"https:\/\/blogs.diariosur.es\/tormentas-y-rayos\/wp-json\/wp\/v2\/posts\/45388\/revisions"}],"predecessor-version":[{"id":46538,"href":"https:\/\/blogs.diariosur.es\/tormentas-y-rayos\/wp-json\/wp\/v2\/posts\/45388\/revisions\/46538"}],"wp:featuredmedia":[{"embeddable":true,"href":"https:\/\/blogs.diariosur.es\/tormentas-y-rayos\/wp-json\/wp\/v2\/media\/44947"}],"wp:attachment":[{"href":"https:\/\/blogs.diariosur.es\/tormentas-y-rayos\/wp-json\/wp\/v2\/media?parent=45388"}],"wp:term":[{"taxonomy":"category","embeddable":true,"href":"https:\/\/blogs.diariosur.es\/tormentas-y-rayos\/wp-json\/wp\/v2\/categories?post=45388"},{"taxonomy":"post_tag","embeddable":true,"href":"https:\/\/blogs.diariosur.es\/tormentas-y-rayos\/wp-json\/wp\/v2\/tags?post=45388"}],"curies":[{"name":"wp","href":"https:\/\/api.w.org\/{rel}","templated":true}]}}