{"id":45401,"date":"2025-07-10T12:53:51","date_gmt":"2025-07-10T10:53:51","guid":{"rendered":"https:\/\/blogs.diariosur.es\/tormentas-y-rayos\/?p=45401"},"modified":"2025-07-10T12:53:51","modified_gmt":"2025-07-10T10:53:51","slug":"ultima-hora-aviso-especial-tormentas-y-precipitaciones-intensas","status":"publish","type":"post","link":"https:\/\/blogs.diariosur.es\/tormentas-y-rayos\/2025\/07\/10\/ultima-hora-aviso-especial-tormentas-y-precipitaciones-intensas\/","title":{"rendered":"\u00daltima hora. Aviso especial. Tormentas y precipitaciones intensas."},"content":{"rendered":"<p><a href=\"https:\/\/static-blogs.diariosur.es\/wp-content\/uploads\/sites\/12\/2025\/07\/72999690_10217709542349272_7908844429161529344_n.jpg\"><img loading=\"lazy\" class=\"aligncenter size-thumbnail wp-image-45292\" src=\"https:\/\/static-blogs.diariosur.es\/wp-content\/uploads\/sites\/12\/2025\/07\/72999690_10217709542349272_7908844429161529344_n-150x150.jpg\" alt=\"\" width=\"150\" height=\"150\" \/><\/a><\/p>\n<p>Muy buenas tardes, amigos de la meteo. La aemet acaba de sacar un aviso especial por tormentas y precipitaciones intensas. Antes de poneros el comunicado os vuelvo a poner el post de esta ma\u00f1ana.<\/p>\n<h3 class=\"voc-blogs-section\"><a href=\"https:\/\/blogs.diariosur.es\/tormentas-y-rayos\/2025\/07\/10\/llega-el-terral-malagueno-que-temperaturas-alcanzaremos\/\"><strong>Llega el terral malague\u00f1o. \u00bfQu\u00e9 temperaturas alcanzaremos?<\/strong><\/a><\/h3>\n<p>Os paso el comunicado. Mucha precauci\u00f3n si vais por estas zonas del aviso especial.<\/p>\n<div class=\"texto_normal\">\n<h4 class=\"my-1\">Fen\u00f3meno meteorol\u00f3gico:<\/h4>\n<p>Tormentas y precipitaciones intensas.<\/p>\n<\/div>\n<div class=\"texto_normal\">\n<h4 class=\"my-1\">\u00c1mbito geogr\u00e1fico:<\/h4>\n<p>Mitad norte y tercio este peninsular.<\/p>\n<\/div>\n<div class=\"texto_normal\">\n<h4 class=\"my-1\">Comienzo de la situaci\u00f3n:<\/h4>\n<p>Viernes 11.<\/p>\n<\/div>\n<div class=\"texto_normal\">\n<h4 class=\"my-1\">Duraci\u00f3n:<\/h4>\n<p>Hasta el s\u00e1bado 12<\/p>\n<\/div>\n<div class=\"texto_normal\">\n<h4 class=\"my-1\">Grado de probabilidad:<\/h4>\n<p>Muy alto (superior al 70%)<\/p>\n<h4 class=\"my-1\">Descripci\u00f3n de la situaci\u00f3n meteorol\u00f3gica:<\/h4>\n<p>Una dana (depresi\u00f3n aislada en niveles altos) situada hoy, jueves, al oeste de la Pen\u00ednsula, penetrar\u00e1 ma\u00f1ana por el noroeste peninsular, inestabilizando el ambiente y dando lugar a tormentas de elevada adversidad en la mitad norte y tercio este de nuestro territorio, acompa\u00f1adas localmente de granizo grande, rachas muy fuertes de viento y chubascos muy fuertes. Resaltar que, aunque el escenario descrito es bastante probable, la incertidumbre inherente a este tipo de perturbaciones hace dif\u00edcil precisar con exactitud las zonas donde se producir\u00e1 un mayor impacto.<\/p>\n<p>Ma\u00f1ana, viernes 11, se espera que las tormentas comiencen a crecer a partir de la tarde en el entorno de la cordillera Cant\u00e1brica y el sistema Ib\u00e9rico, desplaz\u00e1ndose posteriormente hacia el norte o nordeste. Las zonas con mayor potencial de adversidad, en relaci\u00f3n a la probabilidad de ocurrencia de granizo superior a 2 cm, chubascos que acumulen hasta 30-40 mm en una hora y rachas muy fuertes de viento, son el Cant\u00e1brico oriental, Navarra, La Rioja y Arag\u00f3n, aunque tambi\u00e9n son posibles en puntos del norte de Castilla y Le\u00f3n, Asturias y Pirineos. Mencionar por otro lado que es probable que localmente las tormentas se puedan regenerar sobre una misma zona, dando lugar a precipitaciones persistentes que den lugar a acumulados significativos. De forma menos intensa tambi\u00e9n ser\u00e1n probables este d\u00eda las tormentas en puntos del tercio este peninsular.<\/p>\n<p>El s\u00e1bado 12 es probable que la dana se desplace hacia el este por la mitad norte peninsular, traslad\u00e1ndose la zona de mayor inestabilidad al cuadrante nordeste. De esta forma las comunidades m\u00e1s afectadas por las tormentas m\u00e1s intensas, y sus fen\u00f3menos adversos asociados, ser\u00edan de nuevo Arag\u00f3n y, especialmente este d\u00eda, Catalu\u00f1a. En cualquier caso, de forma m\u00e1s local, tambi\u00e9n podremos tener tormentas significativas en puntos de la Comunidad Valenciana, Navarra, La Rioja, Cant\u00e1brico oriental y este de Castilla y Le\u00f3n, y sin poder descartarlas en Baleares.<\/p>\n<p>&nbsp;<\/p>\n<p>Adem\u00e1s, con el discurrir de la dana por nuestro territorio penetrar\u00e1 una masa de aire m\u00e1s fresca que, unido a la presencia de mayor nubosidad, ocasionar\u00e1 un descenso generalizado, y localmente notable, de las temperaturas, produci\u00e9ndose el mismo en la mitad oeste durante el viernes y en la mitad este el s\u00e1bado.<\/p>\n<p>Finalmente, el domingo 13 se espera que la dana abandone la Pen\u00ednsula y sea reemplazada por una dorsal atl\u00e1ntica que favorecer\u00eda un incremento de la estabilidad, d\u00e1ndose por finalizado el episodio.<\/p>\n<p>Os dejo con esta foto de las tormentas que afectaron hace unos d\u00edas a Madrid. Autor de las fotos, mi amigo Alberto Lunas.<\/p>\n<p>&nbsp;<\/p>\n<\/div>\n<p><a href=\"https:\/\/static-blogs.diariosur.es\/wp-content\/uploads\/sites\/12\/2025\/07\/514344305_10234163468680642_2426838385706716702_n-e1752144600260.jpg\"><img loading=\"lazy\" class=\"aligncenter size-full wp-image-45402\" src=\"https:\/\/static-blogs.diariosur.es\/wp-content\/uploads\/sites\/12\/2025\/07\/514344305_10234163468680642_2426838385706716702_n-e1752144600260.jpg\" alt=\"\" width=\"1000\" height=\"667\" \/><\/a><\/p>\n<p>&nbsp;<\/p>\n<p><a href=\"https:\/\/static-blogs.diariosur.es\/wp-content\/uploads\/sites\/12\/2025\/07\/514352764_10234163454360284_497649497799131496_n-e1752144630350.jpg\"><img loading=\"lazy\" class=\"aligncenter size-full wp-image-45403\" src=\"https:\/\/static-blogs.diariosur.es\/wp-content\/uploads\/sites\/12\/2025\/07\/514352764_10234163454360284_497649497799131496_n-e1752144630350.jpg\" alt=\"\" width=\"1000\" height=\"667\" \/><\/a><\/p>\n<p>&nbsp;<\/p>\n<p>&nbsp;<\/p>\n","protected":false},"excerpt":{"rendered":"<p>Muy buenas tardes, amigos de la meteo. La aemet acaba de sacar un aviso especial por tormentas y precipitaciones intensas. Antes de poneros el comunicado os vuelvo a poner el post de esta ma\u00f1ana. Llega el terral malague\u00f1o. \u00bfQu\u00e9 temperaturas alcanzaremos? Os paso el comunicado. Mucha precauci\u00f3n si vais por estas zonas del aviso especial. [&hellip;]<\/p>\n","protected":false},"author":16,"featured_media":45402,"comment_status":"open","ping_status":"open","sticky":false,"template":"","format":"standard","meta":[],"categories":[2],"tags":[151,376,485,996,1028],"_links":{"self":[{"href":"https:\/\/blogs.diariosur.es\/tormentas-y-rayos\/wp-json\/wp\/v2\/posts\/45401"}],"collection":[{"href":"https:\/\/blogs.diariosur.es\/tormentas-y-rayos\/wp-json\/wp\/v2\/posts"}],"about":[{"href":"https:\/\/blogs.diariosur.es\/tormentas-y-rayos\/wp-json\/wp\/v2\/types\/post"}],"author":[{"embeddable":true,"href":"https:\/\/blogs.diariosur.es\/tormentas-y-rayos\/wp-json\/wp\/v2\/users\/16"}],"replies":[{"embeddable":true,"href":"https:\/\/blogs.diariosur.es\/tormentas-y-rayos\/wp-json\/wp\/v2\/comments?post=45401"}],"version-history":[{"count":1,"href":"https:\/\/blogs.diariosur.es\/tormentas-y-rayos\/wp-json\/wp\/v2\/posts\/45401\/revisions"}],"predecessor-version":[{"id":45406,"href":"https:\/\/blogs.diariosur.es\/tormentas-y-rayos\/wp-json\/wp\/v2\/posts\/45401\/revisions\/45406"}],"wp:featuredmedia":[{"embeddable":true,"href":"https:\/\/blogs.diariosur.es\/tormentas-y-rayos\/wp-json\/wp\/v2\/media\/45402"}],"wp:attachment":[{"href":"https:\/\/blogs.diariosur.es\/tormentas-y-rayos\/wp-json\/wp\/v2\/media?parent=45401"}],"wp:term":[{"taxonomy":"category","embeddable":true,"href":"https:\/\/blogs.diariosur.es\/tormentas-y-rayos\/wp-json\/wp\/v2\/categories?post=45401"},{"taxonomy":"post_tag","embeddable":true,"href":"https:\/\/blogs.diariosur.es\/tormentas-y-rayos\/wp-json\/wp\/v2\/tags?post=45401"}],"curies":[{"name":"wp","href":"https:\/\/api.w.org\/{rel}","templated":true}]}}