{"id":45410,"date":"2025-07-11T18:55:38","date_gmt":"2025-07-11T16:55:38","guid":{"rendered":"https:\/\/blogs.diariosur.es\/tormentas-y-rayos\/?p=45410"},"modified":"2025-10-04T11:13:18","modified_gmt":"2025-10-04T09:13:18","slug":"la-magia-del-poniente-aterralado-en-malaga-capital","status":"publish","type":"post","link":"https:\/\/blogs.diariosur.es\/tormentas-y-rayos\/2025\/07\/11\/la-magia-del-poniente-aterralado-en-malaga-capital\/","title":{"rendered":"La magia del poniente aterralado en M\u00e1laga capital"},"content":{"rendered":"<p><a href=\"https:\/\/static-blogs.diariosur.es\/wp-content\/uploads\/sites\/12\/2025\/07\/72999690_10217709542349272_7908844429161529344_n.jpg\"><img loading=\"lazy\" class=\"aligncenter size-thumbnail wp-image-45292\" src=\"https:\/\/static-blogs.diariosur.es\/wp-content\/uploads\/sites\/12\/2025\/07\/72999690_10217709542349272_7908844429161529344_n-150x150.jpg\" alt=\"\" width=\"150\" height=\"150\" \/><\/a><\/p>\n<p>&nbsp;<\/p>\n<p data-pm-slice=\"1 1 []\">Buenas tardes, amigos de la meteo. Esta ma\u00f1ana, cuando estaba sobre las 10:30 en el Balneario de los Ba\u00f1os del Carmen, dando la predicci\u00f3n del tiempo en el Ptv, le comentaba a Marta lo bien que est\u00e1bamos al lado del mar con la temperatura tan agradable. En el balneario y playas del Palo los socorristas pusieron la bandera amarilla por olas. A Marta le expliqu\u00e9 que ten\u00edamos poniente aterralado, es decir, el terral va por barrios en la capital. Desde el Balneario se ve perfectamente cuando es poniente aterralado; solo hay que mirar de frente hacia M\u00e1laga y se ve claramente el porqu\u00e9 por la orograf\u00eda de la costa. En la zona del Palo e incluso la Malagueta, el poniente entra del mar; en el Aeropuerto, Teatinos, Churriana, Campanillas y otros barrios de M\u00e1laga, es m\u00e1s de tierra, con lo cual sube la temperatura.<\/p>\n<p>Os pongo las gr\u00e1ficas de las tres estaciones de la Aemet en M\u00e1laga capital para que ve\u00e1is la diferencia de temperaturas. La m\u00e1xima se ha dado en el Centro Meteorol\u00f3gico con <strong>36,8 \u00baC.<\/strong><\/p>\n<p>&nbsp;<\/p>\n<p><a href=\"https:\/\/static-blogs.diariosur.es\/wp-content\/uploads\/sites\/12\/2025\/07\/c-e1752252426819.jpg\"><img loading=\"lazy\" class=\"aligncenter size-full wp-image-45411\" src=\"https:\/\/static-blogs.diariosur.es\/wp-content\/uploads\/sites\/12\/2025\/07\/c-e1752252426819.jpg\" alt=\"\" width=\"1200\" height=\"541\" \/><\/a><\/p>\n<p>&nbsp;<\/p>\n<p><a href=\"https:\/\/static-blogs.diariosur.es\/wp-content\/uploads\/sites\/12\/2025\/07\/p-e1752252493503.jpg\"><img loading=\"lazy\" class=\"aligncenter size-full wp-image-45413\" src=\"https:\/\/static-blogs.diariosur.es\/wp-content\/uploads\/sites\/12\/2025\/07\/p-e1752252493503.jpg\" alt=\"\" width=\"1200\" height=\"549\" \/><\/a><\/p>\n<p>&nbsp;<\/p>\n<p><a href=\"https:\/\/static-blogs.diariosur.es\/wp-content\/uploads\/sites\/12\/2025\/07\/aer-e1752252515600.jpg\"><img loading=\"lazy\" class=\"aligncenter size-full wp-image-45414\" src=\"https:\/\/static-blogs.diariosur.es\/wp-content\/uploads\/sites\/12\/2025\/07\/aer-e1752252515600.jpg\" alt=\"\" width=\"1200\" height=\"535\" \/><\/a><\/p>\n<p>&nbsp;<\/p>\n<p>&nbsp;<\/p>\n<p>Nos vemos ma\u00f1ana. <a href=\"https:\/\/blogs.diariosur.es\/tormentas-y-rayos\/2025\/07\/10\/llega-el-terral-malagueno-que-temperaturas-alcanzaremos\/\">AQUI PODEIS VER LA PREDICCI\u00d3N DEL FIN DE SEMANA\u00a0<\/a><\/p>\n<p>&nbsp;<\/p>\n","protected":false},"excerpt":{"rendered":"<p>&nbsp; Buenas tardes, amigos de la meteo. Esta ma\u00f1ana, cuando estaba sobre las 10:30 en el Balneario de los Ba\u00f1os del Carmen, dando la predicci\u00f3n del tiempo en el Ptv, le comentaba a Marta lo bien que est\u00e1bamos al lado del mar con la temperatura tan agradable. En el balneario y playas del Palo los [&hellip;]<\/p>\n","protected":false},"author":16,"featured_media":45415,"comment_status":"open","ping_status":"open","sticky":false,"template":"","format":"standard","meta":[],"categories":[2],"tags":[358,587,791,975],"_links":{"self":[{"href":"https:\/\/blogs.diariosur.es\/tormentas-y-rayos\/wp-json\/wp\/v2\/posts\/45410"}],"collection":[{"href":"https:\/\/blogs.diariosur.es\/tormentas-y-rayos\/wp-json\/wp\/v2\/posts"}],"about":[{"href":"https:\/\/blogs.diariosur.es\/tormentas-y-rayos\/wp-json\/wp\/v2\/types\/post"}],"author":[{"embeddable":true,"href":"https:\/\/blogs.diariosur.es\/tormentas-y-rayos\/wp-json\/wp\/v2\/users\/16"}],"replies":[{"embeddable":true,"href":"https:\/\/blogs.diariosur.es\/tormentas-y-rayos\/wp-json\/wp\/v2\/comments?post=45410"}],"version-history":[{"count":2,"href":"https:\/\/blogs.diariosur.es\/tormentas-y-rayos\/wp-json\/wp\/v2\/posts\/45410\/revisions"}],"predecessor-version":[{"id":46537,"href":"https:\/\/blogs.diariosur.es\/tormentas-y-rayos\/wp-json\/wp\/v2\/posts\/45410\/revisions\/46537"}],"wp:featuredmedia":[{"embeddable":true,"href":"https:\/\/blogs.diariosur.es\/tormentas-y-rayos\/wp-json\/wp\/v2\/media\/45415"}],"wp:attachment":[{"href":"https:\/\/blogs.diariosur.es\/tormentas-y-rayos\/wp-json\/wp\/v2\/media?parent=45410"}],"wp:term":[{"taxonomy":"category","embeddable":true,"href":"https:\/\/blogs.diariosur.es\/tormentas-y-rayos\/wp-json\/wp\/v2\/categories?post=45410"},{"taxonomy":"post_tag","embeddable":true,"href":"https:\/\/blogs.diariosur.es\/tormentas-y-rayos\/wp-json\/wp\/v2\/tags?post=45410"}],"curies":[{"name":"wp","href":"https:\/\/api.w.org\/{rel}","templated":true}]}}