{"id":45418,"date":"2025-07-13T08:42:25","date_gmt":"2025-07-13T06:42:25","guid":{"rendered":"https:\/\/blogs.diariosur.es\/tormentas-y-rayos\/?p=45418"},"modified":"2025-10-04T11:12:16","modified_gmt":"2025-10-04T09:12:16","slug":"impresionante-bajada-de-temperatura-del-agua-del-mar-en-malaga-hoy-podemos-enterrar-el-melon-y-la-sandia","status":"publish","type":"post","link":"https:\/\/blogs.diariosur.es\/tormentas-y-rayos\/2025\/07\/13\/impresionante-bajada-de-temperatura-del-agua-del-mar-en-malaga-hoy-podemos-enterrar-el-melon-y-la-sandia\/","title":{"rendered":"Impresionante bajada de temperatura del agua del mar en M\u00e1laga. Hoy podemos enterrar el mel\u00f3n y la sandia."},"content":{"rendered":"<p><a href=\"https:\/\/static-blogs.diariosur.es\/wp-content\/uploads\/sites\/12\/2025\/07\/72999690_10217709542349272_7908844429161529344_n.jpg\"><img loading=\"lazy\" class=\"aligncenter size-thumbnail wp-image-45292\" src=\"https:\/\/static-blogs.diariosur.es\/wp-content\/uploads\/sites\/12\/2025\/07\/72999690_10217709542349272_7908844429161529344_n-150x150.jpg\" alt=\"\" width=\"150\" height=\"150\" \/><\/a><\/p>\n<p>&nbsp;<\/p>\n<p data-pm-slice=\"1 1 []\">Buenos d\u00edas, amigos de la meteo. Las temperaturas m\u00e1s altas hoy domingo se registrar\u00e1n en el interior del Valle del Guadalhorce; en algunos puntos, como es el caso de \u00c1lora y Pizarra, rondar\u00e1n los 35 \u00baC; en la capital malague\u00f1a, entre los 29 y 31 \u00baC. En otras zonas de la provincia, entre los 26 y 30 \u00baC. <strong>No espero rachas fuertes de viento.<\/strong><\/p>\n<p>Comentaros tambi\u00e9n que se han dado por el interior y la costa unas temperaturas m\u00ednimas muy agradables. Fuente: Aemet, Meteoclimatic, Wunderground.<\/p>\n<p>Archidona Vega<strong> 11,2 \u00baC<\/strong><\/p>\n<p>Villanueva del Trabuco <strong>11 \u00baC<\/strong><\/p>\n<p>Villanueva del Rosario\u00a0<strong>12,2 \u00baC<\/strong><\/p>\n<p>Campillos 14 \u00baC<\/p>\n<p>El Burgo <strong>13,5 \u00baC<\/strong><\/p>\n<p>Yunquera <strong>12,6 \u00baC<\/strong><\/p>\n<p>Marbella 19 \u00b0C<\/p>\n<p>Estepona 18,4 \u00b0C<\/p>\n<p>Ronda 15,6 \u00b0C<\/p>\n<p>Alpandeire\u00a016,6 \u00baC<\/p>\n<p>Gauc\u00edn\u00a016 \u00baC<\/p>\n<p>Ronda\u00a015,6 \u00baC<\/p>\n<p>Nerja Las Palmeras 19,3 \u00baC<\/p>\n<p>Algarrobo 17,6 \u00b0C<\/p>\n<p>M\u00e1laga Centro Meteorol\u00f3gico 21,2 \u00baC<\/p>\n<h3>Impresionante bajada de temperatura del agua del mar en M\u00e1laga. Hoy podemos enterrar el mel\u00f3n y la sand\u00eda.<\/h3>\n<p>El jueves os comentaba que podr\u00eda bajar hasta 9 y 10 \u00b0C, pues han sido m\u00e1s, casi 11 \u00b0C. El martes pasado d\u00e1bamos el valor extremo de temperatura m\u00e1s alta desde que se tienen registros con <strong>28 \u00b0C<\/strong>; hoy domingo, <strong>17,2 \u00b0C.<\/strong><\/p>\n<p>&nbsp;<\/p>\n<p>&nbsp;<\/p>\n<p><a href=\"https:\/\/static-blogs.diariosur.es\/wp-content\/uploads\/sites\/12\/2025\/07\/z-2-e1752388906471.jpg\"><img loading=\"lazy\" class=\"aligncenter size-full wp-image-45429\" src=\"https:\/\/static-blogs.diariosur.es\/wp-content\/uploads\/sites\/12\/2025\/07\/z-2-e1752388906471.jpg\" alt=\"\" width=\"1100\" height=\"1099\" \/><\/a><\/p>\n<p>Esto no quiere decir que el Mar de Albor\u00e1n se haya quedado fr\u00edo, solo zonas cercanas a la costa malague\u00f1a por el efecto del viento de terral y el poniente. Mar adentro rondan los 26 \u00b0C, durante esta pr\u00f3xima semana ir\u00e1 subiendo poco a poco.<\/p>\n<p><strong>Aunque me da la corazonada que la segunda quincena de julio tendremos m\u00e1s terrales, es probable para el pr\u00f3ximo fin de semana.<\/strong><\/p>\n<p>Hoy podemos enterrar el mel\u00f3n y la sandia en la arena jijiii \u00bfos acord\u00e1is?<\/p>\n<p>&nbsp;<\/p>\n<p><a href=\"https:\/\/static-blogs.diariosur.es\/wp-content\/uploads\/sites\/12\/2025\/07\/518312050_10233574445441934_5795974912321083184_n-e1752385518839.jpg\"><img loading=\"lazy\" class=\"aligncenter size-full wp-image-45425\" src=\"https:\/\/static-blogs.diariosur.es\/wp-content\/uploads\/sites\/12\/2025\/07\/518312050_10233574445441934_5795974912321083184_n-e1752385518839.jpg\" alt=\"\" width=\"600\" height=\"1067\" \/><\/a><\/p>\n<p>&nbsp;<\/p>\n","protected":false},"excerpt":{"rendered":"<p>&nbsp; Buenos d\u00edas, amigos de la meteo. Las temperaturas m\u00e1s altas hoy domingo se registrar\u00e1n en el interior del Valle del Guadalhorce; en algunos puntos, como es el caso de \u00c1lora y Pizarra, rondar\u00e1n los 35 \u00baC; en la capital malague\u00f1a, entre los 29 y 31 \u00baC. En otras zonas de la provincia, entre los [&hellip;]<\/p>\n","protected":false},"author":16,"featured_media":45425,"comment_status":"open","ping_status":"open","sticky":false,"template":"","format":"standard","meta":[],"categories":[2],"tags":[51,358,587,597,961,975],"_links":{"self":[{"href":"https:\/\/blogs.diariosur.es\/tormentas-y-rayos\/wp-json\/wp\/v2\/posts\/45418"}],"collection":[{"href":"https:\/\/blogs.diariosur.es\/tormentas-y-rayos\/wp-json\/wp\/v2\/posts"}],"about":[{"href":"https:\/\/blogs.diariosur.es\/tormentas-y-rayos\/wp-json\/wp\/v2\/types\/post"}],"author":[{"embeddable":true,"href":"https:\/\/blogs.diariosur.es\/tormentas-y-rayos\/wp-json\/wp\/v2\/users\/16"}],"replies":[{"embeddable":true,"href":"https:\/\/blogs.diariosur.es\/tormentas-y-rayos\/wp-json\/wp\/v2\/comments?post=45418"}],"version-history":[{"count":13,"href":"https:\/\/blogs.diariosur.es\/tormentas-y-rayos\/wp-json\/wp\/v2\/posts\/45418\/revisions"}],"predecessor-version":[{"id":46536,"href":"https:\/\/blogs.diariosur.es\/tormentas-y-rayos\/wp-json\/wp\/v2\/posts\/45418\/revisions\/46536"}],"wp:featuredmedia":[{"embeddable":true,"href":"https:\/\/blogs.diariosur.es\/tormentas-y-rayos\/wp-json\/wp\/v2\/media\/45425"}],"wp:attachment":[{"href":"https:\/\/blogs.diariosur.es\/tormentas-y-rayos\/wp-json\/wp\/v2\/media?parent=45418"}],"wp:term":[{"taxonomy":"category","embeddable":true,"href":"https:\/\/blogs.diariosur.es\/tormentas-y-rayos\/wp-json\/wp\/v2\/categories?post=45418"},{"taxonomy":"post_tag","embeddable":true,"href":"https:\/\/blogs.diariosur.es\/tormentas-y-rayos\/wp-json\/wp\/v2\/tags?post=45418"}],"curies":[{"name":"wp","href":"https:\/\/api.w.org\/{rel}","templated":true}]}}