{"id":45433,"date":"2025-07-14T09:22:51","date_gmt":"2025-07-14T07:22:51","guid":{"rendered":"https:\/\/blogs.diariosur.es\/tormentas-y-rayos\/?p=45433"},"modified":"2025-10-04T11:09:25","modified_gmt":"2025-10-04T09:09:25","slug":"con-el-agua-fria-del-mar-en-malaga-que-puede-tocar-ahora","status":"publish","type":"post","link":"https:\/\/blogs.diariosur.es\/tormentas-y-rayos\/2025\/07\/14\/con-el-agua-fria-del-mar-en-malaga-que-puede-tocar-ahora\/","title":{"rendered":"Con el agua fr\u00eda del mar en M\u00e1laga, \u00bfqu\u00e9 puede tocar ahora?"},"content":{"rendered":"<p><a href=\"https:\/\/static-blogs.diariosur.es\/wp-content\/uploads\/sites\/12\/2025\/07\/72999690_10217709542349272_7908844429161529344_n.jpg\"><img loading=\"lazy\" class=\"aligncenter size-thumbnail wp-image-45292\" src=\"https:\/\/static-blogs.diariosur.es\/wp-content\/uploads\/sites\/12\/2025\/07\/72999690_10217709542349272_7908844429161529344_n-150x150.jpg\" alt=\"\" width=\"150\" height=\"150\" \/><\/a><\/p>\n<p>Buenos d\u00edas, amigos de la meteo. Antes de nada os pongo la sorpresa de esta madrugada.<\/p>\n<h3 class=\"voc-blogs-section\"><span style=\"color: #ff0000;\"><a style=\"color: #ff0000;\" href=\"http:\/\/Sorpres\u00f3n, tormenta en M\u00e1laga capital hoy 14 de julio\" rel=\"external nofollow\"><strong>Sorpres\u00f3n, tormenta en M\u00e1laga capital hoy 14 de julio<\/strong><\/a><\/span><\/h3>\n<p data-pm-slice=\"1 1 []\">Cuando son las ocho y media de la ma\u00f1ana en M\u00e1laga capital, mi estaci\u00f3n ha registrado una m\u00ednima de 22,3 \u00b0C a las tres de la madrugada; cuando pas\u00f3 la tormenta, sobre las 5:20, subi\u00f3 la temperatura a 25,5 \u00b0C. La estaci\u00f3n de la Aemet del Aeropuerto ha registrado una racha de viento de 48 km\/h a las 5:40 de la madrugada.<\/p>\n<h3><strong>Con el agua fr\u00eda del mar en M\u00e1laga, \u00bfqu\u00e9 puede tocar ahora?<\/strong><\/h3>\n<p>Puede haber probabilidad de tar\u00f3 ma\u00f1ana y el mi\u00e9rcoles; no confirmo. El agua est\u00e1 muy fr\u00eda; ma\u00f1ana se esperan brisas c\u00e1lidas de sureste, ingredientes para el tar\u00f3 (niebla de advecci\u00f3n).<\/p>\n<p>De darse, ya veremos si entran a tierra o se quedan en alta mar.<\/p>\n<p><strong>Es tambi\u00e9n probable que el jueves se active el aviso amarillo por altas temperaturas en el interior de la provincia malague\u00f1a.<\/strong><\/p>\n<p>&nbsp;<\/p>\n<p>&nbsp;<\/p>\n<p>&nbsp;<\/p>\n<p>&nbsp;<\/p>\n","protected":false},"excerpt":{"rendered":"<p>Buenos d\u00edas, amigos de la meteo. Antes de nada os pongo la sorpresa de esta madrugada. Sorpres\u00f3n, tormenta en M\u00e1laga capital hoy 14 de julio Cuando son las ocho y media de la ma\u00f1ana en M\u00e1laga capital, mi estaci\u00f3n ha registrado una m\u00ednima de 22,3 \u00b0C a las tres de la madrugada; cuando pas\u00f3 la [&hellip;]<\/p>\n","protected":false},"author":16,"featured_media":45450,"comment_status":"open","ping_status":"open","sticky":false,"template":"","format":"standard","meta":[],"categories":[2],"tags":[953],"_links":{"self":[{"href":"https:\/\/blogs.diariosur.es\/tormentas-y-rayos\/wp-json\/wp\/v2\/posts\/45433"}],"collection":[{"href":"https:\/\/blogs.diariosur.es\/tormentas-y-rayos\/wp-json\/wp\/v2\/posts"}],"about":[{"href":"https:\/\/blogs.diariosur.es\/tormentas-y-rayos\/wp-json\/wp\/v2\/types\/post"}],"author":[{"embeddable":true,"href":"https:\/\/blogs.diariosur.es\/tormentas-y-rayos\/wp-json\/wp\/v2\/users\/16"}],"replies":[{"embeddable":true,"href":"https:\/\/blogs.diariosur.es\/tormentas-y-rayos\/wp-json\/wp\/v2\/comments?post=45433"}],"version-history":[{"count":7,"href":"https:\/\/blogs.diariosur.es\/tormentas-y-rayos\/wp-json\/wp\/v2\/posts\/45433\/revisions"}],"predecessor-version":[{"id":46533,"href":"https:\/\/blogs.diariosur.es\/tormentas-y-rayos\/wp-json\/wp\/v2\/posts\/45433\/revisions\/46533"}],"wp:featuredmedia":[{"embeddable":true,"href":"https:\/\/blogs.diariosur.es\/tormentas-y-rayos\/wp-json\/wp\/v2\/media\/45450"}],"wp:attachment":[{"href":"https:\/\/blogs.diariosur.es\/tormentas-y-rayos\/wp-json\/wp\/v2\/media?parent=45433"}],"wp:term":[{"taxonomy":"category","embeddable":true,"href":"https:\/\/blogs.diariosur.es\/tormentas-y-rayos\/wp-json\/wp\/v2\/categories?post=45433"},{"taxonomy":"post_tag","embeddable":true,"href":"https:\/\/blogs.diariosur.es\/tormentas-y-rayos\/wp-json\/wp\/v2\/tags?post=45433"}],"curies":[{"name":"wp","href":"https:\/\/api.w.org\/{rel}","templated":true}]}}