{"id":45437,"date":"2025-07-14T05:31:06","date_gmt":"2025-07-14T03:31:06","guid":{"rendered":"https:\/\/blogs.diariosur.es\/tormentas-y-rayos\/?p=45437"},"modified":"2025-10-04T11:10:34","modified_gmt":"2025-10-04T09:10:34","slug":"sorpreson-tormenta-en-malaga-capital-hoy-14-de-julio","status":"publish","type":"post","link":"https:\/\/blogs.diariosur.es\/tormentas-y-rayos\/2025\/07\/14\/sorpreson-tormenta-en-malaga-capital-hoy-14-de-julio\/","title":{"rendered":"Sorpres\u00f3n, tormenta en M\u00e1laga capital hoy 14 de julio"},"content":{"rendered":"<p><a href=\"https:\/\/static-blogs.diariosur.es\/wp-content\/uploads\/sites\/12\/2025\/07\/72999690_10217709542349272_7908844429161529344_n.jpg\"><img loading=\"lazy\" class=\"aligncenter size-thumbnail wp-image-45292\" src=\"https:\/\/static-blogs.diariosur.es\/wp-content\/uploads\/sites\/12\/2025\/07\/72999690_10217709542349272_7908844429161529344_n-150x150.jpg\" alt=\"\" width=\"150\" height=\"150\" \/><\/a><\/p>\n<p data-pm-slice=\"1 1 []\">Hola, amigos de la meteo. Sobre las cinco de la madrugada hemos tenido tormenta en M\u00e1laga capital, que ha venido acompa\u00f1ada de un peque\u00f1o chubasco que ha dejado medio litro en la estaci\u00f3n de la Aemet del Puerto. Ning\u00fan modelo daba esto, la meteo dando sorpresas.<\/p>\n<p>Os pongo dos v\u00eddeos. Y el radar de Almer\u00eda y Sevilla. El de M\u00e1laga lo est\u00e1n renovando.<\/p>\n<p>&nbsp;<\/p>\n<p>&nbsp;<\/p>\n<p><iframe loading=\"lazy\" title=\"Sorpresa tormenta en M\u00e1laga  y llueve\" width=\"500\" height=\"281\" src=\"https:\/\/www.youtube.com\/embed\/HXC8FV-hfJk?feature=oembed\" frameborder=\"0\" allow=\"accelerometer; autoplay; clipboard-write; encrypted-media; gyroscope; picture-in-picture; web-share\" referrerpolicy=\"strict-origin-when-cross-origin\" allowfullscreen><\/iframe><\/p>\n<p>&nbsp;<\/p>\n<p><iframe loading=\"lazy\" title=\"Tormenta y chubasco, sorpresa.\" width=\"500\" height=\"281\" src=\"https:\/\/www.youtube.com\/embed\/myvyGtu9Tdk?feature=oembed\" frameborder=\"0\" allow=\"accelerometer; autoplay; clipboard-write; encrypted-media; gyroscope; picture-in-picture; web-share\" referrerpolicy=\"strict-origin-when-cross-origin\" allowfullscreen><\/iframe><\/p>\n<p>&nbsp;<\/p>\n<p>&nbsp;<\/p>\n<p>&nbsp;<\/p>\n<p><a href=\"https:\/\/static-blogs.diariosur.es\/wp-content\/uploads\/sites\/12\/2025\/07\/Captura-de-pantalla-2025-07-14-052628.jpg\"><img loading=\"lazy\" class=\"aligncenter size-full wp-image-45440\" src=\"https:\/\/static-blogs.diariosur.es\/wp-content\/uploads\/sites\/12\/2025\/07\/Captura-de-pantalla-2025-07-14-052628.jpg\" alt=\"\" width=\"892\" height=\"906\" srcset=\"https:\/\/static-blogs.diariosur.es\/wp-content\/uploads\/sites\/12\/2025\/07\/Captura-de-pantalla-2025-07-14-052628.jpg 892w, https:\/\/static-blogs.diariosur.es\/wp-content\/uploads\/sites\/12\/2025\/07\/Captura-de-pantalla-2025-07-14-052628-394x400.jpg 394w, https:\/\/static-blogs.diariosur.es\/wp-content\/uploads\/sites\/12\/2025\/07\/Captura-de-pantalla-2025-07-14-052628-402x408.jpg 402w, https:\/\/static-blogs.diariosur.es\/wp-content\/uploads\/sites\/12\/2025\/07\/Captura-de-pantalla-2025-07-14-052628-768x780.jpg 768w\" sizes=\"(max-width: 892px) 100vw, 892px\" \/><\/a><\/p>\n<p>&nbsp;<\/p>\n<p><a href=\"https:\/\/static-blogs.diariosur.es\/wp-content\/uploads\/sites\/12\/2025\/07\/Captura-de-pantalla-2025-07-14-052654.jpg\"><img loading=\"lazy\" class=\"aligncenter size-full wp-image-45443\" src=\"https:\/\/static-blogs.diariosur.es\/wp-content\/uploads\/sites\/12\/2025\/07\/Captura-de-pantalla-2025-07-14-052654.jpg\" alt=\"\" width=\"895\" height=\"882\" srcset=\"https:\/\/static-blogs.diariosur.es\/wp-content\/uploads\/sites\/12\/2025\/07\/Captura-de-pantalla-2025-07-14-052654.jpg 895w, https:\/\/static-blogs.diariosur.es\/wp-content\/uploads\/sites\/12\/2025\/07\/Captura-de-pantalla-2025-07-14-052654-406x400.jpg 406w, https:\/\/static-blogs.diariosur.es\/wp-content\/uploads\/sites\/12\/2025\/07\/Captura-de-pantalla-2025-07-14-052654-414x408.jpg 414w, https:\/\/static-blogs.diariosur.es\/wp-content\/uploads\/sites\/12\/2025\/07\/Captura-de-pantalla-2025-07-14-052654-768x757.jpg 768w\" sizes=\"(max-width: 895px) 100vw, 895px\" \/><\/a><\/p>\n","protected":false},"excerpt":{"rendered":"<p>Hola, amigos de la meteo. Sobre las cinco de la madrugada hemos tenido tormenta en M\u00e1laga capital, que ha venido acompa\u00f1ada de un peque\u00f1o chubasco que ha dejado medio litro en la estaci\u00f3n de la Aemet del Puerto. Ning\u00fan modelo daba esto, la meteo dando sorpresas. Os pongo dos v\u00eddeos. Y el radar de Almer\u00eda [&hellip;]<\/p>\n","protected":false},"author":16,"featured_media":45440,"comment_status":"open","ping_status":"open","sticky":false,"template":"","format":"standard","meta":[],"categories":[2],"tags":[538,587,992],"_links":{"self":[{"href":"https:\/\/blogs.diariosur.es\/tormentas-y-rayos\/wp-json\/wp\/v2\/posts\/45437"}],"collection":[{"href":"https:\/\/blogs.diariosur.es\/tormentas-y-rayos\/wp-json\/wp\/v2\/posts"}],"about":[{"href":"https:\/\/blogs.diariosur.es\/tormentas-y-rayos\/wp-json\/wp\/v2\/types\/post"}],"author":[{"embeddable":true,"href":"https:\/\/blogs.diariosur.es\/tormentas-y-rayos\/wp-json\/wp\/v2\/users\/16"}],"replies":[{"embeddable":true,"href":"https:\/\/blogs.diariosur.es\/tormentas-y-rayos\/wp-json\/wp\/v2\/comments?post=45437"}],"version-history":[{"count":8,"href":"https:\/\/blogs.diariosur.es\/tormentas-y-rayos\/wp-json\/wp\/v2\/posts\/45437\/revisions"}],"predecessor-version":[{"id":46534,"href":"https:\/\/blogs.diariosur.es\/tormentas-y-rayos\/wp-json\/wp\/v2\/posts\/45437\/revisions\/46534"}],"wp:featuredmedia":[{"embeddable":true,"href":"https:\/\/blogs.diariosur.es\/tormentas-y-rayos\/wp-json\/wp\/v2\/media\/45440"}],"wp:attachment":[{"href":"https:\/\/blogs.diariosur.es\/tormentas-y-rayos\/wp-json\/wp\/v2\/media?parent=45437"}],"wp:term":[{"taxonomy":"category","embeddable":true,"href":"https:\/\/blogs.diariosur.es\/tormentas-y-rayos\/wp-json\/wp\/v2\/categories?post=45437"},{"taxonomy":"post_tag","embeddable":true,"href":"https:\/\/blogs.diariosur.es\/tormentas-y-rayos\/wp-json\/wp\/v2\/tags?post=45437"}],"curies":[{"name":"wp","href":"https:\/\/api.w.org\/{rel}","templated":true}]}}