{"id":45456,"date":"2025-07-14T23:11:38","date_gmt":"2025-07-14T21:11:38","guid":{"rendered":"https:\/\/blogs.diariosur.es\/tormentas-y-rayos\/?p=45456"},"modified":"2025-10-04T11:06:54","modified_gmt":"2025-10-04T09:06:54","slug":"a-partir-de-jueves-probablemente-pueden-llegar-los-40-c-a-zonas-de-la-provincia-malaguena","status":"publish","type":"post","link":"https:\/\/blogs.diariosur.es\/tormentas-y-rayos\/2025\/07\/14\/a-partir-de-jueves-probablemente-pueden-llegar-los-40-c-a-zonas-de-la-provincia-malaguena\/","title":{"rendered":"A partir de jueves, probablemente, pueden llegar los 40 \u00b0C a zonas de la provincia malague\u00f1a"},"content":{"rendered":"<p>&nbsp;<\/p>\n<p><a href=\"https:\/\/static-blogs.diariosur.es\/wp-content\/uploads\/sites\/12\/2025\/07\/72999690_10217709542349272_7908844429161529344_n.jpg\"><img loading=\"lazy\" class=\"aligncenter size-thumbnail wp-image-45292\" src=\"https:\/\/static-blogs.diariosur.es\/wp-content\/uploads\/sites\/12\/2025\/07\/72999690_10217709542349272_7908844429161529344_n-150x150.jpg\" alt=\"\" width=\"150\" height=\"150\" \/><\/a><\/p>\n<p>&nbsp;<\/p>\n<p data-pm-slice=\"1 1 []\">Buenas noches, amigos de la meteo. Muy poco que leer cuando son 23:00 de la noche.<\/p>\n<p>Solo comentaros que el jueves es probable que se activen avisos por altas temperaturas en las comarcas de Antequera y Ronda.<\/p>\n<p>Pero lo peor puede llegar el viernes, al entrar una vaguada y cambiar el viento a componente oeste; es decir, tendremos probablemente terral en las zonas habituales de la provincia malague\u00f1a. En esta ocasi\u00f3n y seg\u00fan la hora que entre, podemos llegar a los primeros 40 \u00b0C del verano.<\/p>\n<p>El terral puede durar hasta el domingo, pero las temperaturas m\u00e1ximas el fin de semana las actualizar\u00e9 el mi\u00e9rcoles.<\/p>\n<p>Probablemente se active el aviso naranja el viernes.<\/p>\n<p>Nos vemos ma\u00f1ana, con la \u00faltima hora.<\/p>\n<p>Os dejo con esta foto de mi amigo Pepe Gandia.<\/p>\n<p>&nbsp;<\/p>\n<p>&nbsp;<\/p>\n<p>&nbsp;<\/p>\n<p><a href=\"https:\/\/static-blogs.diariosur.es\/wp-content\/uploads\/sites\/12\/2025\/07\/FB_IMG_1751564201899-e1752527424790.jpg\"><img loading=\"lazy\" class=\"aligncenter size-full wp-image-45457\" src=\"https:\/\/static-blogs.diariosur.es\/wp-content\/uploads\/sites\/12\/2025\/07\/FB_IMG_1751564201899-e1752527424790.jpg\" alt=\"\" width=\"1000\" height=\"597\" \/><\/a><\/p>\n<p>&nbsp;<\/p>\n<p>&nbsp;<\/p>\n<p>&nbsp;<\/p>\n<p>&nbsp;<\/p>\n","protected":false},"excerpt":{"rendered":"<p>&nbsp; &nbsp; Buenas noches, amigos de la meteo. Muy poco que leer cuando son 23:00 de la noche. Solo comentaros que el jueves es probable que se activen avisos por altas temperaturas en las comarcas de Antequera y Ronda. Pero lo peor puede llegar el viernes, al entrar una vaguada y cambiar el viento a [&hellip;]<\/p>\n","protected":false},"author":16,"featured_media":45457,"comment_status":"open","ping_status":"open","sticky":false,"template":"","format":"standard","meta":[],"categories":[2],"tags":[151,358,676,975],"_links":{"self":[{"href":"https:\/\/blogs.diariosur.es\/tormentas-y-rayos\/wp-json\/wp\/v2\/posts\/45456"}],"collection":[{"href":"https:\/\/blogs.diariosur.es\/tormentas-y-rayos\/wp-json\/wp\/v2\/posts"}],"about":[{"href":"https:\/\/blogs.diariosur.es\/tormentas-y-rayos\/wp-json\/wp\/v2\/types\/post"}],"author":[{"embeddable":true,"href":"https:\/\/blogs.diariosur.es\/tormentas-y-rayos\/wp-json\/wp\/v2\/users\/16"}],"replies":[{"embeddable":true,"href":"https:\/\/blogs.diariosur.es\/tormentas-y-rayos\/wp-json\/wp\/v2\/comments?post=45456"}],"version-history":[{"count":5,"href":"https:\/\/blogs.diariosur.es\/tormentas-y-rayos\/wp-json\/wp\/v2\/posts\/45456\/revisions"}],"predecessor-version":[{"id":46531,"href":"https:\/\/blogs.diariosur.es\/tormentas-y-rayos\/wp-json\/wp\/v2\/posts\/45456\/revisions\/46531"}],"wp:featuredmedia":[{"embeddable":true,"href":"https:\/\/blogs.diariosur.es\/tormentas-y-rayos\/wp-json\/wp\/v2\/media\/45457"}],"wp:attachment":[{"href":"https:\/\/blogs.diariosur.es\/tormentas-y-rayos\/wp-json\/wp\/v2\/media?parent=45456"}],"wp:term":[{"taxonomy":"category","embeddable":true,"href":"https:\/\/blogs.diariosur.es\/tormentas-y-rayos\/wp-json\/wp\/v2\/categories?post=45456"},{"taxonomy":"post_tag","embeddable":true,"href":"https:\/\/blogs.diariosur.es\/tormentas-y-rayos\/wp-json\/wp\/v2\/tags?post=45456"}],"curies":[{"name":"wp","href":"https:\/\/api.w.org\/{rel}","templated":true}]}}