{"id":45465,"date":"2025-07-16T07:53:51","date_gmt":"2025-07-16T05:53:51","guid":{"rendered":"https:\/\/blogs.diariosur.es\/tormentas-y-rayos\/?p=45465"},"modified":"2025-10-04T11:05:34","modified_gmt":"2025-10-04T09:05:34","slug":"cuantos-dias-de-terral-se-esperan-en-las-zonas-habituales-de-la-provincia-malaguena","status":"publish","type":"post","link":"https:\/\/blogs.diariosur.es\/tormentas-y-rayos\/2025\/07\/16\/cuantos-dias-de-terral-se-esperan-en-las-zonas-habituales-de-la-provincia-malaguena\/","title":{"rendered":"\u00bfCu\u00e1ntos d\u00edas de terral se esperan en las zonas habituales de la provincia malague\u00f1a?"},"content":{"rendered":"<p>&nbsp;<\/p>\n<p><a href=\"https:\/\/static-blogs.diariosur.es\/wp-content\/uploads\/sites\/12\/2025\/06\/130738248_10221381944997043_6257362087676436516_n.jpg\"><img loading=\"lazy\" class=\"aligncenter size-thumbnail wp-image-44989\" src=\"https:\/\/static-blogs.diariosur.es\/wp-content\/uploads\/sites\/12\/2025\/06\/130738248_10221381944997043_6257362087676436516_n-150x150.jpg\" alt=\"\" width=\"150\" height=\"150\" srcset=\"https:\/\/static-blogs.diariosur.es\/wp-content\/uploads\/sites\/12\/2025\/06\/130738248_10221381944997043_6257362087676436516_n-150x150.jpg 150w, https:\/\/static-blogs.diariosur.es\/wp-content\/uploads\/sites\/12\/2025\/06\/130738248_10221381944997043_6257362087676436516_n-400x400.jpg 400w, https:\/\/static-blogs.diariosur.es\/wp-content\/uploads\/sites\/12\/2025\/06\/130738248_10221381944997043_6257362087676436516_n-408x408.jpg 408w, https:\/\/static-blogs.diariosur.es\/wp-content\/uploads\/sites\/12\/2025\/06\/130738248_10221381944997043_6257362087676436516_n.jpg 768w\" sizes=\"(max-width: 150px) 100vw, 150px\" \/><\/a><\/p>\n<p data-pm-slice=\"1 1 []\">Buenos d\u00edas, amigos de la meteo. Noche t\u00f3rrida nuevamente en mi estaci\u00f3n meteorol\u00f3gica de M\u00e1laga capital; a las seis y cuarto de la ma\u00f1ana bajo de 25 \u00baC. Los cielos est\u00e1n despejados y de momento no asoma el tar\u00f3, ni tampoco las nubes bajas que se esperaban. Reedito: Me comenta mi amigo Nacho Mart\u00edn que en Marbella hay tar\u00f3.<\/p>\n<p>Os recuerdo que a partir de las 9:35, estar\u00e9 en directo con mi amigo Roberto L\u00f3pez en la 101 Tv, en el programa Lleg\u00f3 la Hora.<\/p>\n<p>&nbsp;<\/p>\n<p><a href=\"https:\/\/static-blogs.diariosur.es\/wp-content\/uploads\/sites\/12\/2025\/07\/487442492_10232116885523847_2997702116759971227_n.jpg\"><img loading=\"lazy\" class=\"aligncenter size-full wp-image-45469\" src=\"https:\/\/static-blogs.diariosur.es\/wp-content\/uploads\/sites\/12\/2025\/07\/487442492_10232116885523847_2997702116759971227_n.jpg\" alt=\"\" width=\"1175\" height=\"339\" srcset=\"https:\/\/static-blogs.diariosur.es\/wp-content\/uploads\/sites\/12\/2025\/07\/487442492_10232116885523847_2997702116759971227_n.jpg 1175w, https:\/\/static-blogs.diariosur.es\/wp-content\/uploads\/sites\/12\/2025\/07\/487442492_10232116885523847_2997702116759971227_n-640x185.jpg 640w, https:\/\/static-blogs.diariosur.es\/wp-content\/uploads\/sites\/12\/2025\/07\/487442492_10232116885523847_2997702116759971227_n-960x277.jpg 960w, https:\/\/static-blogs.diariosur.es\/wp-content\/uploads\/sites\/12\/2025\/07\/487442492_10232116885523847_2997702116759971227_n-768x222.jpg 768w\" sizes=\"(max-width: 1175px) 100vw, 1175px\" \/><\/a><\/p>\n<p>&nbsp;<\/p>\n<p>Ma\u00f1ana jueves entra en aviso amarillo por altas temperaturas de 39 \u00baC, la comarca de Antequera, en algunas zonas del interior del Valle del Guadalhorce tambi\u00e9n pueden llegar a los 39 \u00baC<\/p>\n<p>Os paso los mapas de avisos por altas temperaturas previstos para hoy mi\u00e9rcoles y ma\u00f1ana jueves. Los naranja son por 41 \u00baC<\/p>\n<p>&nbsp;<\/p>\n<p><a href=\"https:\/\/static-blogs.diariosur.es\/wp-content\/uploads\/sites\/12\/2025\/07\/miercoles-1.jpg\"><img loading=\"lazy\" class=\"aligncenter size-full wp-image-45471\" src=\"https:\/\/static-blogs.diariosur.es\/wp-content\/uploads\/sites\/12\/2025\/07\/miercoles-1.jpg\" alt=\"\" width=\"1045\" height=\"820\" srcset=\"https:\/\/static-blogs.diariosur.es\/wp-content\/uploads\/sites\/12\/2025\/07\/miercoles-1.jpg 1045w, https:\/\/static-blogs.diariosur.es\/wp-content\/uploads\/sites\/12\/2025\/07\/miercoles-1-510x400.jpg 510w, https:\/\/static-blogs.diariosur.es\/wp-content\/uploads\/sites\/12\/2025\/07\/miercoles-1-520x408.jpg 520w, https:\/\/static-blogs.diariosur.es\/wp-content\/uploads\/sites\/12\/2025\/07\/miercoles-1-768x603.jpg 768w\" sizes=\"(max-width: 1045px) 100vw, 1045px\" \/><\/a><\/p>\n<p>&nbsp;<\/p>\n<p><a href=\"https:\/\/static-blogs.diariosur.es\/wp-content\/uploads\/sites\/12\/2025\/07\/jueves.jpg\"><img loading=\"lazy\" class=\"aligncenter size-full wp-image-45472\" src=\"https:\/\/static-blogs.diariosur.es\/wp-content\/uploads\/sites\/12\/2025\/07\/jueves.jpg\" alt=\"\" width=\"1039\" height=\"817\" srcset=\"https:\/\/static-blogs.diariosur.es\/wp-content\/uploads\/sites\/12\/2025\/07\/jueves.jpg 1039w, https:\/\/static-blogs.diariosur.es\/wp-content\/uploads\/sites\/12\/2025\/07\/jueves-509x400.jpg 509w, https:\/\/static-blogs.diariosur.es\/wp-content\/uploads\/sites\/12\/2025\/07\/jueves-519x408.jpg 519w, https:\/\/static-blogs.diariosur.es\/wp-content\/uploads\/sites\/12\/2025\/07\/jueves-768x604.jpg 768w\" sizes=\"(max-width: 1039px) 100vw, 1039px\" \/><\/a><\/p>\n<p>&nbsp;<\/p>\n<p>&nbsp;<\/p>\n<p>&nbsp;<\/p>\n<h3 data-pm-slice=\"1 1 []\"><strong>\u00bfCu\u00e1ntos d\u00edas de terral se esperan en las zonas habituales de la provincia malague\u00f1a?<\/strong><\/h3>\n<p>Como muchos sab\u00e9is, cuando los informativos dicen que bajan las temperaturas en muchas zonas de Espa\u00f1a y Andaluc\u00eda, en la provincia de M\u00e1laga llega el terral a las zonas habituales; en otras zonas de la provincia, no.<\/p>\n<p>Nuevamente, el chorro polar se ondula y trae consigo una vaguada con una masa de aire m\u00e1s fresca a la pen\u00ednsula; vendr\u00e1 tambi\u00e9n acompa\u00f1ada de tormentas y una bajada de temperaturas donde estos d\u00edas pasados est\u00e1 haciendo mucho calor.<\/p>\n<p>De momento no tenemos avisos por altas temperaturas en las zonas habituales de la provincia malague\u00f1a donde entra el terral; en nuevas actualizaciones s\u00ed entraremos en aviso. Incluso puede ser naranja.<\/p>\n<p>El viernes ser\u00e1 el d\u00eda que m\u00e1s calor haga, sobre todo por el interior del Valle del Guadalhorce, donde hay probabilidad de que lleguen a los 40 \u00baC y 41 \u00baC.<\/p>\n<p>En M\u00e1laga capital, algunos modelos prev\u00e9n entre 37 y 38 \u00baC; depender\u00e1 de la hora que entre. La zona de Campanillas, Churriana, Aeropuerto y Teatinos lo notar\u00e1n antes.<\/p>\n<p><strong>A mi pregunta de cu\u00e1ntos d\u00edas se esperan de terral, de momento hasta el lunes, es decir, cuatro d\u00edas. Pero esto lo iremos viendo poco a poco con los modelos actualizados.<\/strong><\/p>\n<p>Lo \u00fanico positivo es que ya ser\u00e1 dif\u00edcil que se superen los 38 \u00baC, al tener a 850 hpa una masa de aire m\u00e1s fresca.<\/p>\n<p>&nbsp;<\/p>\n<p>&nbsp;<\/p>\n","protected":false},"excerpt":{"rendered":"<p>&nbsp; Buenos d\u00edas, amigos de la meteo. Noche t\u00f3rrida nuevamente en mi estaci\u00f3n meteorol\u00f3gica de M\u00e1laga capital; a las seis y cuarto de la ma\u00f1ana bajo de 25 \u00baC. Los cielos est\u00e1n despejados y de momento no asoma el tar\u00f3, ni tampoco las nubes bajas que se esperaban. Reedito: Me comenta mi amigo Nacho Mart\u00edn [&hellip;]<\/p>\n","protected":false},"author":16,"featured_media":45468,"comment_status":"open","ping_status":"open","sticky":false,"template":"","format":"standard","meta":[],"categories":[2],"tags":[94,151,358,587,676,975],"_links":{"self":[{"href":"https:\/\/blogs.diariosur.es\/tormentas-y-rayos\/wp-json\/wp\/v2\/posts\/45465"}],"collection":[{"href":"https:\/\/blogs.diariosur.es\/tormentas-y-rayos\/wp-json\/wp\/v2\/posts"}],"about":[{"href":"https:\/\/blogs.diariosur.es\/tormentas-y-rayos\/wp-json\/wp\/v2\/types\/post"}],"author":[{"embeddable":true,"href":"https:\/\/blogs.diariosur.es\/tormentas-y-rayos\/wp-json\/wp\/v2\/users\/16"}],"replies":[{"embeddable":true,"href":"https:\/\/blogs.diariosur.es\/tormentas-y-rayos\/wp-json\/wp\/v2\/comments?post=45465"}],"version-history":[{"count":7,"href":"https:\/\/blogs.diariosur.es\/tormentas-y-rayos\/wp-json\/wp\/v2\/posts\/45465\/revisions"}],"predecessor-version":[{"id":46530,"href":"https:\/\/blogs.diariosur.es\/tormentas-y-rayos\/wp-json\/wp\/v2\/posts\/45465\/revisions\/46530"}],"wp:featuredmedia":[{"embeddable":true,"href":"https:\/\/blogs.diariosur.es\/tormentas-y-rayos\/wp-json\/wp\/v2\/media\/45468"}],"wp:attachment":[{"href":"https:\/\/blogs.diariosur.es\/tormentas-y-rayos\/wp-json\/wp\/v2\/media?parent=45465"}],"wp:term":[{"taxonomy":"category","embeddable":true,"href":"https:\/\/blogs.diariosur.es\/tormentas-y-rayos\/wp-json\/wp\/v2\/categories?post=45465"},{"taxonomy":"post_tag","embeddable":true,"href":"https:\/\/blogs.diariosur.es\/tormentas-y-rayos\/wp-json\/wp\/v2\/tags?post=45465"}],"curies":[{"name":"wp","href":"https:\/\/api.w.org\/{rel}","templated":true}]}}