{"id":45477,"date":"2025-07-16T12:27:34","date_gmt":"2025-07-16T10:27:34","guid":{"rendered":"https:\/\/blogs.diariosur.es\/tormentas-y-rayos\/?p=45477"},"modified":"2025-10-04T11:02:52","modified_gmt":"2025-10-04T09:02:52","slug":"atento-al-aviso-de-manana-y-el-viernes-en-la-provincia-malaguena","status":"publish","type":"post","link":"https:\/\/blogs.diariosur.es\/tormentas-y-rayos\/2025\/07\/16\/atento-al-aviso-de-manana-y-el-viernes-en-la-provincia-malaguena\/","title":{"rendered":"Atento al aviso de ma\u00f1ana y el viernes en la provincia malague\u00f1a"},"content":{"rendered":"<p><a href=\"https:\/\/static-blogs.diariosur.es\/wp-content\/uploads\/sites\/12\/2025\/07\/72999690_10217709542349272_7908844429161529344_n.jpg\"><img loading=\"lazy\" class=\"aligncenter size-thumbnail wp-image-45292\" src=\"https:\/\/static-blogs.diariosur.es\/wp-content\/uploads\/sites\/12\/2025\/07\/72999690_10217709542349272_7908844429161529344_n-150x150.jpg\" alt=\"\" width=\"150\" height=\"150\" \/><\/a><\/p>\n<p>&nbsp;<\/p>\n<p data-pm-slice=\"1 1 []\">Atento a la letra peque\u00f1a para el aviso de ma\u00f1ana. No es para la capital. Cuando remodelen los mapas, saldr\u00e1 solo Guadalhorce. El viernes s\u00ed entra M\u00e1laga capital y Axarqu\u00eda. Os pongo el aviso para ma\u00f1ana y para el viernes.<\/p>\n<p>Nos vemos ma\u00f1ana.<\/p>\n<p>&nbsp;<\/p>\n<p><a href=\"https:\/\/static-blogs.diariosur.es\/wp-content\/uploads\/sites\/12\/2025\/07\/Screenshot_20250716_120513_Chrome-e1752661426541.jpg\"><img loading=\"lazy\" class=\"aligncenter size-full wp-image-45478\" src=\"https:\/\/static-blogs.diariosur.es\/wp-content\/uploads\/sites\/12\/2025\/07\/Screenshot_20250716_120513_Chrome-e1752661426541.jpg\" alt=\"\" width=\"1000\" height=\"875\" \/><\/a><\/p>\n<p><a href=\"https:\/\/static-blogs.diariosur.es\/wp-content\/uploads\/sites\/12\/2025\/07\/Screenshot_20250716_121401_Chrome-e1752661485440.jpg\"><img loading=\"lazy\" class=\"aligncenter size-full wp-image-45479\" src=\"https:\/\/static-blogs.diariosur.es\/wp-content\/uploads\/sites\/12\/2025\/07\/Screenshot_20250716_121401_Chrome-e1752661485440.jpg\" alt=\"\" width=\"1000\" height=\"889\" \/><\/a><\/p>\n<p><a href=\"https:\/\/static-blogs.diariosur.es\/wp-content\/uploads\/sites\/12\/2025\/07\/Screenshot_20250716_121418_Chrome-e1752661557481.jpg\"><img loading=\"lazy\" class=\"aligncenter size-full wp-image-45480\" src=\"https:\/\/static-blogs.diariosur.es\/wp-content\/uploads\/sites\/12\/2025\/07\/Screenshot_20250716_121418_Chrome-e1752661557481.jpg\" alt=\"\" width=\"1000\" height=\"585\" \/><\/a><\/p>\n<p>&nbsp;<\/p>\n<p>&nbsp;<\/p>\n","protected":false},"excerpt":{"rendered":"<p>&nbsp; Atento a la letra peque\u00f1a para el aviso de ma\u00f1ana. No es para la capital. Cuando remodelen los mapas, saldr\u00e1 solo Guadalhorce. El viernes s\u00ed entra M\u00e1laga capital y Axarqu\u00eda. Os pongo el aviso para ma\u00f1ana y para el viernes. Nos vemos ma\u00f1ana. &nbsp; &nbsp; &nbsp;<\/p>\n","protected":false},"author":16,"featured_media":45236,"comment_status":"open","ping_status":"open","sticky":false,"template":"","format":"standard","meta":[],"categories":[2],"tags":[],"_links":{"self":[{"href":"https:\/\/blogs.diariosur.es\/tormentas-y-rayos\/wp-json\/wp\/v2\/posts\/45477"}],"collection":[{"href":"https:\/\/blogs.diariosur.es\/tormentas-y-rayos\/wp-json\/wp\/v2\/posts"}],"about":[{"href":"https:\/\/blogs.diariosur.es\/tormentas-y-rayos\/wp-json\/wp\/v2\/types\/post"}],"author":[{"embeddable":true,"href":"https:\/\/blogs.diariosur.es\/tormentas-y-rayos\/wp-json\/wp\/v2\/users\/16"}],"replies":[{"embeddable":true,"href":"https:\/\/blogs.diariosur.es\/tormentas-y-rayos\/wp-json\/wp\/v2\/comments?post=45477"}],"version-history":[{"count":2,"href":"https:\/\/blogs.diariosur.es\/tormentas-y-rayos\/wp-json\/wp\/v2\/posts\/45477\/revisions"}],"predecessor-version":[{"id":46529,"href":"https:\/\/blogs.diariosur.es\/tormentas-y-rayos\/wp-json\/wp\/v2\/posts\/45477\/revisions\/46529"}],"wp:featuredmedia":[{"embeddable":true,"href":"https:\/\/blogs.diariosur.es\/tormentas-y-rayos\/wp-json\/wp\/v2\/media\/45236"}],"wp:attachment":[{"href":"https:\/\/blogs.diariosur.es\/tormentas-y-rayos\/wp-json\/wp\/v2\/media?parent=45477"}],"wp:term":[{"taxonomy":"category","embeddable":true,"href":"https:\/\/blogs.diariosur.es\/tormentas-y-rayos\/wp-json\/wp\/v2\/categories?post=45477"},{"taxonomy":"post_tag","embeddable":true,"href":"https:\/\/blogs.diariosur.es\/tormentas-y-rayos\/wp-json\/wp\/v2\/tags?post=45477"}],"curies":[{"name":"wp","href":"https:\/\/api.w.org\/{rel}","templated":true}]}}