{"id":45482,"date":"2025-07-17T08:00:19","date_gmt":"2025-07-17T06:00:19","guid":{"rendered":"https:\/\/blogs.diariosur.es\/tormentas-y-rayos\/?p=45482"},"modified":"2025-10-04T11:01:43","modified_gmt":"2025-10-04T09:01:43","slug":"aviso-naranja-por-altas-temperaturas-hoy-jueves-en-la-comarca-de-antequera-amarillo-en-guadalhorce","status":"publish","type":"post","link":"https:\/\/blogs.diariosur.es\/tormentas-y-rayos\/2025\/07\/17\/aviso-naranja-por-altas-temperaturas-hoy-jueves-en-la-comarca-de-antequera-amarillo-en-guadalhorce\/","title":{"rendered":"Aviso naranja por altas temperaturas hoy jueves en la comarca de Antequera, amarillo en Guadalhorce"},"content":{"rendered":"<p><a href=\"https:\/\/static-blogs.diariosur.es\/wp-content\/uploads\/sites\/12\/2025\/07\/72999690_10217709542349272_7908844429161529344_n.jpg\"><img loading=\"lazy\" class=\"aligncenter size-thumbnail wp-image-45292\" src=\"https:\/\/static-blogs.diariosur.es\/wp-content\/uploads\/sites\/12\/2025\/07\/72999690_10217709542349272_7908844429161529344_n-150x150.jpg\" alt=\"\" width=\"150\" height=\"150\" \/><\/a><\/p>\n<p data-pm-slice=\"1 1 []\">Buenos d\u00edas, amigos de la meteo. Nuevamente noche y madrugada tropical en M\u00e1laga capital; la humedad ha rondado el 82%, los cielos est\u00e1n despejados y el viento sopla flojo de direcci\u00f3n variable. Al igual que ayer, hay probabilidad de tar\u00f3 en algunos puntos de la costa malague\u00f1a. La m\u00e1xima en M\u00e1laga capital rondar\u00e1 entre los 29 y 31 \u00baC. La temperatura del agua del mar en M\u00e1laga capital ronda hoy entre los 20,5 y 21,5 \u00baC.<\/p>\n<h3><strong>Aviso naranja por altas temperaturas hoy jueves en la comarca de Antequera, amarillo en Guadalhorce.<\/strong><\/h3>\n<p>&nbsp;<\/p>\n<p><a href=\"https:\/\/static-blogs.diariosur.es\/wp-content\/uploads\/sites\/12\/2025\/07\/Captura-de-pantalla-2025-07-17-073144.jpg\"><img loading=\"lazy\" class=\"aligncenter size-full wp-image-45486\" src=\"https:\/\/static-blogs.diariosur.es\/wp-content\/uploads\/sites\/12\/2025\/07\/Captura-de-pantalla-2025-07-17-073144.jpg\" alt=\"\" width=\"1035\" height=\"814\" srcset=\"https:\/\/static-blogs.diariosur.es\/wp-content\/uploads\/sites\/12\/2025\/07\/Captura-de-pantalla-2025-07-17-073144.jpg 1035w, https:\/\/static-blogs.diariosur.es\/wp-content\/uploads\/sites\/12\/2025\/07\/Captura-de-pantalla-2025-07-17-073144-509x400.jpg 509w, https:\/\/static-blogs.diariosur.es\/wp-content\/uploads\/sites\/12\/2025\/07\/Captura-de-pantalla-2025-07-17-073144-519x408.jpg 519w, https:\/\/static-blogs.diariosur.es\/wp-content\/uploads\/sites\/12\/2025\/07\/Captura-de-pantalla-2025-07-17-073144-768x604.jpg 768w\" sizes=\"(max-width: 1035px) 100vw, 1035px\" \/><\/a><\/p>\n<p>&nbsp;<\/p>\n<p><span style=\"color: #ff0000;\"><strong>Aviso amarillo<\/strong><\/span><\/p>\n<p>Hasta que no actualicen los nuevos mapas por zonas en la provincia de M\u00e1laga lo veremos as\u00ed. Por eso Aemet pone en su nota informativa solo Guadalhorce. Es probable que en Pizarra y \u00c1lora lleguen a 38 \u00baC<\/p>\n<table class=\"table\">\n<tbody>\n<tr data-tipo-av=\"AT\">\n<td><span class=\"la-zona-zona\" data-zona-id=\"612903\">Sol y Guadalhorce<\/span>&#8211;<span class=\"la-zona-provincia\" data-zona-id=\"6129\">M\u00e1laga<\/span><\/td>\n<td>17\/07\/2025 13:00<\/td>\n<td>17\/07\/2025 20:59<\/td>\n<td class=\"col-fin\">Temperatura m\u00e1xima: 36 \u00baC. <strong>Este aviso se refiere exclusivamente al valle del Guadalhorce.<\/strong><\/td>\n<\/tr>\n<\/tbody>\n<\/table>\n<p><span style=\"color: #ff0000;\"><strong>Aviso naranja<\/strong><\/span><\/p>\n<table class=\"table\">\n<tbody>\n<tr data-tipo-av=\"AT\">\n<td><span class=\"la-zona-zona\" data-zona-id=\"612901\">\u00a0Comarca de Antequera<\/span><\/td>\n<td>17\/07\/2025 13:00<\/td>\n<td>17\/07\/2025 20:59<\/td>\n<td class=\"col-fin\">Temperatura m\u00e1xima:<strong> 40 \u00baC<\/strong>.<\/td>\n<\/tr>\n<\/tbody>\n<\/table>\n<p>&nbsp;<\/p>\n<p>Luego, sobre las once de la ma\u00f1ana, actualizare el blog para dar la \u00faltima hora del terral de ma\u00f1ana y el s\u00e1bado.<\/p>\n<p>&nbsp;<\/p>\n<p>&nbsp;<\/p>\n","protected":false},"excerpt":{"rendered":"<p>Buenos d\u00edas, amigos de la meteo. Nuevamente noche y madrugada tropical en M\u00e1laga capital; la humedad ha rondado el 82%, los cielos est\u00e1n despejados y el viento sopla flojo de direcci\u00f3n variable. Al igual que ayer, hay probabilidad de tar\u00f3 en algunos puntos de la costa malague\u00f1a. La m\u00e1xima en M\u00e1laga capital rondar\u00e1 entre los [&hellip;]<\/p>\n","protected":false},"author":16,"featured_media":45487,"comment_status":"open","ping_status":"open","sticky":false,"template":"","format":"standard","meta":[],"categories":[2],"tags":[81,151,358,587,676,800,962],"_links":{"self":[{"href":"https:\/\/blogs.diariosur.es\/tormentas-y-rayos\/wp-json\/wp\/v2\/posts\/45482"}],"collection":[{"href":"https:\/\/blogs.diariosur.es\/tormentas-y-rayos\/wp-json\/wp\/v2\/posts"}],"about":[{"href":"https:\/\/blogs.diariosur.es\/tormentas-y-rayos\/wp-json\/wp\/v2\/types\/post"}],"author":[{"embeddable":true,"href":"https:\/\/blogs.diariosur.es\/tormentas-y-rayos\/wp-json\/wp\/v2\/users\/16"}],"replies":[{"embeddable":true,"href":"https:\/\/blogs.diariosur.es\/tormentas-y-rayos\/wp-json\/wp\/v2\/comments?post=45482"}],"version-history":[{"count":7,"href":"https:\/\/blogs.diariosur.es\/tormentas-y-rayos\/wp-json\/wp\/v2\/posts\/45482\/revisions"}],"predecessor-version":[{"id":46528,"href":"https:\/\/blogs.diariosur.es\/tormentas-y-rayos\/wp-json\/wp\/v2\/posts\/45482\/revisions\/46528"}],"wp:featuredmedia":[{"embeddable":true,"href":"https:\/\/blogs.diariosur.es\/tormentas-y-rayos\/wp-json\/wp\/v2\/media\/45487"}],"wp:attachment":[{"href":"https:\/\/blogs.diariosur.es\/tormentas-y-rayos\/wp-json\/wp\/v2\/media?parent=45482"}],"wp:term":[{"taxonomy":"category","embeddable":true,"href":"https:\/\/blogs.diariosur.es\/tormentas-y-rayos\/wp-json\/wp\/v2\/categories?post=45482"},{"taxonomy":"post_tag","embeddable":true,"href":"https:\/\/blogs.diariosur.es\/tormentas-y-rayos\/wp-json\/wp\/v2\/tags?post=45482"}],"curies":[{"name":"wp","href":"https:\/\/api.w.org\/{rel}","templated":true}]}}