{"id":45491,"date":"2025-07-17T11:23:00","date_gmt":"2025-07-17T09:23:00","guid":{"rendered":"https:\/\/blogs.diariosur.es\/tormentas-y-rayos\/?p=45491"},"modified":"2025-10-04T11:00:17","modified_gmt":"2025-10-04T09:00:17","slug":"se-activa-el-aviso-naranja-por-altas-temperaturas-para-manana-viernes-en-sol-y-guadalhorce-amarillo-en-la-axarquia","status":"publish","type":"post","link":"https:\/\/blogs.diariosur.es\/tormentas-y-rayos\/2025\/07\/17\/se-activa-el-aviso-naranja-por-altas-temperaturas-para-manana-viernes-en-sol-y-guadalhorce-amarillo-en-la-axarquia\/","title":{"rendered":"Se activa el aviso naranja por altas temperaturas para ma\u00f1ana viernes en Sol y Guadalhorce, amarillo en la Axarqu\u00eda"},"content":{"rendered":"<p><a href=\"https:\/\/static-blogs.diariosur.es\/wp-content\/uploads\/sites\/12\/2025\/06\/130738248_10221381944997043_6257362087676436516_n.jpg\"><img loading=\"lazy\" class=\"aligncenter size-thumbnail wp-image-44989\" src=\"https:\/\/static-blogs.diariosur.es\/wp-content\/uploads\/sites\/12\/2025\/06\/130738248_10221381944997043_6257362087676436516_n-150x150.jpg\" alt=\"\" width=\"150\" height=\"150\" srcset=\"https:\/\/static-blogs.diariosur.es\/wp-content\/uploads\/sites\/12\/2025\/06\/130738248_10221381944997043_6257362087676436516_n-150x150.jpg 150w, https:\/\/static-blogs.diariosur.es\/wp-content\/uploads\/sites\/12\/2025\/06\/130738248_10221381944997043_6257362087676436516_n-400x400.jpg 400w, https:\/\/static-blogs.diariosur.es\/wp-content\/uploads\/sites\/12\/2025\/06\/130738248_10221381944997043_6257362087676436516_n-408x408.jpg 408w, https:\/\/static-blogs.diariosur.es\/wp-content\/uploads\/sites\/12\/2025\/06\/130738248_10221381944997043_6257362087676436516_n.jpg 768w\" sizes=\"(max-width: 150px) 100vw, 150px\" \/><\/a><\/p>\n<p data-pm-slice=\"1 1 []\">Buenos d\u00edas de nuevo, amigos de la meteo. Se activa el aviso naranja ma\u00f1ana viernes por altas temperaturas en Sol y Guadalhorce, amarillo en la Axarqu\u00eda.<\/p>\n<p>En la capital, a primeras horas de la ma\u00f1ana hay probabilidad de nubes bajas y medias e incluso bancos de tar\u00f3 en alta mar; tendremos viento de suroeste. Sobre las dos de la tarde entrar\u00e1 el terral; llegar\u00e1 a toda la capital en el transcurso de la tarde. Habr\u00e1 momentos de diferencia de temperatura entre la zona del Puerto, Aeropuerto y Teatinos. En el Valle del Guadalhorce se espera antes.<\/p>\n<p>La buena noticia es que el s\u00e1bado, aunque tengamos terral, no se esperan temperaturas m\u00e1ximas muy altas. Rondar\u00e1n entre los 35 y 37 \u00baC en las zonas habituales que entre el terral. Es probable que tambi\u00e9n se active para el s\u00e1bado el aviso amarillo.<\/p>\n<p>Os pongo el mapa de avisos.<\/p>\n<p>Aviso naranja<\/p>\n<table class=\"table\">\n<tbody>\n<tr data-tipo-av=\"AT\">\n<td><span class=\"la-zona-zona\" data-zona-id=\"612903\">Sol y Guadalhorce<\/span>&#8211;<span class=\"la-zona-provincia\" data-zona-id=\"6129\">M\u00e1laga<\/span><\/td>\n<td>18\/07\/2025 13:00<\/td>\n<td>18\/07\/2025 20:59<\/td>\n<td class=\"col-fin\"><strong>Temperatura m\u00e1xima: 39 \u00baC<\/strong>.<\/td>\n<\/tr>\n<\/tbody>\n<\/table>\n<p>&nbsp;<\/p>\n<p>Aviso amarillo<\/p>\n<table class=\"table\">\n<tbody>\n<tr data-tipo-av=\"AT\">\n<td><span class=\"la-zona-zona\" data-zona-id=\"612904\">Axarqu\u00eda<\/span>&#8211;<span class=\"la-zona-provincia\" data-zona-id=\"6129\">M\u00e1laga<\/span><\/td>\n<td>18\/07\/2025 13:00<\/td>\n<td>18\/07\/2025 20:59<\/td>\n<td class=\"col-fin\">Temperatura m\u00e1xima: 36 \u00baC.<\/td>\n<\/tr>\n<\/tbody>\n<\/table>\n<p>&nbsp;<\/p>\n<p><a href=\"https:\/\/static-blogs.diariosur.es\/wp-content\/uploads\/sites\/12\/2025\/07\/Captura-de-pantalla-2025-07-17-110400-e1752743087609.jpg\"><img loading=\"lazy\" class=\"aligncenter size-full wp-image-45492\" src=\"https:\/\/static-blogs.diariosur.es\/wp-content\/uploads\/sites\/12\/2025\/07\/Captura-de-pantalla-2025-07-17-110400-e1752743087609.jpg\" alt=\"\" width=\"1000\" height=\"831\" \/><\/a><\/p>\n<p>&nbsp;<\/p>\n","protected":false},"excerpt":{"rendered":"<p>Buenos d\u00edas de nuevo, amigos de la meteo. Se activa el aviso naranja ma\u00f1ana viernes por altas temperaturas en Sol y Guadalhorce, amarillo en la Axarqu\u00eda. En la capital, a primeras horas de la ma\u00f1ana hay probabilidad de nubes bajas y medias e incluso bancos de tar\u00f3 en alta mar; tendremos viento de suroeste. Sobre [&hellip;]<\/p>\n","protected":false},"author":16,"featured_media":45492,"comment_status":"open","ping_status":"open","sticky":false,"template":"","format":"standard","meta":[],"categories":[2],"tags":[151,358,587,676,800],"_links":{"self":[{"href":"https:\/\/blogs.diariosur.es\/tormentas-y-rayos\/wp-json\/wp\/v2\/posts\/45491"}],"collection":[{"href":"https:\/\/blogs.diariosur.es\/tormentas-y-rayos\/wp-json\/wp\/v2\/posts"}],"about":[{"href":"https:\/\/blogs.diariosur.es\/tormentas-y-rayos\/wp-json\/wp\/v2\/types\/post"}],"author":[{"embeddable":true,"href":"https:\/\/blogs.diariosur.es\/tormentas-y-rayos\/wp-json\/wp\/v2\/users\/16"}],"replies":[{"embeddable":true,"href":"https:\/\/blogs.diariosur.es\/tormentas-y-rayos\/wp-json\/wp\/v2\/comments?post=45491"}],"version-history":[{"count":4,"href":"https:\/\/blogs.diariosur.es\/tormentas-y-rayos\/wp-json\/wp\/v2\/posts\/45491\/revisions"}],"predecessor-version":[{"id":46527,"href":"https:\/\/blogs.diariosur.es\/tormentas-y-rayos\/wp-json\/wp\/v2\/posts\/45491\/revisions\/46527"}],"wp:featuredmedia":[{"embeddable":true,"href":"https:\/\/blogs.diariosur.es\/tormentas-y-rayos\/wp-json\/wp\/v2\/media\/45492"}],"wp:attachment":[{"href":"https:\/\/blogs.diariosur.es\/tormentas-y-rayos\/wp-json\/wp\/v2\/media?parent=45491"}],"wp:term":[{"taxonomy":"category","embeddable":true,"href":"https:\/\/blogs.diariosur.es\/tormentas-y-rayos\/wp-json\/wp\/v2\/categories?post=45491"},{"taxonomy":"post_tag","embeddable":true,"href":"https:\/\/blogs.diariosur.es\/tormentas-y-rayos\/wp-json\/wp\/v2\/tags?post=45491"}],"curies":[{"name":"wp","href":"https:\/\/api.w.org\/{rel}","templated":true}]}}