{"id":45496,"date":"2025-07-18T09:34:49","date_gmt":"2025-07-18T07:34:49","guid":{"rendered":"https:\/\/blogs.diariosur.es\/tormentas-y-rayos\/?p=45496"},"modified":"2025-10-04T10:59:00","modified_gmt":"2025-10-04T08:59:00","slug":"es-probable-que-los-avisos-por-altas-temperaturas-por-terral-se-activen-hasta-el-lunes-en-las-zonas-habituales","status":"publish","type":"post","link":"https:\/\/blogs.diariosur.es\/tormentas-y-rayos\/2025\/07\/18\/es-probable-que-los-avisos-por-altas-temperaturas-por-terral-se-activen-hasta-el-lunes-en-las-zonas-habituales\/","title":{"rendered":"Es probable que los avisos por altas temperaturas por terral, se activen hasta el lunes en las zonas habituales de la provincia de M\u00e1laga"},"content":{"rendered":"<p>&nbsp;<\/p>\n<p><a href=\"https:\/\/static-blogs.diariosur.es\/wp-content\/uploads\/sites\/12\/2025\/07\/444912498_10228884468795449_97962860407814916_n.jpg\"><img loading=\"lazy\" class=\"aligncenter size-thumbnail wp-image-45498\" src=\"https:\/\/static-blogs.diariosur.es\/wp-content\/uploads\/sites\/12\/2025\/07\/444912498_10228884468795449_97962860407814916_n-150x150.jpg\" alt=\"\" width=\"150\" height=\"150\" \/><\/a><\/p>\n<p data-pm-slice=\"1 1 []\">Buenos d\u00edas, amigos de la meteo. Como os coment\u00e9 ayer, hasta por la tarde no espero que entre el terral en M\u00e1laga capital y Axarqu\u00eda; lo har\u00e1 antes en la zona de Estepona y Valle del Guadalhorce. De momento no hay activos avisos para ma\u00f1ana s\u00e1bado y el domingo por altas temperaturas, pero es muy probable que en nuevas actualizaciones se activen, incluido el lunes. La temperatura del agua del mar se pondr\u00e1 muy fr\u00eda estos d\u00edas. Se esperan rachas fuertes de poniente y terral. Las comarcas de Ronda y Antequera tendr\u00e1n una bajada notable de temperaturas.<\/p>\n<p>Al final del d\u00eda veremos las temperaturas m\u00e1ximas que se han dado en la provincia malague\u00f1a.<\/p>\n<p>Hasta luego.<\/p>\n<p>&nbsp;<\/p>\n<p>&nbsp;<\/p>\n","protected":false},"excerpt":{"rendered":"<p>&nbsp; Buenos d\u00edas, amigos de la meteo. Como os coment\u00e9 ayer, hasta por la tarde no espero que entre el terral en M\u00e1laga capital y Axarqu\u00eda; lo har\u00e1 antes en la zona de Estepona y Valle del Guadalhorce. De momento no hay activos avisos para ma\u00f1ana s\u00e1bado y el domingo por altas temperaturas, pero es [&hellip;]<\/p>\n","protected":false},"author":16,"featured_media":45499,"comment_status":"open","ping_status":"open","sticky":false,"template":"","format":"standard","meta":[],"categories":[2],"tags":[81,151,358,587,676,800,962,975],"_links":{"self":[{"href":"https:\/\/blogs.diariosur.es\/tormentas-y-rayos\/wp-json\/wp\/v2\/posts\/45496"}],"collection":[{"href":"https:\/\/blogs.diariosur.es\/tormentas-y-rayos\/wp-json\/wp\/v2\/posts"}],"about":[{"href":"https:\/\/blogs.diariosur.es\/tormentas-y-rayos\/wp-json\/wp\/v2\/types\/post"}],"author":[{"embeddable":true,"href":"https:\/\/blogs.diariosur.es\/tormentas-y-rayos\/wp-json\/wp\/v2\/users\/16"}],"replies":[{"embeddable":true,"href":"https:\/\/blogs.diariosur.es\/tormentas-y-rayos\/wp-json\/wp\/v2\/comments?post=45496"}],"version-history":[{"count":3,"href":"https:\/\/blogs.diariosur.es\/tormentas-y-rayos\/wp-json\/wp\/v2\/posts\/45496\/revisions"}],"predecessor-version":[{"id":46526,"href":"https:\/\/blogs.diariosur.es\/tormentas-y-rayos\/wp-json\/wp\/v2\/posts\/45496\/revisions\/46526"}],"wp:featuredmedia":[{"embeddable":true,"href":"https:\/\/blogs.diariosur.es\/tormentas-y-rayos\/wp-json\/wp\/v2\/media\/45499"}],"wp:attachment":[{"href":"https:\/\/blogs.diariosur.es\/tormentas-y-rayos\/wp-json\/wp\/v2\/media?parent=45496"}],"wp:term":[{"taxonomy":"category","embeddable":true,"href":"https:\/\/blogs.diariosur.es\/tormentas-y-rayos\/wp-json\/wp\/v2\/categories?post=45496"},{"taxonomy":"post_tag","embeddable":true,"href":"https:\/\/blogs.diariosur.es\/tormentas-y-rayos\/wp-json\/wp\/v2\/tags?post=45496"}],"curies":[{"name":"wp","href":"https:\/\/api.w.org\/{rel}","templated":true}]}}